{"id":461906,"date":"2025-10-14T08:21:14","date_gmt":"2025-10-14T08:21:14","guid":{"rendered":"https:\/\/www.europesays.com\/fr\/461906\/"},"modified":"2025-10-14T08:21:14","modified_gmt":"2025-10-14T08:21:14","slug":"lea-salame-confond-dominique-bernard-et-samuel-paty-au-20-heures-elle-presente-ses-excuses","status":"publish","type":"post","link":"https:\/\/www.europesays.com\/fr\/461906\/","title":{"rendered":"L\u00e9a Salam\u00e9 confond Dominique Bernard et Samuel Paty au 20-Heures, elle pr\u00e9sente ses excuses"},"content":{"rendered":"<p>        <img decoding=\"async\" loading=\"lazy\" src=\"https:\/\/www.europesays.com\/fr\/wp-content\/uploads\/2025\/10\/ae5d8c8_upload-1-5fsohg1a6xei-afp-20250904-73fx9rq-v2-highres-francepoliticsgovernmentbayrou.jpg\"  width=\"728\" height=\"410\" alt=\"L\u00e9a Salam\u00e9 fait une grossi\u00e8re erreur au 20\u00a0heures, col\u00e8re des enseignants et excuses de France T\u00e9l\u00e9visions. (image d\u2019illustration)\"\/>  <\/p>\n<p>LUDOVIC MARIN \/ AFP<\/p>\n<p>L\u00e9a Salam\u00e9 fait une grossi\u00e8re erreur au 20\u00a0heures, col\u00e8re des enseignants et excuses de France T\u00e9l\u00e9visions. (image d\u2019illustration)<\/p>\n<p class=\"asset asset-text\">T\u00c9L\u00c9VISION &#8211; L\u2019intention \u00e9tait bonne, mais la mise en forme laisse \u00e0 d\u00e9sirer. Dans le journal de 20-Heures diffus\u00e9 sur France 2\u00a0le lundi 13\u00a0octobre, <a href=\"https:\/\/www.huffingtonpost.fr\/medias\/article\/lea-salame-n-a-pas-tout-de-suite-voulu-du-20-heures-de-france-2-elle-avait-d-autres-reves_255281.html\" target=\"_blank\" rel=\"noopener\">L\u00e9a Salam\u00e9<\/a> a voulu rendre hommage \u00e0 <a href=\"https:\/\/www.huffingtonpost.fr\/nos-videos\/video\/morts-de-samuel-paty-et-dominique-bernard-la-minute-de-silence-de-michel-barnier-a-conflans-sainte-honorine_240868.html\" target=\"_blank\" rel=\"noopener\">Dominique Bernard<\/a>, l\u2019enseignant tu\u00e9 dans un lyc\u00e9e d\u2019Arras, deux ans tr\u00e8s exactement apr\u00e8s sa mort. Le professeur de fran\u00e7ais avait succomb\u00e9 aux coups de couteau d\u2019un ancien \u00e9l\u00e8ve radicalis\u00e9, fich\u00e9 S, et qui avait pr\u00eat\u00e9 all\u00e9geance au groupe \u00c9tat islamique.<\/p>\n<p class=\"asset asset-text\">Il s\u2019\u00e9tait introduit dans le lyc\u00e9e Gambetta-Carnot faisant trois bless\u00e9s et tuant Dominique Bernard qui s\u2019\u00e9tait interpos\u00e9 pour prot\u00e9ger les \u00e9l\u00e8ves. Un attentat commis presque trois ans jour pour jour apr\u00e8s l\u2019assassinat de <a href=\"https:\/\/www.huffingtonpost.fr\/france\/article\/le-college-de-samuel-paty-a-officiellement-pris-son-nom-quatre-ans-apres-son-assassinat-par-un-terroriste_247486.html\" target=\"_blank\" rel=\"noopener\">Samuel Paty<\/a>, un professeur d\u2019histoire-g\u00e9ographie tu\u00e9 \u00e0 la sortie de son coll\u00e8ge de Conflans-Sainte-Honorine, lui aussi par un terroriste islamiste.<\/p>\n<p class=\"asset asset-text\">Ces deux drames ont marqu\u00e9 les esprits en France et dans la communaut\u00e9 enseignante\u2026 mais ils ont \u00e9t\u00e9 confondus par L\u00e9a Salam\u00e9 au 20-Heures. Dans son JT de lundi, la pr\u00e9sentatrice a mentionn\u00e9 \u00ab\u00a0l\u2019hommage\u00a0\u00bb organis\u00e9 le matin m\u00eame \u00e0 Arras en l\u2019honneur de Dominique Bernard, \u00ab\u00a0assassin\u00e9 il y a deux ans jour pour jour dans une attaque terroriste par un \u00e9l\u00e8ve radicalis\u00e9\u00a0\u00bb.<\/p>\n<p>    Des enseignants \u00ab\u00a0en col\u00e8re\u00a0\u00bb et \u00ab\u00a0d\u00e9go\u00fbt\u00e9s\u00a0\u00bb    <\/p>\n<p class=\"asset asset-text\">Mais <strong>comme vous pouvez le voir dans la vid\u00e9o ci-dessous<\/strong>, L\u00e9a Salam\u00e9 a ensuite indiqu\u00e9 qu\u2019il avait \u00e9t\u00e9 cibl\u00e9 par le terroriste pour avoir \u00ab\u00a0montr\u00e9 des caricatures de Charlie Hebdo\u00a0\u00bb. Elle a confondu deux \u00e9v\u00e8nements, puisque c\u2019est Samuel Paty qui avait montr\u00e9 des dessins de l\u2019hebdomadaire satirique \u00e0 ses \u00e9l\u00e8ves, dont certains repr\u00e9sentaient le proph\u00e8te Mahomet.<\/p>\n<p> La lecture de ce contenu est susceptible d\u2019entra\u00eener un d\u00e9p\u00f4t de cookies de la part de l\u2019op\u00e9rateur tiers qui l\u2019h\u00e9berge. Compte-tenu des choix que vous avez exprim\u00e9s en mati\u00e8re de d\u00e9p\u00f4t de cookies, nous avons bloqu\u00e9 l\u2019affichage de ce contenu. Si vous souhaitez y acc\u00e9der, vous devez accepter la cat\u00e9gorie de cookies \u201cContenus tiers\u201d en cliquant sur le bouton ci-dessous. <\/p>\n<p> Lire la Vid\u00e9o        <\/p>\n<p class=\"asset asset-text\">La confusion n\u2019a pas \u00e9chapp\u00e9 au collectif enseignant les Stylos Rouges, mobilis\u00e9 sur les r\u00e9seaux sociaux pour \u00ab\u00a0faire entendre les revendications\u00a0\u00bb des personnels de l\u2019\u00c9ducation nationale. Dans un message sur X, ses membres se sont dits \u00ab\u00a0outr\u00e9s, en col\u00e8re\u00a0\u00bb et \u00ab\u00a0d\u00e9go\u00fbt\u00e9s\u00a0\u00bb. \u00ab\u00a0Quelle honte\u00a0! Quel m\u00e9pris pour leurs familles\u00a0!\u00a0\u00bb, ont-ils \u00e9crit, ajoutant que \u00ab\u00a0confondre les raisons de l\u2019assassinat de nos deux coll\u00e8gues est une honte\u00a0\u00bb.<\/p>\n<p class=\"asset asset-text\">D\u2019autres enseignants ont aussi fait part de leur indignation sur les r\u00e9seaux sociaux. \u00ab\u00a0Comment une erreur pareille ne peut-elle pas \u00eatre corrig\u00e9e au cours m\u00eame du direct\u00a0?\u00a0\u00bb, demande un internaute qui se pr\u00e9sente comme un \u00ab\u00a0prof en col\u00e8re\u00a0\u00bb, quand un autre, \u00ab\u00a0prof de physique-chimie\u00a0\u00bb, invite L\u00e9a Salam\u00e9 \u00e0 \u00ab\u00a0retravailler ses dossiers\u00a0\u00bb.<\/p>\n<p class=\"asset asset-text\">L\u2019\u00ab\u00a0amalgame\u00a0\u00bb entre Samuel Paty et Dominique Bernard \u00ab\u00a0traduit bien le peu d\u2019estime port\u00e9 aux enseignants aujourd\u2019hui\u00a0\u00bb, affirme pour sa part une professeur de \u00ab\u00a0lettres-espagnol en lyc\u00e9e pro\u00a0\u00bb, regrettant qu\u2019\u00ab\u00a0un prof assassin\u00e9 en [vaille] bien un autre\u00a0\u00bb.<\/p>\n<p> La lecture de ce contenu est susceptible d\u2019entra\u00eener un d\u00e9p\u00f4t de cookies de la part de l\u2019op\u00e9rateur tiers qui l\u2019h\u00e9berge. Compte-tenu des choix que vous avez exprim\u00e9s en mati\u00e8re de d\u00e9p\u00f4t de cookies, nous avons bloqu\u00e9 l\u2019affichage de ce contenu. Si vous souhaitez y acc\u00e9der, vous devez accepter la cat\u00e9gorie de cookies \u201cContenus tiers\u201d en cliquant sur le bouton ci-dessous. <\/p>\n<p> Lire la Vid\u00e9o           <\/p>\n<p> La lecture de ce contenu est susceptible d\u2019entra\u00eener un d\u00e9p\u00f4t de cookies de la part de l\u2019op\u00e9rateur tiers qui l\u2019h\u00e9berge. Compte-tenu des choix que vous avez exprim\u00e9s en mati\u00e8re de d\u00e9p\u00f4t de cookies, nous avons bloqu\u00e9 l\u2019affichage de ce contenu. Si vous souhaitez y acc\u00e9der, vous devez accepter la cat\u00e9gorie de cookies \u201cContenus tiers\u201d en cliquant sur le bouton ci-dessous. <\/p>\n<p> Lire la Vid\u00e9o           <\/p>\n<p> La lecture de ce contenu est susceptible d\u2019entra\u00eener un d\u00e9p\u00f4t de cookies de la part de l\u2019op\u00e9rateur tiers qui l\u2019h\u00e9berge. Compte-tenu des choix que vous avez exprim\u00e9s en mati\u00e8re de d\u00e9p\u00f4t de cookies, nous avons bloqu\u00e9 l\u2019affichage de ce contenu. Si vous souhaitez y acc\u00e9der, vous devez accepter la cat\u00e9gorie de cookies \u201cContenus tiers\u201d en cliquant sur le bouton ci-dessous. <\/p>\n<p> Lire la Vid\u00e9o        \u00ab\u00a0Un erratum sera fait \u00e0 l\u2019antenne\u00a0\u00e0 13h et \u00e0 20h\u00a0\u00bb    <\/p>\n<p class=\"asset asset-text\">L\u00e9a Salam\u00e9 n\u2019en est pas \u00e0 sa premi\u00e8re pol\u00e9mique depuis sa prise de poste, tr\u00e8s scrut\u00e9e, au 20-Heures. Celle qui a succ\u00e9d\u00e9 \u00e0 Anne-Sophie Lapix a \u00e9t\u00e9 tr\u00e8s critiqu\u00e9e, notamment pour son <a href=\"https:\/\/www.huffingtonpost.fr\/divertissement\/article\/l-interview-de-marion-cotillard-par-lea-salame-s-invite-dans-quelle-epoque-et-laisse-la-journaliste-sans-voix_255072.html\" target=\"_blank\" rel=\"noopener\">interview de Marion Cotillard<\/a>, pour sa couverture du mouvement \u00ab\u00a0Bloquons tout\u00a0\u00bb. Face \u00e0 la violence de certaines attaques, plusieurs pr\u00e9sentateurs sont mont\u00e9s au cr\u00e9neau pour la d\u00e9fendre, notamment Claire Chazal et Thomas Sotto.<\/p>\n<p class=\"asset asset-text\">Ce mardi en d\u00e9but de matin\u00e9e, la journaliste a reconnu son erreur de la veille et pr\u00e9sent\u00e9 ses excuses \u00ab\u00a0\u00e0 la famille\u00a0\u00bb de Dominique Bernard \u00ab\u00a0au nom de France T\u00e9l\u00e9visions\u00a0\u00bb, dans un message publi\u00e9 sur X. \u00ab\u00a0Une erreur a \u00e9t\u00e9 commise hier \u00e0 13h et reprise \u00e0 20h lors de notre hommage\u00a0\u00bb, a-t-elle \u00e9crit, rappelant que l\u2019enseignant \u00ab\u00a0n\u2019a pas \u00e9t\u00e9 assassin\u00e9 apr\u00e8s avoir montr\u00e9 des caricatures\u00a0\u00bb et annon\u00e7ant qu\u2019\u00ab\u00a0un erratum sera fait \u00e0 l\u2019antenne, \u00e0 13h et \u00e0 20h\u00a0\u00bb. A la mi-journ\u00e9e, Julian Bugier avait en effet parl\u00e9 d\u2019un hommage \u00e0 Arras pour Dominique Bernard alors qu\u2019une photo de Samuel Paty s\u2019affichait \u00e0 l\u2019\u00e9cran.<\/p>\n<p class=\"asset asset-text\">D\u00e8s la soir\u00e9e de lundi, France T\u00e9l\u00e9visions avait pr\u00e9sent\u00e9 ses excuses via le compte X de franceinfo, reconnaissant que sa r\u00e9daction \u00ab\u00a0a commis une erreur\u00a0\u00bb en \u00ab\u00a0rendant hommage au professeur Dominique Bernard assassin\u00e9 il y a deux ans\u00a0\u00bb. Le professeur de fran\u00e7ais \u00ab\u00a0n\u2019a pas \u00e9t\u00e9, contrairement [\u00e0] Samuel Paty, assassin\u00e9 pour avoir pr\u00e9sent\u00e9 des caricatures de Mahomet \u00e0 ses \u00e9l\u00e8ves\u00a0\u00bb, poursuit le communiqu\u00e9.<\/p>\n<p class=\"asset asset-text\">Une minute de silence est organis\u00e9e ce mardi dans tous les lyc\u00e9es et coll\u00e8ges de France pour rendre hommage aux deux professeurs, \u00e0 10h.<\/p>\n","protected":false},"excerpt":{"rendered":"LUDOVIC MARIN \/ AFP L\u00e9a Salam\u00e9 fait une grossi\u00e8re erreur au 20\u00a0heures, col\u00e8re des enseignants et excuses de&hellip;\n","protected":false},"author":2,"featured_media":461907,"comment_status":"","ping_status":"","sticky":false,"template":"","format":"standard","meta":{"footnotes":""},"categories":[8],"tags":[32367,251,58,59,1011,27,594,3806,500,252,1254],"class_list":{"0":"post-461906","1":"post","2":"type-post","3":"status-publish","4":"format-standard","5":"has-post-thumbnail","7":"category-divertissement","8":"tag-20-heures","9":"tag-culture","10":"tag-divertissement","11":"tag-entertainment","12":"tag-fr","13":"tag-france","14":"tag-france-2","15":"tag-lea-salame","16":"tag-medias","17":"tag-television","18":"tag-terrorisme"},"share_on_mastodon":{"url":"https:\/\/pubeurope.com\/@fr\/115371553134349302","error":""},"_links":{"self":[{"href":"https:\/\/www.europesays.com\/fr\/wp-json\/wp\/v2\/posts\/461906","targetHints":{"allow":["GET"]}}],"collection":[{"href":"https:\/\/www.europesays.com\/fr\/wp-json\/wp\/v2\/posts"}],"about":[{"href":"https:\/\/www.europesays.com\/fr\/wp-json\/wp\/v2\/types\/post"}],"author":[{"embeddable":true,"href":"https:\/\/www.europesays.com\/fr\/wp-json\/wp\/v2\/users\/2"}],"replies":[{"embeddable":true,"href":"https:\/\/www.europesays.com\/fr\/wp-json\/wp\/v2\/comments?post=461906"}],"version-history":[{"count":0,"href":"https:\/\/www.europesays.com\/fr\/wp-json\/wp\/v2\/posts\/461906\/revisions"}],"wp:featuredmedia":[{"embeddable":true,"href":"https:\/\/www.europesays.com\/fr\/wp-json\/wp\/v2\/media\/461907"}],"wp:attachment":[{"href":"https:\/\/www.europesays.com\/fr\/wp-json\/wp\/v2\/media?parent=461906"}],"wp:term":[{"taxonomy":"category","embeddable":true,"href":"https:\/\/www.europesays.com\/fr\/wp-json\/wp\/v2\/categories?post=461906"},{"taxonomy":"post_tag","embeddable":true,"href":"https:\/\/www.europesays.com\/fr\/wp-json\/wp\/v2\/tags?post=461906"}],"curies":[{"name":"wp","href":"https:\/\/api.w.org\/{rel}","templated":true}]}}