{"id":461912,"date":"2025-10-14T08:24:17","date_gmt":"2025-10-14T08:24:17","guid":{"rendered":"https:\/\/www.europesays.com\/fr\/461912\/"},"modified":"2025-10-14T08:24:17","modified_gmt":"2025-10-14T08:24:17","slug":"lopposant-issa-tchiroma-bakary-revendique-une-victoire-claire","status":"publish","type":"post","link":"https:\/\/www.europesays.com\/fr\/461912\/","title":{"rendered":"l\u2019opposant Issa Tchiroma Bakary revendique une \u00ab\u00a0victoire claire\u00a0\u00bb"},"content":{"rendered":"<p>                          <img loading=\"lazy\" decoding=\"async\" src=\"https:\/\/www.europesays.com\/fr\/wp-content\/uploads\/2025\/10\/dec8145_ftp-import-images-1-zhe6zgk0r46i-2025-09-30t152243z-509621177-rc2c2havkfk2-rtrmadp-3-cameroo.jpeg\" alt=\"Issa Tchiroma Bakary lors d\u2019un meeting pr\u00e9sidentiel \u00e0 Yagoua (Cameroun), le 30\u00a0septembre 2025.\"   width=\"664\" height=\"443\"\/>    Issa Tchiroma Bakary lors d\u2019un meeting pr\u00e9sidentiel \u00e0 Yagoua (Cameroun), le 30\u00a0septembre 2025.  D\u00c9SIR\u00c9 DANGA ESSIGU\u00c9 \/ REUTERS                        <\/p>\n<p class=\"article__paragraph  \">Alors que les r\u00e9sultats officiels \u00e0 l\u2019\u00e9lection pr\u00e9sidentielle camerounaise de dimanche ne sont attendus que dans deux semaines, c\u2019est par un message publi\u00e9, mardi 14\u00a0octobre, sur sa page Facebook, que l\u2019ancien ministre et candidat de l\u2019opposition Issa Tchiroma Bakary a revendiqu\u00e9 la victoire.<\/p>\n<p class=\"article__paragraph  \">\u00ab\u00a0Notre victoire est claire. Elle doit \u00eatre respect\u00e9e\u00a0\u00bb, a d\u00e9clar\u00e9 Issa Tchiroma Bakary, qui d\u00e9fie le pr\u00e9sident sortant, Paul Biya, au pouvoir depuis quarante-trois\u00a0ans, appelant le r\u00e9gime \u00e0 \u00ab\u00a0accepter la v\u00e9rit\u00e9 des urnes\u00a0\u00bb ou \u00e0 \u00ab\u00a0plonger le pays dans un tourment\u00a0\u00bb. \u00ab\u00a0Le peuple a choisi, et ce choix doit \u00eatre respect\u00e9\u00a0\u00bb, a-t-il insist\u00e9, promettant de publier un rapport d\u00e9taill\u00e9 des r\u00e9sultats par r\u00e9gion.<\/p>\n<p>                                     Lire le reportage |  Article r\u00e9serv\u00e9 \u00e0 nos abonn\u00e9s  <a href=\"https:\/\/www.lemonde.fr\/afrique\/article\/2025\/10\/12\/election-presidentielle-au-cameroun-face-a-paul-biya-l-espoir-d-un-changement_6645894_3212.html\" class=\"js-article-read-also catcher--favoris__link\" data-premium=\"1\" id=\"article-title-3441615\" rel=\"nofollow noopener\" target=\"_blank\">Election pr\u00e9sidentielle au Cameroun\u00a0: face \u00e0 Paul Biya, 92\u00a0ans, l\u2019espoir d\u2019un changement<\/a>    <\/p>\n<p>   Lire plus tard  <\/p>\n<p>                        Proclamation du r\u00e9sultat du vote par le Conseil constitutionnel                  <\/p>\n<p class=\"article__paragraph  \">S\u2019il est autoris\u00e9 de rendre public les proc\u00e8s-verbaux de chacun des bureaux de vote, il est, en revanche, ill\u00e9gal de proclamer le r\u00e9sultat du vote avant le Conseil constitutionnel. \u00ab\u00a0C\u2019est la ligne rouge \u00e0 ne pas franchir\u00a0\u00bb, a rappel\u00e9 le ministre de l\u2019administration territoriale, Paul Atanga Nji, lors d\u2019une conf\u00e9rence de presse dimanche soir.<\/p>\n<p class=\"article__paragraph  \">Les autorit\u00e9s n\u2019ont ni communiqu\u00e9 le taux de participation ni pr\u00e9cis\u00e9 la date exacte de proclamation des r\u00e9sultats, pr\u00e9vue avant le 26\u00a0octobre par le Conseil constitutionnel, alors que des craintes de fraude persistent en faveur de Paul Biya, 92\u00a0ans, r\u00e9\u00e9lu avec plus de 70\u00a0% des voix depuis plus de deux d\u00e9cennies.<\/p>\n<p class=\"article__paragraph  \">En\u00a02018, lors de la derni\u00e8re pr\u00e9sidentielle, Maurice Kamto, arriv\u00e9 deuxi\u00e8me du scrutin et dont la candidature a \u00e9t\u00e9 rejet\u00e9e cette ann\u00e9e, s\u2019\u00e9tait proclam\u00e9 vainqueur au lendemain du vote. Kamto avait ensuite \u00e9t\u00e9 arr\u00eat\u00e9, et les rassemblements de ses partisans dispers\u00e9s \u00e0 coups de gaz lacrymog\u00e8nes et canons \u00e0 eau, et des dizaines de manifestants arr\u00eat\u00e9s \u2013 certains sont toujours emprisonn\u00e9s.<\/p>\n<p>                                     Lire aussi |  Article r\u00e9serv\u00e9 \u00e0 nos abonn\u00e9s  <a href=\"https:\/\/www.lemonde.fr\/afrique\/article\/2025\/10\/13\/election-presidentielle-au-cameroun-l-opposition-retient-son-souffle_6646259_3212.html\" class=\"js-article-read-also catcher--favoris__link\" data-premium=\"1\" id=\"article-title-3441616\" rel=\"nofollow noopener\" target=\"_blank\">Election pr\u00e9sidentielle au Cameroun\u00a0: l\u2019opposition retient son souffle<\/a>    <\/p>\n<p>   Lire plus tard  <\/p>\n<p class=\"author__detail\">  Le Monde avec AFP  <\/p>\n<p>                  <a href=\"https:\/\/www.lemonde.fr\/syndication\/\" class=\"reuse__content\" title=\"R\u00e9utiliser ce contenu\" target=\"_blank\" rel=\"nofollow noopener\">R\u00e9utiliser ce contenu<\/a>      <\/p>\n","protected":false},"excerpt":{"rendered":"Issa Tchiroma Bakary lors d\u2019un meeting pr\u00e9sidentiel \u00e0 Yagoua (Cameroun), le 30\u00a0septembre 2025. D\u00c9SIR\u00c9 DANGA ESSIGU\u00c9 \/ REUTERS&hellip;\n","protected":false},"author":2,"featured_media":461913,"comment_status":"","ping_status":"","sticky":false,"template":"","format":"standard","meta":{"footnotes":""},"categories":[5],"tags":[11,1011,27,14,12,28],"class_list":{"0":"post-461912","1":"post","2":"type-post","3":"status-publish","4":"format-standard","5":"has-post-thumbnail","7":"category-international","8":"tag-actualites","9":"tag-fr","10":"tag-france","11":"tag-international","12":"tag-news","13":"tag-world"},"share_on_mastodon":{"url":"https:\/\/pubeurope.com\/@fr\/115371564800641437","error":""},"_links":{"self":[{"href":"https:\/\/www.europesays.com\/fr\/wp-json\/wp\/v2\/posts\/461912","targetHints":{"allow":["GET"]}}],"collection":[{"href":"https:\/\/www.europesays.com\/fr\/wp-json\/wp\/v2\/posts"}],"about":[{"href":"https:\/\/www.europesays.com\/fr\/wp-json\/wp\/v2\/types\/post"}],"author":[{"embeddable":true,"href":"https:\/\/www.europesays.com\/fr\/wp-json\/wp\/v2\/users\/2"}],"replies":[{"embeddable":true,"href":"https:\/\/www.europesays.com\/fr\/wp-json\/wp\/v2\/comments?post=461912"}],"version-history":[{"count":0,"href":"https:\/\/www.europesays.com\/fr\/wp-json\/wp\/v2\/posts\/461912\/revisions"}],"wp:featuredmedia":[{"embeddable":true,"href":"https:\/\/www.europesays.com\/fr\/wp-json\/wp\/v2\/media\/461913"}],"wp:attachment":[{"href":"https:\/\/www.europesays.com\/fr\/wp-json\/wp\/v2\/media?parent=461912"}],"wp:term":[{"taxonomy":"category","embeddable":true,"href":"https:\/\/www.europesays.com\/fr\/wp-json\/wp\/v2\/categories?post=461912"},{"taxonomy":"post_tag","embeddable":true,"href":"https:\/\/www.europesays.com\/fr\/wp-json\/wp\/v2\/tags?post=461912"}],"curies":[{"name":"wp","href":"https:\/\/api.w.org\/{rel}","templated":true}]}}