{"id":461915,"date":"2025-10-14T08:26:16","date_gmt":"2025-10-14T08:26:16","guid":{"rendered":"https:\/\/www.europesays.com\/fr\/461915\/"},"modified":"2025-10-14T08:26:16","modified_gmt":"2025-10-14T08:26:16","slug":"silence-et-sideration-apres-le-suicide-de-sara-9-ans-a-sarreguemines","status":"publish","type":"post","link":"https:\/\/www.europesays.com\/fr\/461915\/","title":{"rendered":"silence et sid\u00e9ration apr\u00e8s le suicide de Sara, 9 ans, \u00e0 Sarreguemines"},"content":{"rendered":"<p>\n    <strong>REPORTAGE &#8211; <\/strong>Benjamine d\u2019une fratrie de sept enfants, la jeune Sara P. s\u2019est donn\u00e9 la mort au domicile familial samedi. Ses proches sont d\u00e9vast\u00e9s et attendent des r\u00e9ponses. Si les enqu\u00eateurs explorent la piste du harc\u00e8lement scolaire, ils n\u2019excluent pas d\u2019autres facteurs.<\/p>\n<p class=\"fig-paragraph\">Elle aurait eu dix ans le 27 novembre, et la vie devant elle. Mais samedi matin,\u00a0<a href=\"http:\/\/www.lefigaro.fr\/actualite-france\/a-5-ou-6-ans-un-enfant-peut-etre-en-detresse-extreme-apres-le-suicide-de-sara-la-sante-mentale-des-plus-jeunes-inquiete-20251013\" data-fig-type=\"Article\" data-gtm-custom-categorie=\"navigation\" data-gtm-custom-action=\"crossclick\" data-gtm-custom-label=\"Contextuel\" data-gtm-event=\"customEventSPE\" data-fig-domain=\"LEFIGARO\" target=\"_blank\" rel=\"noopener\">Sara P. a mis fin \u00e0 ses jours au domicile familial<\/a>\u00a0de Sarreguemines (Moselle), pr\u00e8s de la fronti\u00e8re allemande. C\u2019est sa m\u00e8re qui l\u2019a retrouv\u00e9e pendue avec du linge de lit, dans la chambre d\u2019un de ses fr\u00e8res. Pr\u00e8s d\u2019elle, l\u2019enfant avait laiss\u00e9 une lettre d\u2019adieu. Depuis, son corps a \u00e9t\u00e9 conduit \u00e0 l\u2019institut m\u00e9dico-l\u00e9gal pour autopsie. Une enqu\u00eate a \u00e9t\u00e9 ouverte afin d\u2019\u00e9claircir les circonstances de la mort.<\/p>\n<p class=\"fig-paragraph\">Une mort \u00e0 laquelle personne, a priori, ne semblait s\u2019attendre. \u00abLa famille est abasourdie, ils ne soup\u00e7onnaient pas l\u2019\u00e9tat de d\u00e9tresse dans laquelle la petite se trouvait. C\u2019est incompr\u00e9hensible pour eux\u00bb, explique une source proche de l\u2019enqu\u00eate. Il n\u2019a pourtant pas fallu longtemps pour qu\u2019\u00e9merge la piste du\u00a0<a href=\"https:\/\/video.lefigaro.fr\/figaro\/harcelement-scolaire-comment-endiguer-ce-fleau-20241108\" data-fig-type=\"Video\" data-gtm-custom-categorie=\"navigation\" data-gtm-custom-action=\"crossclick\" data-gtm-custom-label=\"Contextuel\" data-gtm-event=\"customEventSPE\" data-fig-domain=\"LEFIGARO\" target=\"_blank\" rel=\"noopener\">harc\u00e8lement<\/a>\u00a0dont la fillette aurait \u00e9t\u00e9 victime \u00e0 l\u2019\u00e9cole. Scolaris\u00e9e en classe de CM2 \u00e0 l\u2019\u00e9cole \u00e9l\u00e9mentaire de la Montagne Sup\u00e9rieure, au sud-ouest de la commune de 20.000 habitants, Sara serait devenue\u2026<\/p>\n<p class=\"fig-premium-paywall__infos\">\n        Cet article est r\u00e9serv\u00e9 aux abonn\u00e9s.        Il vous reste 86% \u00e0 d\u00e9couvrir.\n    <\/p>\n<p>                <img  data- alt=\"Le Figaro\" class=\"fig-img--complete fig-img\"\/><\/p>\n<p class=\"fig-premium-paywall__title\">J-100, Le Figaro f\u00eate ses 200 ans<\/p>\n<p class=\"fig-premium-paywall__subtitle\">Offre anniversaire : 2\u20ac\/mois pendant 200 semaines<\/p>\n<p class=\"fig-premium-paywall__connect\">\n                D\u00e9j\u00e0 abonn\u00e9\u00a0?                <a class=\"fig-premium-paywall__connect-link\" href=\"https:\/\/connect.lefigaro.fr\/login?client=horizon_web&amp;type=main&amp;redirect_uri=https%3A%2F%2Fwww.lefigaro.fr%2Ffaits-divers%2Felle-pleurait-tous-les-jours-silence-et-sideration-apres-le-suicide-de-sara-9-ans-a-sarreguemines-20251014\" data-js-gtm=\"{&quot;customCategorie&quot;: &quot;conversion&quot;, &quot;customAction&quot;: &quot;before_Landing_Connexion_paywall_auto&quot;, &quot;customLabel&quot;: &quot;bGVmaWdhcm8uZnJfXzFmMGE4MDU4LWMyM2QtNmRmYS05MjFkLTA5YWEwYWE2Y2Q0NV9fTmV3c0ZsYXNo_\u00abElle pleurait tous les jours\u00bb\u00a0: silence et sid\u00e9ration apr\u00e8s le suicide de Sara, 9 ans, \u00e0 Sarreguemines_511&quot;, &quot;customIDSPE&quot;: &quot;bGVmaWdhcm8uZnJfXzFmMGE4MDU4LWMyM2QtNmRmYS05MjFkLTA5YWEwYWE2Y2Q0NV9fTmV3c0ZsYXNo&quot;, &quot;event&quot;: &quot;customEventSPE&quot;}\" target=\"_blank\" rel=\"noopener\"><br \/>\n                    Connectez-vous<br \/>\n                <\/a>\n            <\/p>\n","protected":false},"excerpt":{"rendered":"REPORTAGE &#8211; Benjamine d\u2019une fratrie de sept enfants, la jeune Sara P. s\u2019est donn\u00e9 la mort au domicile&hellip;\n","protected":false},"author":2,"featured_media":461916,"comment_status":"","ping_status":"","sticky":false,"template":"","format":"standard","meta":{"footnotes":""},"categories":[2],"tags":[11,1067,1011,27,17930,12,5748],"class_list":{"0":"post-461915","1":"post","2":"type-post","3":"status-publish","4":"format-standard","5":"has-post-thumbnail","7":"category-actualites","8":"tag-actualites","9":"tag-enquete","10":"tag-fr","11":"tag-france","12":"tag-harcelement-scolaire","13":"tag-news","14":"tag-suicide"},"share_on_mastodon":{"url":"https:\/\/pubeurope.com\/@fr\/115371572272845368","error":""},"_links":{"self":[{"href":"https:\/\/www.europesays.com\/fr\/wp-json\/wp\/v2\/posts\/461915","targetHints":{"allow":["GET"]}}],"collection":[{"href":"https:\/\/www.europesays.com\/fr\/wp-json\/wp\/v2\/posts"}],"about":[{"href":"https:\/\/www.europesays.com\/fr\/wp-json\/wp\/v2\/types\/post"}],"author":[{"embeddable":true,"href":"https:\/\/www.europesays.com\/fr\/wp-json\/wp\/v2\/users\/2"}],"replies":[{"embeddable":true,"href":"https:\/\/www.europesays.com\/fr\/wp-json\/wp\/v2\/comments?post=461915"}],"version-history":[{"count":0,"href":"https:\/\/www.europesays.com\/fr\/wp-json\/wp\/v2\/posts\/461915\/revisions"}],"wp:featuredmedia":[{"embeddable":true,"href":"https:\/\/www.europesays.com\/fr\/wp-json\/wp\/v2\/media\/461916"}],"wp:attachment":[{"href":"https:\/\/www.europesays.com\/fr\/wp-json\/wp\/v2\/media?parent=461915"}],"wp:term":[{"taxonomy":"category","embeddable":true,"href":"https:\/\/www.europesays.com\/fr\/wp-json\/wp\/v2\/categories?post=461915"},{"taxonomy":"post_tag","embeddable":true,"href":"https:\/\/www.europesays.com\/fr\/wp-json\/wp\/v2\/tags?post=461915"}],"curies":[{"name":"wp","href":"https:\/\/api.w.org\/{rel}","templated":true}]}}