{"id":461917,"date":"2025-10-14T08:27:18","date_gmt":"2025-10-14T08:27:18","guid":{"rendered":"https:\/\/www.europesays.com\/fr\/461917\/"},"modified":"2025-10-14T08:27:18","modified_gmt":"2025-10-14T08:27:18","slug":"comment-firminy-orchestre-son-corso-geant","status":"publish","type":"post","link":"https:\/\/www.europesays.com\/fr\/461917\/","title":{"rendered":"comment Firminy orchestre son corso g\u00e9ant"},"content":{"rendered":"<p>Dans la cit\u00e9 appelouse, la vogue des Noix, c\u2019est l\u2019\u00e9v\u00e9nement de l\u2019ann\u00e9e qui draine une foule de visiteurs. Et le clou du spectacle, \u00e9videmment, c\u2019est le corso qui aura lieu cette ann\u00e9e le dimanche 19\u00a0octobre.<\/p>\n<p>S\u2019il est impossible d\u2019avoir des chiffres pr\u00e9cis du nombre de spectateurs, les organisateurs du comit\u00e9 des f\u00eates avancent leurs estimations\u00a0: entre 75\u00a0000\u00a0et 80\u00a0000 spectateurs se massent chaque ann\u00e9e le long du parcours pour applaudir la parade.<\/p>\n<p>Cette \u00e9dition sera la 53e du nom, annonc\u00e9e comme encore <a href=\"https:\/\/www.leprogres.fr\/culture-loisirs\/2025\/10\/07\/cette-annee-le-corso-sera-beaucoup-plus-carnavalesque-des-nouvelles-attractions-pour-la-vogue-des-noix-2025\" target=\"_blank\" rel=\"noopener\">plus carnavalesque que d\u2019habitude<\/a>. Derri\u00e8re la magie du spectacle et du d\u00e9fil\u00e9 endiabl\u00e9 dans les rues de la ville, il y a tout ce que l\u2019on ne voit pas, tout le travail n\u00e9cessaire en coulisses. Et pour que \u00e7a ne vire pas (trop) au casse-t\u00eate, l\u2019organisation doit \u00eatre bien huil\u00e9e\u2026<\/p>\n<p>Un cort\u00e8ge qui s\u2019\u00e9tire sur 1,5\u00a0km<\/p>\n<p>\u00c0 l\u2019approche du jour J, le pr\u00e9sident du comit\u00e9 des f\u00eates et son vice-pr\u00e9sident, Marc Khelifa et Bernard Rousson ne touchent plus terre\u00a0: \u00ab\u00a0Il faut penser&#8230;<\/p>\n","protected":false},"excerpt":{"rendered":"Dans la cit\u00e9 appelouse, la vogue des Noix, c\u2019est l\u2019\u00e9v\u00e9nement de l\u2019ann\u00e9e qui draine une foule de visiteurs.&hellip;\n","protected":false},"author":2,"featured_media":461918,"comment_status":"","ping_status":"","sticky":false,"template":"","format":"standard","meta":{"footnotes":""},"categories":[9653],"tags":[1111,11,2430,1687,7539,1777,674,3326,10282,10283,1011,27,12,25,4001],"class_list":{"0":"post-461917","1":"post","2":"type-post","3":"status-publish","4":"format-standard","5":"has-post-thumbnail","7":"category-saint-etienne","8":"tag-actu","9":"tag-actualites","10":"tag-auvergne-rhone-alpes","11":"tag-culture-loisirs","12":"tag-edition-loire-sud","13":"tag-eu","14":"tag-europe","15":"tag-fete-locale","16":"tag-firminy","17":"tag-firminy-ville","18":"tag-fr","19":"tag-france","20":"tag-news","21":"tag-republique-francaise","22":"tag-saint-etienne"},"share_on_mastodon":{"url":"https:\/\/pubeurope.com\/@fr\/115371576185343361","error":""},"_links":{"self":[{"href":"https:\/\/www.europesays.com\/fr\/wp-json\/wp\/v2\/posts\/461917","targetHints":{"allow":["GET"]}}],"collection":[{"href":"https:\/\/www.europesays.com\/fr\/wp-json\/wp\/v2\/posts"}],"about":[{"href":"https:\/\/www.europesays.com\/fr\/wp-json\/wp\/v2\/types\/post"}],"author":[{"embeddable":true,"href":"https:\/\/www.europesays.com\/fr\/wp-json\/wp\/v2\/users\/2"}],"replies":[{"embeddable":true,"href":"https:\/\/www.europesays.com\/fr\/wp-json\/wp\/v2\/comments?post=461917"}],"version-history":[{"count":0,"href":"https:\/\/www.europesays.com\/fr\/wp-json\/wp\/v2\/posts\/461917\/revisions"}],"wp:featuredmedia":[{"embeddable":true,"href":"https:\/\/www.europesays.com\/fr\/wp-json\/wp\/v2\/media\/461918"}],"wp:attachment":[{"href":"https:\/\/www.europesays.com\/fr\/wp-json\/wp\/v2\/media?parent=461917"}],"wp:term":[{"taxonomy":"category","embeddable":true,"href":"https:\/\/www.europesays.com\/fr\/wp-json\/wp\/v2\/categories?post=461917"},{"taxonomy":"post_tag","embeddable":true,"href":"https:\/\/www.europesays.com\/fr\/wp-json\/wp\/v2\/tags?post=461917"}],"curies":[{"name":"wp","href":"https:\/\/api.w.org\/{rel}","templated":true}]}}