{"id":461921,"date":"2025-10-14T08:32:19","date_gmt":"2025-10-14T08:32:19","guid":{"rendered":"https:\/\/www.europesays.com\/fr\/461921\/"},"modified":"2025-10-14T08:32:19","modified_gmt":"2025-10-14T08:32:19","slug":"cave-du-coin-toul-2025-date-horaires-programme-tarifs","status":"publish","type":"post","link":"https:\/\/www.europesays.com\/fr\/461921\/","title":{"rendered":"Cave du Coin Toul 2025 : date, horaires, programme, tarifs"},"content":{"rendered":"<p class=\"fw-bold font-size-16 my-1\"> Le 17\/10\/2025<\/p>\n<p class=\"fw-bold font-size-16 my-1\"> Cave du Coin,<br \/>\n5 Place du Couarail | <a href=\"https:\/\/www.jds.fr\/nancy\/toul-5533_V\" rel=\"nofollow noopener\" target=\"_blank\">Toul<\/a><\/p>\n<p class=\"fw-bold font-size-16 my-1\"> Tarif de base &#8211; plein tarif <\/p>\n<p><strong>La Cave du Coin f\u00eate ses 4 ans\u00a0!<\/strong><\/p>\n<p><a data-lightbox=\"article\" data-title=\"Oktoberfest - Cave du Coin \u00a9 Cave du Coin\" class=\"image detail fullwidth  position-relative d-block\" href=\"https:\/\/www.jds.fr\/medias\/image\/oktoberfest-cave-du-coin-746163-920-0-F.webp\" title=\"Oktoberfest - Cave du Coin \u00a9 Cave du Coin\" rel=\"nofollow noopener\" target=\"_blank\"><br \/>\n<img decoding=\"async\" loading=\"lazy\" src=\"https:\/\/www.europesays.com\/fr\/wp-content\/uploads\/2025\/10\/oktoberfest-cave-du-coin-746163-1200-0.webp.webp\"   width=\"685\" alt=\"Oktoberfest - Cave du Coin\" class=\"border\"\/><br \/>\n\u00a9 Cave du Coin<br \/>\nOktoberfest &#8211; Cave du Coin<br \/>\n<\/a><\/p>\n<p>Cette ann\u00e9e, on a d\u00e9cid\u00e9 de marquer le coup en grand\u00a0: Oktoberfest au Clo\u00eetre\u00a0!<\/p>\n<p>Au programme\u00a0:<\/p>\n<ul>\n<li>ambiance festive,<\/li>\n<li>bonne musique,<\/li>\n<li>bi\u00e8res fra\u00eeches,<\/li>\n<li>convivialit\u00e9,<\/li>\n<li>et tout ce qu&rsquo;il faut pour passer une soir\u00e9e m\u00e9morable entre amis\u00a0!<\/li>\n<\/ul>\n<p><strong>R\u00e9servez la date\u00a0!<\/strong><\/p>\n<p>Pour le repas, r\u00e9servation en ligne. Attention, les places sont limit\u00e9es, donc elles risquent de partir vite&#8230;<\/p>\n<p>On compte sur vous pour souffler ces 4 bougies avec nous comme il se doit.<\/p>\n<p>Attention, l&rsquo;abus d&rsquo;alcool est dangereux pour la sant\u00e9, \u00e0 consommer avec mod\u00e9ration.<\/p>\n<p class=\"text-italic font-size-12\">Cet \u00e9v\u00e9nement a \u00e9t\u00e9 renseign\u00e9 par un organisme institutionnel (MT TERRES TOULOISES). Date de derni\u00e8re mise \u00e0 jour le 13\/10\/2025.<\/p>\n<p>            Renseignements<\/p>\n<p><strong class=\"font-size-18\">O\u00f9\u00a0:<\/strong><br \/> Cave du Coin,<br \/>\n5 Place du Couarail<a class=\"mt-1 d-block ps-4\" href=\"https:\/\/www.jds.fr\/nancy\/toul-5533_V\" rel=\"nofollow noopener\" target=\"_blank\"> 54200 Toul<\/a><\/p>\n<p>Dates et horaires\u00a0: <\/p>\n<ul class=\"liste-dates list-unstyled\" id=\"liste-dates-68ed772254e5d\">\n<li>Vendredi 17 Octobre 2025 de 18h \u00e0 22h<\/li>\n<\/ul>\n<p>Tarifs\u00a0: <\/p>\n<p>Tarif de base &#8211; plein tarif<\/p>\n<p>Dans la m\u00eame rubrique<\/p>\n<ul class=\"mt-3 list-unstyled list-articles-v2\">\n<li class=\"col-12 pt-4\" data-view-id-type=\"1\" data-view-id=\"111865\" data-view-bc=\"0\"><a class=\"d-block titre text-black mb-1 mb-md-2\" href=\"https:\/\/www.jds.fr\/nancy\/manifestations\/festival\/nancy-jazz-pulsations-111865_A\" rel=\"nofollow noopener\" target=\"_blank\">Nancy Jazz Pulsations 2025\u00a0: festival de musique<\/a>Jusqu&rsquo;au 18\/10\/2025 NancyDu 4 au 18 octobre 2025, Nancy vibrera au rythme du jazz et des musiques actuelles pour la 52\u00e8me \u00e9dition du festival Nancy Jazz Pulsations. Et comme chaque [\u2026]<a class=\"image\" href=\"https:\/\/www.jds.fr\/nancy\/manifestations\/festival\/nancy-jazz-pulsations-111865_A\" rel=\"nofollow noopener\" target=\"_blank\"><img decoding=\"async\" loading=\"lazy\" src=\"https:\/\/www.europesays.com\/fr\/wp-content\/uploads\/2025\/06\/nancy-jazz-pulsations-247475-180-180.webp.webp\" width=\"180\" height=\"180\" alt=\"Nancy Jazz Pulsations 2025 : festival de musique\" class=\"border\"\/><\/a><\/li>\n<li class=\"col-12 pt-4\" data-view-id-type=\"1\" data-view-id=\"1031500\" data-view-bc=\"0\"><a class=\"d-block titre text-black mb-1 mb-md-2\" href=\"https:\/\/www.jds.fr\/nancy\/manifestations\/festival\/nancy-jazz-pulsations-1031500_A\" rel=\"nofollow noopener\" target=\"_blank\">Nancy Jazz Pulsations<\/a>Du 14\/10\/2025 au 18\/10\/2025<a href=\"https:\/\/www.jds.fr\/nancy\/theatres-programmes\/la-manufacture-14624_L\" class=\"lieu font-size-14 text-gray-700 d-block lh-sm my-1\" rel=\"nofollow noopener\" target=\"_blank\"> La Manufacture &#8211; Nancy<\/a>Nancy Jazz Pulsations, un \u00e9v\u00e9nement \u00e0 voir \u00e0 Nancy (La Manufacture ), du 14 octobre 2025 au 18 octobre 2025. Toutes les informations pratiques (tarifs, billetterie, plan de [\u2026]<a class=\"image\" href=\"https:\/\/www.jds.fr\/nancy\/manifestations\/festival\/nancy-jazz-pulsations-1031500_A\" rel=\"nofollow noopener\" target=\"_blank\"><img decoding=\"async\" loading=\"lazy\" src=\"https:\/\/www.europesays.com\/fr\/wp-content\/uploads\/2025\/10\/1760430729_446_\" width=\"180\" height=\"180\" alt=\"Nancy Jazz Pulsations\"\/><\/a><\/li>\n<li class=\"li_gp_div\">\n<\/li>\n<li class=\"col-12 pt-4\" data-view-id-type=\"1\" data-view-id=\"1094195\" data-view-bc=\"0\"><a class=\"image\" href=\"https:\/\/www.jds.fr\/nancy\/manifestations\/festival\/guillaume-poncelet-lash-et-grey-1094195_A\" rel=\"nofollow noopener\" target=\"_blank\"><img decoding=\"async\" loading=\"lazy\" src=\"https:\/\/www.europesays.com\/fr\/wp-content\/uploads\/2025\/10\/GuillaumePoncelet_300.jpg\" width=\"180\" height=\"180\" alt=\"GUILLAUME PONCELET \/ LASH &amp; GREY\"\/><\/a><\/li>\n<li class=\"col-12 pt-4\" data-view-id-type=\"1\" data-view-id=\"1094380\" data-view-bc=\"0\"><a class=\"image\" href=\"https:\/\/www.jds.fr\/nancy\/manifestations\/festival\/morcheeba-the-liminanas-kas-product-1094380_A\" rel=\"nofollow noopener\" target=\"_blank\"><img decoding=\"async\" loading=\"lazy\" src=\"https:\/\/www.europesays.com\/fr\/wp-content\/uploads\/2025\/10\/Morcheeba_300.jpg\" width=\"180\" height=\"180\" alt=\"Morcheeba \/ The Limi\u00f1anas \/ Kas Product\"\/><\/a><\/li>\n<li class=\"col-12 pt-4\" data-view-id-type=\"1\" data-view-id=\"1097429\" data-view-bc=\"0\"><a class=\"image\" href=\"https:\/\/www.jds.fr\/nancy\/manifestations\/festival\/avishai-cohen-trio-1097429_A\" rel=\"nofollow noopener\" target=\"_blank\"><img decoding=\"async\" loading=\"lazy\" src=\"https:\/\/www.europesays.com\/fr\/wp-content\/uploads\/2025\/10\/AvishaiCohen2_300.jpg\" width=\"180\" height=\"180\" alt=\"Avishai Cohen Trio\"\/><\/a><\/li>\n<li class=\"li_gp_div li_gp_div_infeed\"\/>\n<li class=\"col-12 pt-4\" data-view-id-type=\"1\" data-view-id=\"1109512\" data-view-bc=\"0\"><a class=\"d-block titre text-black mb-1 mb-md-2\" href=\"https:\/\/www.jds.fr\/nancy\/manifestations\/festival\/njp-2025-dj-hyperlax-ncy-milky-band-1109512_A\" rel=\"nofollow noopener\" target=\"_blank\">NJP 2025 &#8211; DJ Hyperlax &#8211; NCY Milky Band<\/a>Le 14\/10\/2025 NancyNancy Jazz Pulsations revient du 4 au 18 octobre 2025, fid\u00e8le \u00e0 son ADN de f\u00eate, de rencontres et de curiosit\u00e9 artistique. Cette ann\u00e9e, le festival se glisse dans les lignes [\u2026]<a class=\"image\" href=\"https:\/\/www.jds.fr\/nancy\/manifestations\/festival\/njp-2025-dj-hyperlax-ncy-milky-band-1109512_A\" rel=\"nofollow noopener\" target=\"_blank\"><img decoding=\"async\" loading=\"lazy\" src=\"https:\/\/www.europesays.com\/fr\/wp-content\/uploads\/2025\/06\/festival-1-453565-180-180.webp.webp\" width=\"180\" height=\"180\" alt=\"NJP 2025 - DJ Hyperlax - NCY Milky Band\" class=\"border\"\/><\/a><\/li>\n<li class=\"col-12 pt-4\" data-view-id-type=\"1\" data-view-id=\"1213133\" data-view-bc=\"0\"><a class=\"d-block titre text-black mb-1 mb-md-2\" href=\"https:\/\/www.jds.fr\/nancy\/manifestations\/lectures-d-histoires-autour-d-halloween-1213133_A\" rel=\"nofollow noopener\" target=\"_blank\">Lectures d&rsquo;histoires autour d&rsquo;Halloween<\/a>Le 14\/10\/2025 \u00c9crouvesQuoi de mieux pour se mettre dans l&rsquo;ambiance des f\u00eates d&rsquo;octobre que la lecture d&rsquo;histoires d&rsquo;Halloween\u00a0?!<br \/>\n.<br \/>\nPour l&rsquo;occasion, la biblioth\u00e8que associative d&rsquo;\u00c9crouves [\u2026]<a class=\"image\" href=\"https:\/\/www.jds.fr\/nancy\/manifestations\/lectures-d-histoires-autour-d-halloween-1213133_A\" rel=\"nofollow noopener\" target=\"_blank\"><img decoding=\"async\" loading=\"lazy\" src=\"https:\/\/www.europesays.com\/fr\/wp-content\/uploads\/2025\/06\/1750663688_902_manifestations-image-d-illustration-ia-canva-453562-180-180.webp.webp\" width=\"180\" height=\"180\" alt=\"Lectures d'histoires autour d'Halloween\" class=\"border\"\/><\/a><\/li>\n<li class=\"col-12 pt-4\" data-view-id-type=\"1\" data-view-id=\"1211954\" data-view-bc=\"0\"><a class=\"d-block titre text-black mb-1 mb-md-2\" href=\"https:\/\/www.jds.fr\/nancy\/manifestations\/ateliers\/stages-theatre-enfant-1211954_A\" rel=\"nofollow noopener\" target=\"_blank\">Stages th\u00e9\u00e2tre enfant<\/a>Du 20\/10\/2025 au 30\/10\/2025 Toul<br \/>\nDEUX STAGES POUR LES 6-12 ANS<br \/>\nDu 20 au 23 octobre 2025 et\/ou du 27 au 30 octobre 2025<\/p>\n<p>STAGES TH\u00c9\u00c2TRE\u00a0\u2013 Comment raconter une histoire\u00a0? #1<\/p>\n<p>    6\u00a0\u2013 12 [\u2026]<a class=\"image\" href=\"https:\/\/www.jds.fr\/nancy\/manifestations\/ateliers\/stages-theatre-enfant-1211954_A\" rel=\"nofollow noopener\" target=\"_blank\"><img decoding=\"async\" loading=\"lazy\" src=\"https:\/\/www.europesays.com\/fr\/wp-content\/uploads\/2025\/10\/stages-theatre-enfant-744722-180-180.webp.webp\" width=\"180\" height=\"180\" alt=\"Stages th\u00e9\u00e2tre enfant\" class=\"border\"\/><\/a><\/li>\n<li class=\"col-12 pt-4\" data-view-id-type=\"1\" data-view-id=\"116380\" data-view-bc=\"0\"><a class=\"d-block titre text-black mb-1 mb-md-2\" href=\"https:\/\/www.jds.fr\/nancy\/manifestations\/fete-foraine\/foire-d-automne-de-nancy-116380_A\" rel=\"nofollow noopener\" target=\"_blank\">Foire d&rsquo;automne de Nancy 2025<\/a>Du 23\/10\/2025 au 16\/11\/2025 NancyLa Foire d&rsquo;automne de Nancy fait son grand retour au parc de la P\u00e9pini\u00e8re du 23 octobre au 16 novembre 2025\u00a0! Ce rendez-vous incontournable des vacances de la [\u2026]<a class=\"image\" href=\"https:\/\/www.jds.fr\/nancy\/manifestations\/fete-foraine\/foire-d-automne-de-nancy-116380_A\" rel=\"nofollow noopener\" target=\"_blank\"><img decoding=\"async\" loading=\"lazy\" src=\"https:\/\/www.europesays.com\/fr\/wp-content\/uploads\/2025\/10\/foire-d-automne-de-nancy-1-423433-180-180.webp.webp\" width=\"180\" height=\"180\" alt=\"Foire d'automne de Nancy 2025\" class=\"border\"\/><\/a><\/li>\n<li class=\"li_gp_div li_gp_div_infeed\"\/>\n<li class=\"col-12 pt-4\" data-view-id-type=\"1\" data-view-id=\"1107623\" data-view-bc=\"0\"><a class=\"d-block titre text-black mb-1 mb-md-2\" href=\"https:\/\/www.jds.fr\/nancy\/manifestations\/conferences\/ces-animaux-mal-aimes-1107623_A\" rel=\"nofollow noopener\" target=\"_blank\">Ces animaux mal-aim\u00e9s<\/a>Le 05\/11\/2025 Toul<br \/>\nEspace K \u00e0 Toul<br \/>\nIls font peur, ont mauvaise r\u00e9putation et pourraient m\u00eame \u00eatre vecteurs de maladies&#8230; Et si nous d\u00e9m\u00ealions le vrai du faux\u00a0? Pourtant, ces esp\u00e8ces [\u2026]<a class=\"image\" href=\"https:\/\/www.jds.fr\/nancy\/manifestations\/conferences\/ces-animaux-mal-aimes-1107623_A\" rel=\"nofollow noopener\" target=\"_blank\"><img decoding=\"async\" loading=\"lazy\" src=\"https:\/\/www.europesays.com\/fr\/wp-content\/uploads\/2025\/07\/conference-microphone-orateur-sujet-divers-127046-180-180.webp.webp\" width=\"180\" height=\"180\" alt=\"Ces animaux mal-aim\u00e9s\" class=\"border\"\/><\/a><\/li>\n<li class=\"col-12 pt-4\" data-view-id-type=\"1\" data-view-id=\"1107571\" data-view-bc=\"0\"><a class=\"d-block titre text-black mb-1 mb-md-2\" href=\"https:\/\/www.jds.fr\/nancy\/manifestations\/conferences\/myserieux-champignons-1107571_A\" rel=\"nofollow noopener\" target=\"_blank\">Mys\u00e9rieux champignons<\/a>Le 07\/11\/2025 Toul<br \/>\nEspace K \u00e0 Toul<\/p>\n<p>Comment les champignons se nourrissent-ils et se reproduisent-ils\u00a0? Quel est leur cycle de vie\u00a0? Quels sont les risques li\u00e9s \u00e0 leur [\u2026]<a class=\"image\" href=\"https:\/\/www.jds.fr\/nancy\/manifestations\/conferences\/myserieux-champignons-1107571_A\" rel=\"nofollow noopener\" target=\"_blank\"><img decoding=\"async\" loading=\"lazy\" src=\"https:\/\/www.europesays.com\/fr\/wp-content\/uploads\/2025\/07\/conference-microphone-orateur-sujet-divers-127046-180-180.webp.webp\" width=\"180\" height=\"180\" alt=\"Mys\u00e9rieux champignons\" class=\"border\"\/><\/a><\/li>\n<li class=\"col-12 pt-4\" data-view-id-type=\"1\" data-view-id=\"111864\" data-view-bc=\"0\"><a class=\"image\" href=\"https:\/\/www.jds.fr\/nancy\/manifestations\/marche-de-noel\/fete-et-marche-de-saint-nicolas-nancy-111864_A\" rel=\"nofollow noopener\" target=\"_blank\"><img decoding=\"async\" loading=\"lazy\" src=\"https:\/\/www.europesays.com\/fr\/wp-content\/uploads\/2025\/10\/fetes-de-saint-nicolas-a-nancy-annee-marche-de-noe-474278-180-180.webp.webp\" width=\"180\" height=\"180\" alt=\"F\u00eates de Saint Nicolas \u00e0 Nancy 2025 : march\u00e9 de No\u00ebl et animations\" class=\"border\"\/><\/a><\/li>\n<li class=\"col-12 pt-4\" data-view-id-type=\"1\" data-view-id=\"1176886\" data-view-bc=\"0\"><a class=\"d-block titre text-black mb-1 mb-md-2\" href=\"https:\/\/www.jds.fr\/nancy\/manifestations\/conferences\/le-musee-hors-les-murs-conference-1176886_A\" rel=\"nofollow noopener\" target=\"_blank\">Le Mus\u00e9e hors les murs &#8211; Conf\u00e9rence<\/a>Le 22\/11\/2025 ToulDurant la p\u00e9riode de travaux du mus\u00e9e d&rsquo;art et d&rsquo;histoire Michel Hachet, trois \u0153uvres majeures seront expos\u00e9es \u00e0 la m\u00e9diath\u00e8que Les Remp&rsquo;Arts. Chaque \u0153uvre fera l&rsquo;objet [\u2026]<a class=\"image\" href=\"https:\/\/www.jds.fr\/nancy\/manifestations\/conferences\/le-musee-hors-les-murs-conference-1176886_A\" rel=\"nofollow noopener\" target=\"_blank\"><img decoding=\"async\" loading=\"lazy\" src=\"https:\/\/www.europesays.com\/fr\/wp-content\/uploads\/2025\/07\/conference-microphone-orateur-sujet-divers-127046-180-180.webp.webp\" width=\"180\" height=\"180\" alt=\"Le Mus\u00e9e hors les murs - Conf\u00e9rence\" class=\"border\"\/><\/a><\/li>\n<li class=\"li_gp_div li_gp_div_infeed\"\/>\n<li class=\"col-12 pt-4\" data-view-id-type=\"1\" data-view-id=\"1179012\" data-view-bc=\"0\"><a class=\"d-block titre text-black mb-1 mb-md-2\" href=\"https:\/\/www.jds.fr\/nancy\/manifestations\/conferences\/transmettre-les-documents-familiaux-1179012_A\" rel=\"nofollow noopener\" target=\"_blank\">Transmettre les documents familiaux<\/a>Le 22\/11\/2025 ToulRencontre autour de l&rsquo;art de la reliure, anim\u00e9e par Astrid Martin, conservatrice-restauratrice de livres et documents graphiques.\n<p>\u00ab\u00a0Comment pr\u00e9server les archives familiales, [\u2026]<a class=\"image\" href=\"https:\/\/www.jds.fr\/nancy\/manifestations\/conferences\/transmettre-les-documents-familiaux-1179012_A\" rel=\"nofollow noopener\" target=\"_blank\"><img decoding=\"async\" loading=\"lazy\" src=\"https:\/\/www.europesays.com\/fr\/wp-content\/uploads\/2025\/07\/conference-microphone-orateur-sujet-divers-127046-180-180.webp.webp\" width=\"180\" height=\"180\" alt=\"Transmettre les documents familiaux\" class=\"border\"\/><\/a><\/li>\n<li class=\"col-12 pt-4\" data-view-id-type=\"1\" data-view-id=\"124763\" data-view-bc=\"0\"><a class=\"image\" href=\"https:\/\/www.jds.fr\/nancy\/manifestations\/marche-de-noel\/week-end-defile-saint-nicolas-nancy-124763_A\" rel=\"nofollow noopener\" target=\"_blank\"><img decoding=\"async\" loading=\"lazy\" src=\"https:\/\/www.europesays.com\/fr\/wp-content\/uploads\/2025\/10\/week-end-de-saint-nicolas-a-nancy-474695-180-180.webp.webp\" width=\"180\" height=\"180\" alt=\"Week-end de Saint-Nicolas \u00e0 Nancy\" class=\"border\"\/><\/a><\/li>\n<li class=\"col-12 pt-4\" data-view-id-type=\"1\" data-view-id=\"125581\" data-view-bc=\"0\"><a class=\"d-block titre text-black mb-1 mb-md-2\" href=\"https:\/\/www.jds.fr\/nancy\/manifestations\/fetes\/fete-de-saint-nicolas-a-luneville-125581_A\" rel=\"nofollow noopener\" target=\"_blank\">F\u00eate de Saint-Nicolas \u00e0 Lun\u00e9ville<\/a>Le 07\/12\/2025 Lun\u00e9villeLa F\u00eate de Saint-Nicolas \u00e0 Lun\u00e9ville se d\u00e9roulera le 7 d\u00e9cembre 2025, un moment incontournable pour petits et grands\u00a0! Comme chaque [\u2026]<a class=\"image\" href=\"https:\/\/www.jds.fr\/nancy\/manifestations\/fetes\/fete-de-saint-nicolas-a-luneville-125581_A\" rel=\"nofollow noopener\" target=\"_blank\"><img decoding=\"async\" loading=\"lazy\" src=\"https:\/\/www.europesays.com\/fr\/wp-content\/uploads\/2025\/10\/fete-de-saint-nicolas-a-luneville-458875-180-180.webp.webp\" width=\"180\" height=\"180\" alt=\"F\u00eate de Saint-Nicolas \u00e0 Lun\u00e9ville\" class=\"border\"\/><\/a><\/li>\n<li class=\"col-12 pt-4\" data-view-id-type=\"1\" data-view-id=\"117538\" data-view-bc=\"0\"><a class=\"image\" href=\"https:\/\/www.jds.fr\/nancy\/manifestations\/marche-de-noel\/marche-de-noel-toul-117538_A\" rel=\"nofollow noopener\" target=\"_blank\"><img decoding=\"async\" loading=\"lazy\" src=\"https:\/\/www.europesays.com\/fr\/wp-content\/uploads\/2025\/10\/marche-de-noel-a-toul-1-273145-180-180.webp.webp\" width=\"180\" height=\"180\" alt=\"March\u00e9 de No\u00ebl \u00e0 Toul 2025\" class=\"border\"\/><\/a><\/li>\n<li class=\"li_gp_div li_gp_div_infeed\"\/>\n<li class=\"col-12 pt-4\" data-view-id-type=\"1\" data-view-id=\"117522\" data-view-bc=\"0\"><a class=\"image\" href=\"https:\/\/www.jds.fr\/nancy\/manifestations\/marche-de-noel\/marche-de-noel-luneville-117522_A\" rel=\"nofollow noopener\" target=\"_blank\"><img decoding=\"async\" loading=\"lazy\" src=\"https:\/\/www.europesays.com\/fr\/wp-content\/uploads\/2025\/10\/marche-de-noel-a-luneville-2-273094-180-180.webp.webp\" width=\"180\" height=\"180\" alt=\"March\u00e9 de No\u00ebl \u00e0 Lun\u00e9ville 2025\" class=\"border\"\/><\/a><\/li>\n<\/ul>\n<p class=\"font-size-30 fw-bold lh-1 mt-0 mb-4\">Je trouve les meilleures sorties dans ma ville<\/p>\n<p><a class=\"gp_div_clic_event\" data-id=\"3841\" rel=\"nofollow noopener\" href=\"https:\/\/www.jds.fr\/scripts\/gp_div_clic.php?redirection&amp;id=3841&amp;format=18\" target=\"_blank\"><img decoding=\"async\" loading=\"lazy\" src=\"https:\/\/www.europesays.com\/fr\/wp-content\/uploads\/2025\/10\/sitv25-jds-pave-desktop-300x600px.jpg\" alt=\"Publicit\u00e9\" border=\"0\" width=\"300\"\/><\/a><\/p>\n<p class=\"mt-0 mb-3 h2\">Newsletter JDS Nancy<\/p>\n<p class=\"font-size-18 fw-normal lh-sm\">Pr\u00eat pour un week-end de folie\u00a0? Chaque jeudi tous les bons plans sorties<\/p>\n","protected":false},"excerpt":{"rendered":"Le 17\/10\/2025 Cave du Coin, 5 Place du Couarail | Toul Tarif de base &#8211; plein tarif La&hellip;\n","protected":false},"author":2,"featured_media":461922,"comment_status":"","ping_status":"","sticky":false,"template":"","format":"standard","meta":{"footnotes":""},"categories":[9635],"tags":[1111,11,1777,674,1011,27,775,1702,12,25],"class_list":{"0":"post-461921","1":"post","2":"type-post","3":"status-publish","4":"format-standard","5":"has-post-thumbnail","7":"category-nancy","8":"tag-actu","9":"tag-actualites","10":"tag-eu","11":"tag-europe","12":"tag-fr","13":"tag-france","14":"tag-grand-est","15":"tag-nancy","16":"tag-news","17":"tag-republique-francaise"},"share_on_mastodon":{"url":"https:\/\/pubeurope.com\/@fr\/115371597278379336","error":""},"_links":{"self":[{"href":"https:\/\/www.europesays.com\/fr\/wp-json\/wp\/v2\/posts\/461921","targetHints":{"allow":["GET"]}}],"collection":[{"href":"https:\/\/www.europesays.com\/fr\/wp-json\/wp\/v2\/posts"}],"about":[{"href":"https:\/\/www.europesays.com\/fr\/wp-json\/wp\/v2\/types\/post"}],"author":[{"embeddable":true,"href":"https:\/\/www.europesays.com\/fr\/wp-json\/wp\/v2\/users\/2"}],"replies":[{"embeddable":true,"href":"https:\/\/www.europesays.com\/fr\/wp-json\/wp\/v2\/comments?post=461921"}],"version-history":[{"count":0,"href":"https:\/\/www.europesays.com\/fr\/wp-json\/wp\/v2\/posts\/461921\/revisions"}],"wp:featuredmedia":[{"embeddable":true,"href":"https:\/\/www.europesays.com\/fr\/wp-json\/wp\/v2\/media\/461922"}],"wp:attachment":[{"href":"https:\/\/www.europesays.com\/fr\/wp-json\/wp\/v2\/media?parent=461921"}],"wp:term":[{"taxonomy":"category","embeddable":true,"href":"https:\/\/www.europesays.com\/fr\/wp-json\/wp\/v2\/categories?post=461921"},{"taxonomy":"post_tag","embeddable":true,"href":"https:\/\/www.europesays.com\/fr\/wp-json\/wp\/v2\/tags?post=461921"}],"curies":[{"name":"wp","href":"https:\/\/api.w.org\/{rel}","templated":true}]}}