{"id":461935,"date":"2025-10-14T08:41:11","date_gmt":"2025-10-14T08:41:11","guid":{"rendered":"https:\/\/www.europesays.com\/fr\/461935\/"},"modified":"2025-10-14T08:41:11","modified_gmt":"2025-10-14T08:41:11","slug":"alain-msieur-lmaire-de-saint-helier-decore-par-la-ville-de-rennes","status":"publish","type":"post","link":"https:\/\/www.europesays.com\/fr\/461935\/","title":{"rendered":"Alain, \u00ab\u00a0M&rsquo;sieur l&rsquo;maire de Saint-H\u00e9lier\u00a0\u00bb, d\u00e9cor\u00e9 par la Ville de Rennes"},"content":{"rendered":"<p>            Par<br \/>\n        <strong><br \/>\n            <a href=\"https:\/\/actu.fr\/auteur\/laurene-fertin\" title=\"Consulter tous les articles de Laur\u00e8ne Fertin\" target=\"_blank\" rel=\"noopener\">Laur\u00e8ne Fertin<\/a><br \/>\n        <\/strong><\/p>\n<p>        Publi\u00e9 le<\/p>\n<p>            14 oct. 2025 \u00e0 10h13        <\/p>\n<p>Pour quelqu\u2019un qui \u00ab\u2009s\u2019en foutait\u2009\u00bb, les yeux \u00e9taient sacr\u00e9ment humides, lundi 13\u00a0octobre 2025, \u00e0 l\u2019h\u00f4tel de Ville de Rennes.<a href=\"https:\/\/actu.fr\/bretagne\/rennes_35238\/votez-alain-votez-malin-a-rennes-connaissez-vous-le-maire-de-st-helier_61679921.html\" target=\"_blank\" rel=\"noopener\">\u00a0Alain Jollivel \u2013 que l\u2019on appelle plus couramment \u00ab\u2009M\u2019sieur l\u2019maire de Saint-H\u00e9lier\u2009\u00bb,<\/a> a \u00e9t\u00e9 <strong>d\u00e9cor\u00e9 d\u2019une m\u00e9daille<\/strong> par Nathalie App\u00e9r\u00e9. Une m\u00e9daille pour <strong>r\u00e9compenser<\/strong> toute une vie d\u00e9di\u00e9e \u00e0 la vie associative, \u00e0 celles des autres, \u00e0 la solidarit\u00e9. Et ce n\u2019\u00e9tait pas gagn\u00e9\u2026 \u00ab\u2009On m\u2019a propos\u00e9 d\u2019\u00eatre d\u00e9cor\u00e9, mais <strong>j\u2019ai d\u2019abord refus\u00e9<\/strong> une premi\u00e8re fois\u2009\u00bb, sourit Alain, qui l\u00e8ve les yeux au ciel. \u00ab\u2009Pourquoi\u2009? Ah ba parce que je m\u2019en foutais compl\u00e8tement\u2009! Mais j\u2019ai fini par dire oui. Et puis ba, c\u2019est quand m\u00eame une belle reconnaissance, faut l\u2019avouer, m\u00eame si \u00e7a fait dr\u00f4le quand m\u00eame\u2026\u2009\u00bb<\/p>\n<p>\u00ab\u2009Il \u00e9tait temps\u2009\u00bb<\/p>\n<p class=\" wall-content\">Un brin <strong>stress\u00e9,<\/strong> avant l\u2019arriv\u00e9e de l\u2019\u00e9dile \u2013 la vraie -, Alain a pu compter sur <strong>ses nombreux amis et b\u00e9n\u00e9voles<\/strong> de l\u2019association Du petit faubourg de Saint-H\u00e9lier, pr\u00e9sents d\u00e8s 16h30.<\/p>\n<p class=\" wall-content\">Cette m\u00eame association que guide Alain, dans laquelle il est adh\u00e9rent depuis 1993, et qui permet chaque ann\u00e9e d\u2019organiser et d\u2019animer <strong>la fameuse Braderie de Saint-H\u00e9lier<\/strong>. Ses galettes saucisses in\u00e9gal\u00e9es, son animation musicale (\u00abcopi\u00e9e mais jamais \u00e9gal\u00e9e\u2009\u00bb non plus) et ses milliers de visiteurs\u2026 Entre autres.<\/p>\n<p class=\" wall-content\">\u00ab\u2009Il \u00e9tait temps qu\u2019il soit d\u00e9cor\u00e9\u2009\u00bb, sourit Amar, b\u00e9n\u00e9vole, lui aussi, dans l\u2019association. <strong>\u00ab\u2009C\u2019est largement m\u00e9rit\u00e9.<\/strong> Il est charmant, bienveillant. Je sens qu\u2019il va pleurer tout \u00e0 l\u2019heure.\u2009\u00bb<\/p>\n<p>\u00ab\u00a0Un po\u00e8me\u00a0\u00bb<\/p>\n<p class=\" wall-content\">En effet, <strong>difficile de garder son \u00e9motion<\/strong> dans cette salle o\u00f9 tous les regards sont tourn\u00e9s vers \u00ab\u2009le p\u2019tit Alain\u2009\u00bb\u2009; sourires larges et appareils photos en main.<\/p>\n<p class=\" wall-content\">Apr\u00e8s quelques minutes d\u2019\u00e9loges prononc\u00e9s par Nathalie App\u00e9r\u00e9, m\u2019sieur l\u2019maire de Saint-H\u00e9lier lit, \u00e0 son tour, un petit discours. Suivi \u00ab\u2009d\u2019un po\u00e8me\u2009\u00bb, qui ne le quitte pas depuis des ann\u00e9es. Ce sont <strong>les v\u0153ux de Jacques Brel du 1\u1d49\u02b3 janvier\u00a01968\u2009:<\/strong><\/p>\n<p>Votre r\u00e9gion, votre actu !<\/p>\n<p>Recevez chaque jour les infos qui comptent pour vous.<\/p>\n<p>\t<a href=\"https:\/\/actu.fr\/newsletter\" class=\"ac-btn ac-btn--corner ac-btn--medium ac-btn--blue800\" target=\"_blank\" rel=\"noopener\">S&rsquo;incrire<\/a><\/p>\n<blockquote class=\"ac-article-quote wall-content\">\n<p>Je l&rsquo;ai toujours gard\u00e9 avec moi, pour progresser et affirmer ce que je pense. Le voici :<\/p>\n<p>\u00ab\u00a0Je vous souhaite des r\u00eaves \u00e0 n&rsquo;en plus finir,<br \/>\net l&rsquo;envie furieuse d&rsquo;en r\u00e9aliser quelques-uns.<br \/>\nJe vous souhaite d&rsquo;aimer ce qu&rsquo;il faut aimer,<br \/>\net d&rsquo;oublier ce qu&rsquo;il faut oublier.<br \/>\nJe vous souhaite des passions.<br \/>\nJe vous souhaite des silences,<br \/>\nje vous souhaite des chants d&rsquo;oiseaux au r\u00e9veil<br \/>\net des rires d&rsquo;enfants.<br \/>\nJe vous souhaite de respecter les diff\u00e9rences des autres,<br \/>\nparce que le m\u00e9rite et la valeur de chacun sont souvent \u00e0<br \/>\nd\u00e9couvrir [&#8230;]\u00a0\u00bb<\/p>\n<p>    <strong>Alain Jollivel<\/strong>\n            <\/p><\/blockquote>\n<p>    <img   decoding=\"async\" loading=\"lazy\" src=\"https:\/\/www.europesays.com\/fr\/wp-content\/uploads\/2025\/10\/image-20251014-082102-096-960x640.jpeg\" alt=\"photo prise le 13\/10\/2025\" width=\"960\" height=\"640\"\/><br \/>\n    Feuille A4 en main, Alain a prononc\u00e9 quelques mots, apr\u00e8s avoir re\u00e7u la m\u00e9daille de la Ville. (\u00a9 Laur\u00e8ne Fertin \/ actu Rennes)\u00ab\u2009C\u2019est gr\u00e2ce \u00e0 vous que j\u2019ai pu r\u00e9ussir\u2009\u00bb<\/p>\n<p class=\" wall-content\">Sans oublier toutes celles et ceux qui ont r\u00e9ussi \u00e0 faire de la rue Saint-H\u00e9lier, comme le souligne Nathalie App\u00e9r\u00e9,<strong> \u00ab\u2009un village o\u00f9 il fait bon vivre\u2009\u00bb,<\/strong> Alain <strong>a remerci\u00e9 chaleureusement<\/strong> ses copains de toujours\u2009: \u00ab\u2009C\u2019est gr\u00e2ce \u00e0 vous que j\u2019ai pu r\u00e9ussir.\u2009\u00bb<\/p>\n<p class=\" wall-content\">Et pour faire perdurer cette belle r\u00e9ussite, alors qu\u2019Alain f\u00eate ses 76 bougies, les plus jeunes vont<strong>\u00a0reprendre les r\u00eanes.<\/strong> \u00ab\u2009L\u2019ann\u00e9e prochaine, on pilote tout\u2009\u00bb, sourient Yann et Quentin. \u00ab\u2009Cette ann\u00e9e, pour la braderie, on a d\u00e9j\u00e0 pas mal aid\u00e9 niveau organisation, notamment sur la logistique.\u2009\u00bb Alain va d\u00e9l\u00e9guer, mais bien s\u00fbr, il sera toujours dans le fond, pr\u00e9sent quelque part, pour donner des conseils, bref, filer un coup de main.<\/p>\n<p class=\" wall-content\">Personnalisez votre actualit\u00e9 en ajoutant vos villes et m\u00e9dias en favori avec <a href=\"https:\/\/moncompte.actu.fr\" title=\"D\u00e9couvez Mon Actu\" rel=\"nofollow noopener\" data-trk=\"{&quot;cta&quot;:{&quot;action&quot;:&quot;https:\\\/\\\/moncompte.actu.fr&quot;,&quot;category&quot;:&quot;mon compte&quot;,&quot;from&quot;:&quot;article footer&quot;,&quot;name&quot;:&quot;Mon actu&quot;,&quot;type&quot;:&quot;cta&quot;}}\" target=\"_blank\">Mon Actu<\/a>.<\/p>\n","protected":false},"excerpt":{"rendered":"Par Laur\u00e8ne Fertin Publi\u00e9 le 14 oct. 2025 \u00e0 10h13 Pour quelqu\u2019un qui \u00ab\u2009s\u2019en foutait\u2009\u00bb, les yeux \u00e9taient&hellip;\n","protected":false},"author":2,"featured_media":461936,"comment_status":"","ping_status":"","sticky":false,"template":"","format":"standard","meta":{"footnotes":""},"categories":[2821],"tags":[1111,11,829,1777,674,1011,27,10736,12,584,25,104,3400],"class_list":{"0":"post-461935","1":"post","2":"type-post","3":"status-publish","4":"format-standard","5":"has-post-thumbnail","7":"category-rennes","8":"tag-actu","9":"tag-actualites","10":"tag-bretagne","11":"tag-eu","12":"tag-europe","13":"tag-fr","14":"tag-france","15":"tag-nathalie-appere","16":"tag-news","17":"tag-rennes","18":"tag-republique-francaise","19":"tag-societe","20":"tag-solidarite"},"share_on_mastodon":{"url":"https:\/\/pubeurope.com\/@fr\/115371631901480117","error":""},"_links":{"self":[{"href":"https:\/\/www.europesays.com\/fr\/wp-json\/wp\/v2\/posts\/461935","targetHints":{"allow":["GET"]}}],"collection":[{"href":"https:\/\/www.europesays.com\/fr\/wp-json\/wp\/v2\/posts"}],"about":[{"href":"https:\/\/www.europesays.com\/fr\/wp-json\/wp\/v2\/types\/post"}],"author":[{"embeddable":true,"href":"https:\/\/www.europesays.com\/fr\/wp-json\/wp\/v2\/users\/2"}],"replies":[{"embeddable":true,"href":"https:\/\/www.europesays.com\/fr\/wp-json\/wp\/v2\/comments?post=461935"}],"version-history":[{"count":0,"href":"https:\/\/www.europesays.com\/fr\/wp-json\/wp\/v2\/posts\/461935\/revisions"}],"wp:featuredmedia":[{"embeddable":true,"href":"https:\/\/www.europesays.com\/fr\/wp-json\/wp\/v2\/media\/461936"}],"wp:attachment":[{"href":"https:\/\/www.europesays.com\/fr\/wp-json\/wp\/v2\/media?parent=461935"}],"wp:term":[{"taxonomy":"category","embeddable":true,"href":"https:\/\/www.europesays.com\/fr\/wp-json\/wp\/v2\/categories?post=461935"},{"taxonomy":"post_tag","embeddable":true,"href":"https:\/\/www.europesays.com\/fr\/wp-json\/wp\/v2\/tags?post=461935"}],"curies":[{"name":"wp","href":"https:\/\/api.w.org\/{rel}","templated":true}]}}