{"id":461939,"date":"2025-10-14T08:43:20","date_gmt":"2025-10-14T08:43:20","guid":{"rendered":"https:\/\/www.europesays.com\/fr\/461939\/"},"modified":"2025-10-14T08:43:20","modified_gmt":"2025-10-14T08:43:20","slug":"plusieurs-travaux-de-vegetalisation-prevus-dans-ces-quartiers-du-centre-ville","status":"publish","type":"post","link":"https:\/\/www.europesays.com\/fr\/461939\/","title":{"rendered":"plusieurs travaux de v\u00e9g\u00e9talisation pr\u00e9vus dans ces quartiers du centre-ville"},"content":{"rendered":"<p>            Par<br \/>\n        <strong><br \/>\n            <a href=\"https:\/\/actu.fr\/auteur\/ivan-capecchi\" title=\"Consulter tous les articles de Ivan CAPECCHI\" target=\"_blank\" rel=\"noopener\">Ivan CAPECCHI<\/a><br \/>\n        <\/strong><\/p>\n<p>        Publi\u00e9 le<\/p>\n<p>            14 oct. 2025 \u00e0 9h37        <\/p>\n<p>Dans un communiqu\u00e9 diffus\u00e9 jeudi dernier, la Ville de Strasbourg annonce plusieurs <a href=\"https:\/\/actu.fr\/tag\/travaux\" target=\"_blank\" rel=\"noopener\">travaux<\/a> de <strong>v\u00e9g\u00e9talisation<\/strong>, dans les secteurs <strong>Neustadt<\/strong> \u2013 <a href=\"https:\/\/actu.fr\/grand-est\/strasbourg_67482\/travaux-secteur-des-halles-a-strasbourg-de-nouvelles-perturbations-prevues-des-vendredi_63057638.html\" target=\"_blank\" rel=\"noopener\">Halles<\/a> \u2013 <strong>Tribunal<\/strong>.<\/p>\n<p>V\u00e9g\u00e9talisation de la place Gis\u00e8le Halimi, rue des Bonnes gens et Jacques Kabl\u00e9<\/p>\n<p class=\" wall-content\">Concr\u00e8tement, \u00ab\u00a0la <strong>v\u00e9g\u00e9talisation de 480 m\u00b2 de surface min\u00e9rale de la place Gis\u00e8le Halimi<\/strong>, avec la <strong>plantation d\u2019arbres<\/strong> et de<strong> massifs arbustifs<\/strong>\u00ab\u00a0, doit intervenir<strong> entre mi-octobre et fin novembre 2025<\/strong>, \u00ab\u00a0<strong>sans perturbation de la circulation<\/strong>\u00ab\u00a0.<\/p>\n<p class=\" wall-content\">Par ailleurs, des travaux de v\u00e9g\u00e9talisation sont pr\u00e9vus <a href=\"https:\/\/actu.fr\/grand-est\/strasbourg_67482\/j-ai-peur-pour-mes-enfants-des-parents-inquiets-par-des-travaux-a-rallonge-devant-une-ecole-a-strasbourg_63270306.html\" target=\"_blank\" rel=\"noopener\">rue des Bonnes gens<\/a>,<strong> du 20 octobre \u00e0 d\u00e9but d\u00e9cembre 2025<\/strong>.<\/p>\n<p class=\" wall-content\">Enfin, <strong>rue Jacques Kabl\u00e9, des plantations d\u2019arbres sont pr\u00e9vues en novembre 2025<\/strong>, \u00e0 la suite du r\u00e9am\u00e9nagement partiel de la rue. Aucun impact n\u2019est attendu sur la <a href=\"https:\/\/actu.fr\/tag\/circulation\" target=\"_blank\" rel=\"noopener\">circulation<\/a>.<\/p>\n<p class=\" wall-content\">Personnalisez votre actualit\u00e9 en ajoutant vos villes et m\u00e9dias en favori avec <a href=\"https:\/\/moncompte.actu.fr\" title=\"D\u00e9couvez Mon Actu\" rel=\"nofollow noopener\" data-trk=\"{&quot;cta&quot;:{&quot;action&quot;:&quot;https:\\\/\\\/moncompte.actu.fr&quot;,&quot;category&quot;:&quot;mon compte&quot;,&quot;from&quot;:&quot;article footer&quot;,&quot;name&quot;:&quot;Mon actu&quot;,&quot;type&quot;:&quot;cta&quot;}}\" target=\"_blank\">Mon Actu<\/a>.<\/p>\n","protected":false},"excerpt":{"rendered":"Par Ivan CAPECCHI Publi\u00e9 le 14 oct. 2025 \u00e0 9h37 Dans un communiqu\u00e9 diffus\u00e9 jeudi dernier, la Ville&hellip;\n","protected":false},"author":2,"featured_media":461940,"comment_status":"","ping_status":"","sticky":false,"template":"","format":"standard","meta":{"footnotes":""},"categories":[2820],"tags":[1111,11,51,1777,674,1011,27,775,12,25,104,640,2086,1352],"class_list":{"0":"post-461939","1":"post","2":"type-post","3":"status-publish","4":"format-standard","5":"has-post-thumbnail","7":"category-strasbourg","8":"tag-actu","9":"tag-actualites","10":"tag-ecologie","11":"tag-eu","12":"tag-europe","13":"tag-fr","14":"tag-france","15":"tag-grand-est","16":"tag-news","17":"tag-republique-francaise","18":"tag-societe","19":"tag-strasbourg","20":"tag-travaux","21":"tag-urbanisme"},"share_on_mastodon":{"url":"https:\/\/pubeurope.com\/@fr\/115371639155564628","error":""},"_links":{"self":[{"href":"https:\/\/www.europesays.com\/fr\/wp-json\/wp\/v2\/posts\/461939","targetHints":{"allow":["GET"]}}],"collection":[{"href":"https:\/\/www.europesays.com\/fr\/wp-json\/wp\/v2\/posts"}],"about":[{"href":"https:\/\/www.europesays.com\/fr\/wp-json\/wp\/v2\/types\/post"}],"author":[{"embeddable":true,"href":"https:\/\/www.europesays.com\/fr\/wp-json\/wp\/v2\/users\/2"}],"replies":[{"embeddable":true,"href":"https:\/\/www.europesays.com\/fr\/wp-json\/wp\/v2\/comments?post=461939"}],"version-history":[{"count":0,"href":"https:\/\/www.europesays.com\/fr\/wp-json\/wp\/v2\/posts\/461939\/revisions"}],"wp:featuredmedia":[{"embeddable":true,"href":"https:\/\/www.europesays.com\/fr\/wp-json\/wp\/v2\/media\/461940"}],"wp:attachment":[{"href":"https:\/\/www.europesays.com\/fr\/wp-json\/wp\/v2\/media?parent=461939"}],"wp:term":[{"taxonomy":"category","embeddable":true,"href":"https:\/\/www.europesays.com\/fr\/wp-json\/wp\/v2\/categories?post=461939"},{"taxonomy":"post_tag","embeddable":true,"href":"https:\/\/www.europesays.com\/fr\/wp-json\/wp\/v2\/tags?post=461939"}],"curies":[{"name":"wp","href":"https:\/\/api.w.org\/{rel}","templated":true}]}}