{"id":461944,"date":"2025-10-14T08:46:10","date_gmt":"2025-10-14T08:46:10","guid":{"rendered":"https:\/\/www.europesays.com\/fr\/461944\/"},"modified":"2025-10-14T08:46:10","modified_gmt":"2025-10-14T08:46:10","slug":"nice-un-centre-de-vaccination-contre-la-grippe-et-le-covid-gratuit-et-sans-rendez-vous-voici-ou","status":"publish","type":"post","link":"https:\/\/www.europesays.com\/fr\/461944\/","title":{"rendered":"Nice. Un centre de vaccination contre la grippe et le Covid gratuit et sans rendez-vous, voici o\u00f9"},"content":{"rendered":"<p>            Par<br \/>\n        <strong><br \/>\n            <a href=\"https:\/\/actu.fr\/auteur\/arthur-frand\" title=\"Consulter tous les articles de Arthur Frand\" target=\"_blank\" rel=\"noopener\">Arthur Frand<\/a><br \/>\n        <\/strong><\/p>\n<p>        Publi\u00e9 le<\/p>\n<p>            14 oct. 2025 \u00e0 10h42        <\/p>\n<p>La campagne automnale contre le Covid et la grippe d\u00e9marre ce mardi 14\u00a0octobre 2025 en France. \u00c0 partir de ce mardi, pr\u00e8s de 19\u00a0millions de Fran\u00e7ais peuvent se faire vacciner contre la grippe et le Covid-19.<\/p>\n<p class=\" wall-content\">\u00c0 <a href=\"https:\/\/actu.fr\/nice\/\" target=\"_blank\" rel=\"noopener\">Nice<\/a> dans les <a href=\"https:\/\/actu.fr\/provence-alpes-cote-d-azur\/alpes-maritimes_06\" target=\"_blank\" rel=\"noopener\">Alpes-Maritimes<\/a>, un centre de vaccination propose les vaccins obligatoires ou recommand\u00e9s. <strong>Gratuitement<\/strong> et <strong>sans rendez-vous<\/strong>. Voici \u00e0 quel endroit.<\/p>\n<p>Un centre de vaccination en centre-ville<\/p>\n<p class=\" wall-content\">\u00c0 Nice, le centre Hancy de la Ville de Nice, situ\u00e9 10, Rue Hancy, <strong>en centre-ville<\/strong> pr\u00e8s de l\u2019avenue Notre-Dame, propose tous les vaccins obligatoires (DTPolio, coqueluche, ROR, H\u00e9patite B, M\u00e9ningites ACWY \/ B, Papillomavirus). \u00c0 partir de ce mardi, il <strong>d\u00e9livre \u00e9galement<\/strong> les vaccins contre le Covid-19 et la grippe saisonni\u00e8re.<\/p>\n<p class=\" wall-content\">Le centre Hancy distille \u00e9galement des conseils selon les modalit\u00e9s m\u00e9dicales pr\u00e9vues dans le calendrier vaccinal \u00e9dit\u00e9 par le Haut Conseil de sant\u00e9 publique.<\/p>\n<p>    <a href=\"https:\/\/www.google.com\/maps\/embed?pb=!1m18!1m12!1m3!1d4777.091726743394!2d7.265640263045197!3d43.70469252097916!2m3!1f0!2f0!3f0!3m2!1i1024!2i768!4f13.1!3m3!1m2!1s0x12cddb9eac48c609%3A0xda2be4363a9944ef!2sSERVICE%20DES%20VACCINATIONS%20VILLE%20DE%20NICE!5e1!3m2!1sfr!2sfr!4v1760427027150!5m2!1sfr!2sfr\" title=\"Ouvrie le lien\" target=\"_blank\" rel=\"noopener\">Cliquez ici pour visualiser le contenu<\/a><\/p>\n<p>Les populations fragiles cibl\u00e9es<\/p>\n<p class=\" wall-content\">Mais qui est concern\u00e9 par cette campagne de vaccination\u2009? L\u2019objectif de la campagne annuelle de vaccination contre la grippe est de \u00ab\u2009prot\u00e9ger les <strong>populations les plus fragiles<\/strong>\u2009\u00bb, pr\u00e9cisent les principales autorit\u00e9s sanitaires fran\u00e7aises.<\/p>\n<p class=\" wall-content\">En m\u00e9tropole, il s\u2019agit principalement <strong>des plus de 65\u00a0ans<\/strong>, mais la population fragile comprend aussi les femmes enceintes ainsi que certains patients atteints de maladies chroniques. La vaccination concerne \u00e9galement la majorit\u00e9 des soignants.<\/p>\n<p>Votre r\u00e9gion, votre actu !<\/p>\n<p>Recevez chaque jour les infos qui comptent pour vous.<\/p>\n<p>\t<a href=\"https:\/\/actu.fr\/newsletter\" class=\"ac-btn ac-btn--corner ac-btn--medium ac-btn--blue800\" target=\"_blank\" rel=\"noopener\">S&rsquo;incrire<\/a><\/p>\n<p class=\" wall-content\">Les deux vaccins, contre la grippe et le Covid-19, peuvent \u00eatre administr\u00e9s par de nombreux soignants\u2009: m\u00e9decins, infirmiers, pharmaciens, sages-femmes\u2026 En 2024-2025, la grippe a entra\u00een\u00e9 pr\u00e8s de trois millions de consultations et environ 30\u2009000 hospitalisations.<\/p>\n<p class=\" wall-content\">\u00c0 Nice, toute personne souhaitant se faire vacciner, m\u00eame si elle ne fait pas partie de la cible, peut <strong>recevoir une injection<\/strong> contre le Covid-19, pr\u00e9cise la Ville dans un communiqu\u00e9.<\/p>\n<p>Quels horaires\u2009?<\/p>\n<p class=\" wall-content\">Le <strong>centre de vaccination Hancy<\/strong>, situ\u00e9 au 10, Rue Hancy, est ouvert du lundi au jeudi 8h30 \u00e0 17h et le vendredi de 8h30 \u00e0 15h45. La vaccination s\u2019effectue sans rendez-vous aux horaires d\u2019ouverture du centre. Pensez \u00e0 vous munir de pi\u00e8ces justificatives (pi\u00e8ce identit\u00e9, carte Vitale, certificat de vaccination pour les rappels). Pour contacter le centre\u2009: par t\u00e9l\u00e9phone au 04.92.17.44.90 ou par courriel\u2009: <a href=\"https:\/\/actu.fr\/cdn-cgi\/l\/email-protection\" class=\"__cf_email__\" data-cfemail=\"31425443475852541f47505252585f5045585e5f427147585d5d541c5f5852541f5743\" target=\"_blank\" rel=\"noopener\">[email\u00a0protected]<\/a><\/p>\n<p class=\" wall-content\">Personnalisez votre actualit\u00e9 en ajoutant vos villes et m\u00e9dias en favori avec <a href=\"https:\/\/moncompte.actu.fr\" title=\"D\u00e9couvez Mon Actu\" rel=\"nofollow noopener\" data-trk=\"{&quot;cta&quot;:{&quot;action&quot;:&quot;https:\\\/\\\/moncompte.actu.fr&quot;,&quot;category&quot;:&quot;mon compte&quot;,&quot;from&quot;:&quot;article footer&quot;,&quot;name&quot;:&quot;Mon actu&quot;,&quot;type&quot;:&quot;cta&quot;}}\" target=\"_blank\">Mon Actu<\/a>.<\/p>\n","protected":false},"excerpt":{"rendered":"Par Arthur Frand Publi\u00e9 le 14 oct. 2025 \u00e0 10h42 La campagne automnale contre le Covid et la&hellip;\n","protected":false},"author":2,"featured_media":461945,"comment_status":"","ping_status":"","sticky":false,"template":"","format":"standard","meta":{"footnotes":""},"categories":[2819],"tags":[1111,11,1777,674,1011,27,12,2401,882,25,71,104,148],"class_list":{"0":"post-461944","1":"post","2":"type-post","3":"status-publish","4":"format-standard","5":"has-post-thumbnail","7":"category-nice","8":"tag-actu","9":"tag-actualites","10":"tag-eu","11":"tag-europe","12":"tag-fr","13":"tag-france","14":"tag-news","15":"tag-nice","16":"tag-provence-alpes-cote-dazur","17":"tag-republique-francaise","18":"tag-sante","19":"tag-societe","20":"tag-vaccination"},"share_on_mastodon":{"url":"https:\/\/pubeurope.com\/@fr\/115371650878565728","error":""},"_links":{"self":[{"href":"https:\/\/www.europesays.com\/fr\/wp-json\/wp\/v2\/posts\/461944","targetHints":{"allow":["GET"]}}],"collection":[{"href":"https:\/\/www.europesays.com\/fr\/wp-json\/wp\/v2\/posts"}],"about":[{"href":"https:\/\/www.europesays.com\/fr\/wp-json\/wp\/v2\/types\/post"}],"author":[{"embeddable":true,"href":"https:\/\/www.europesays.com\/fr\/wp-json\/wp\/v2\/users\/2"}],"replies":[{"embeddable":true,"href":"https:\/\/www.europesays.com\/fr\/wp-json\/wp\/v2\/comments?post=461944"}],"version-history":[{"count":0,"href":"https:\/\/www.europesays.com\/fr\/wp-json\/wp\/v2\/posts\/461944\/revisions"}],"wp:featuredmedia":[{"embeddable":true,"href":"https:\/\/www.europesays.com\/fr\/wp-json\/wp\/v2\/media\/461945"}],"wp:attachment":[{"href":"https:\/\/www.europesays.com\/fr\/wp-json\/wp\/v2\/media?parent=461944"}],"wp:term":[{"taxonomy":"category","embeddable":true,"href":"https:\/\/www.europesays.com\/fr\/wp-json\/wp\/v2\/categories?post=461944"},{"taxonomy":"post_tag","embeddable":true,"href":"https:\/\/www.europesays.com\/fr\/wp-json\/wp\/v2\/tags?post=461944"}],"curies":[{"name":"wp","href":"https:\/\/api.w.org\/{rel}","templated":true}]}}