{"id":461946,"date":"2025-10-14T08:47:25","date_gmt":"2025-10-14T08:47:25","guid":{"rendered":"https:\/\/www.europesays.com\/fr\/461946\/"},"modified":"2025-10-14T08:47:25","modified_gmt":"2025-10-14T08:47:25","slug":"premier-employeur-de-la-region-des-pays-de-la-loire-le-chu-de-nantes-recrute","status":"publish","type":"post","link":"https:\/\/www.europesays.com\/fr\/461946\/","title":{"rendered":"Premier employeur de la r\u00e9gion des Pays de la Loire, le CHU de Nantes recrute"},"content":{"rendered":"<p>            Par<br \/>\n        <strong><br \/>\n            <a href=\"https:\/\/actu.fr\/auteur\/redaction-nantes\" title=\"Consulter tous les articles de R\u00e9daction Nantes\" target=\"_blank\" rel=\"noopener\">R\u00e9daction Nantes<\/a><br \/>\n        <\/strong><\/p>\n<p>        Publi\u00e9 le<\/p>\n<p>            14 oct. 2025 \u00e0 7h16        <\/p>\n<p>Avec plus de 13\u2009000 collaborateurs, le CHU de Nantes est le premier employeur de la r\u00e9gion des <a href=\"https:\/\/actu.fr\/pays-de-la-loire\/\" target=\"_blank\" rel=\"noopener\">Pays de la Loire<\/a>. Soignants, secr\u00e9taires m\u00e9dicales, agents de restauration, chauffeurs poids-lourd, masseurs-kin\u00e9sith\u00e9rapeutes, personnels administratifs composent le personnel de l\u2019h\u00f4pital public. Au total, plus de 150 m\u00e9tiers y sont repr\u00e9sent\u00e9s.<\/p>\n<p class=\" wall-content\"><strong>Ce vendredi 17\u00a0octobre 2025<\/strong>, de <strong>10h \u00e0 16h<\/strong>, le <a href=\"https:\/\/actu.fr\/tag\/chu-de-nantes\" target=\"_blank\" rel=\"noopener\">CHU de Nantes<\/a>, organise un \u00ab\u2009job dating tous m\u00e9tiers\u2009\u00bb, sur le site de l\u2019h\u00f4pital Saint-Jacques.<\/p>\n<p>Rencontre avec les professionnels<\/p>\n<p class=\" wall-content\">Sur place, les candidats pourront directement \u00e9changer avec les recruteurs et les professionnels.<\/p>\n<p class=\" wall-content\">\u00ab\u2009Les job dating offrent un moment privil\u00e9gi\u00e9 d\u2019\u00e9changes directs avec les candidats et leur<br \/>donnent l\u2019occasion de se projeter concr\u00e8tement dans leur futur environnement professionnel. \u00c0 travers cette initiative, le CHU affirme sa volont\u00e9 d\u2019accueillir des talents d\u00e9sireux de rejoindre un collectif o\u00f9 l\u2019esprit d\u2019\u00e9quipe et la richesse des missions rythment le quotidien\u2009\u00bb, indique, S\u00e9bastien Pecker, directeur des ressources humaines du CHU de Nantes.<\/p>\n<p class=\" wall-content\">Selon le CHU de Nantes, des \u00ab\u2009dizaines de postes \u00e0 pourvoir dans des domaines vari\u00e9s\u2009\u00bb.<\/p>\n<p><strong>Infos pratiques<\/strong>\u2009:<br \/>Job dating tous m\u00e9tiers CHU de Nantes, vendredi 17\u00a0octobre 2025.<br \/>Horaires\u2009: 10h \u00e0 17h.<br \/>Lieu\u2009: H\u00f4pital Saint-Jacques, b\u00e2timent Providence, 85 rue Saint-Jacques Nantes.<\/p>\n<p class=\" wall-content\">Personnalisez votre actualit\u00e9 en ajoutant vos villes et m\u00e9dias en favori avec <a href=\"https:\/\/moncompte.actu.fr\" title=\"D\u00e9couvez Mon Actu\" rel=\"nofollow noopener\" data-trk=\"{&quot;cta&quot;:{&quot;action&quot;:&quot;https:\\\/\\\/moncompte.actu.fr&quot;,&quot;category&quot;:&quot;mon compte&quot;,&quot;from&quot;:&quot;article footer&quot;,&quot;name&quot;:&quot;Mon actu&quot;,&quot;type&quot;:&quot;cta&quot;}}\" target=\"_blank\">Mon Actu<\/a>.<\/p>\n","protected":false},"excerpt":{"rendered":"Par R\u00e9daction Nantes Publi\u00e9 le 14 oct. 2025 \u00e0 7h16 Avec plus de 13\u2009000 collaborateurs, le CHU de&hellip;\n","protected":false},"author":2,"featured_media":461947,"comment_status":"","ping_status":"","sticky":false,"template":"","format":"standard","meta":{"footnotes":""},"categories":[2818],"tags":[1111,11,7426,1777,674,1011,27,5113,766,12,2636,25,104],"class_list":{"0":"post-461946","1":"post","2":"type-post","3":"status-publish","4":"format-standard","5":"has-post-thumbnail","7":"category-nantes","8":"tag-actu","9":"tag-actualites","10":"tag-chu-de-nantes","11":"tag-eu","12":"tag-europe","13":"tag-fr","14":"tag-france","15":"tag-job-dating","16":"tag-nantes","17":"tag-news","18":"tag-pays-de-la-loire","19":"tag-republique-francaise","20":"tag-societe"},"share_on_mastodon":{"url":"https:\/\/pubeurope.com\/@fr\/115371654778453430","error":""},"_links":{"self":[{"href":"https:\/\/www.europesays.com\/fr\/wp-json\/wp\/v2\/posts\/461946","targetHints":{"allow":["GET"]}}],"collection":[{"href":"https:\/\/www.europesays.com\/fr\/wp-json\/wp\/v2\/posts"}],"about":[{"href":"https:\/\/www.europesays.com\/fr\/wp-json\/wp\/v2\/types\/post"}],"author":[{"embeddable":true,"href":"https:\/\/www.europesays.com\/fr\/wp-json\/wp\/v2\/users\/2"}],"replies":[{"embeddable":true,"href":"https:\/\/www.europesays.com\/fr\/wp-json\/wp\/v2\/comments?post=461946"}],"version-history":[{"count":0,"href":"https:\/\/www.europesays.com\/fr\/wp-json\/wp\/v2\/posts\/461946\/revisions"}],"wp:featuredmedia":[{"embeddable":true,"href":"https:\/\/www.europesays.com\/fr\/wp-json\/wp\/v2\/media\/461947"}],"wp:attachment":[{"href":"https:\/\/www.europesays.com\/fr\/wp-json\/wp\/v2\/media?parent=461946"}],"wp:term":[{"taxonomy":"category","embeddable":true,"href":"https:\/\/www.europesays.com\/fr\/wp-json\/wp\/v2\/categories?post=461946"},{"taxonomy":"post_tag","embeddable":true,"href":"https:\/\/www.europesays.com\/fr\/wp-json\/wp\/v2\/tags?post=461946"}],"curies":[{"name":"wp","href":"https:\/\/api.w.org\/{rel}","templated":true}]}}