{"id":461958,"date":"2025-10-14T08:54:57","date_gmt":"2025-10-14T08:54:57","guid":{"rendered":"https:\/\/www.europesays.com\/fr\/461958\/"},"modified":"2025-10-14T08:54:57","modified_gmt":"2025-10-14T08:54:57","slug":"mercato-lol-et-lille-en-course-pour-une-pepite-offensive-de-ligue-1","status":"publish","type":"post","link":"https:\/\/www.europesays.com\/fr\/461958\/","title":{"rendered":"Mercato : L\u2019OL et Lille en course pour une p\u00e9pite offensive de Ligue 1"},"content":{"rendered":"<p data-testid=\"article-teaser\">Deux cadors de Ligue 1 veulent frapper fort : Lyon et Lille se disputent d\u00e9j\u00e0 la r\u00e9v\u00e9lation de l\u2019AJ Auxerre.<\/p>\n<p>Depuis son explosion avec l\u2019AJ Auxerre, K\u00e9vin Danois attire tous les regards. Le milieu offensif de 21 ans s\u2019est impos\u00e9 comme l\u2019un des jeunes talents les plus prometteurs du championnat. Travailleur, pr\u00e9cis dans la relance et capable d\u2019\u00e9clairer le jeu d\u2019une passe, le Fran\u00e7ais d\u2019origine guadeloup\u00e9en ne cesse d\u2019impressionner. Alors que son club peine \u00e0 s\u2019extirper du bas du classement, ses performances, elles, restent constantes. Logiquement, plusieurs \u00e9quipes de Ligue 1 se positionnent d\u00e9j\u00e0 pour l\u2019arracher \u00e0 l\u2019AJA. Parmi elles, deux pr\u00e9tendants s\u00e9rieux : l\u2019Olympique Lyonnais et le LOSC.<\/p>\n","protected":false},"excerpt":{"rendered":"Deux cadors de Ligue 1 veulent frapper fort : Lyon et Lille se disputent d\u00e9j\u00e0 la r\u00e9v\u00e9lation de&hellip;\n","protected":false},"author":2,"featured_media":263458,"comment_status":"","ping_status":"","sticky":false,"template":"","format":"standard","meta":{"footnotes":""},"categories":[2815],"tags":[1111,11,4245,1777,674,1011,27,811,58645,66,1307,2428,1434,12,25,28401],"class_list":{"0":"post-461958","1":"post","2":"type-post","3":"status-publish","4":"format-standard","5":"has-post-thumbnail","7":"category-lille","8":"tag-actu","9":"tag-actualites","10":"tag-auxerre","11":"tag-eu","12":"tag-europe","13":"tag-fr","14":"tag-france","15":"tag-hauts-de-france","16":"tag-k-danois","17":"tag-ligue-1","18":"tag-lille","19":"tag-lyon","20":"tag-mercato","21":"tag-news","22":"tag-republique-francaise","23":"tag-transfers"},"share_on_mastodon":{"url":"https:\/\/pubeurope.com\/@fr\/115371686178964067","error":""},"_links":{"self":[{"href":"https:\/\/www.europesays.com\/fr\/wp-json\/wp\/v2\/posts\/461958","targetHints":{"allow":["GET"]}}],"collection":[{"href":"https:\/\/www.europesays.com\/fr\/wp-json\/wp\/v2\/posts"}],"about":[{"href":"https:\/\/www.europesays.com\/fr\/wp-json\/wp\/v2\/types\/post"}],"author":[{"embeddable":true,"href":"https:\/\/www.europesays.com\/fr\/wp-json\/wp\/v2\/users\/2"}],"replies":[{"embeddable":true,"href":"https:\/\/www.europesays.com\/fr\/wp-json\/wp\/v2\/comments?post=461958"}],"version-history":[{"count":0,"href":"https:\/\/www.europesays.com\/fr\/wp-json\/wp\/v2\/posts\/461958\/revisions"}],"wp:featuredmedia":[{"embeddable":true,"href":"https:\/\/www.europesays.com\/fr\/wp-json\/wp\/v2\/media\/263458"}],"wp:attachment":[{"href":"https:\/\/www.europesays.com\/fr\/wp-json\/wp\/v2\/media?parent=461958"}],"wp:term":[{"taxonomy":"category","embeddable":true,"href":"https:\/\/www.europesays.com\/fr\/wp-json\/wp\/v2\/categories?post=461958"},{"taxonomy":"post_tag","embeddable":true,"href":"https:\/\/www.europesays.com\/fr\/wp-json\/wp\/v2\/tags?post=461958"}],"curies":[{"name":"wp","href":"https:\/\/api.w.org\/{rel}","templated":true}]}}