{"id":461959,"date":"2025-10-14T08:56:16","date_gmt":"2025-10-14T08:56:16","guid":{"rendered":"https:\/\/www.europesays.com\/fr\/461959\/"},"modified":"2025-10-14T08:56:16","modified_gmt":"2025-10-14T08:56:16","slug":"gaby-charroux-prone-lunite-au-congres-de-lud-cgt-13","status":"publish","type":"post","link":"https:\/\/www.europesays.com\/fr\/461959\/","title":{"rendered":"Gaby Charroux pr\u00f4ne l\u2019unit\u00e9 au congr\u00e8s de l\u2019UD CGT 13"},"content":{"rendered":"\n<p>\u00ab \u00c0 Martigues, terre de luttes, de r\u00e9sistance, de solidarit\u00e9, la CGT est ici chez elle. Elle l\u2019a toujours \u00e9t\u00e9. Et elle le restera\u00a0\u00bb, a lanc\u00e9 le maire communiste de Martigues, Gaby Charroux (PCF), en ouverture du 59e\u00a0congr\u00e8s de l\u2019Union d\u00e9partementale CGT des Bouches-du-Rh\u00f4ne, qui se d\u00e9roule de lundi \u00e0 mercredi, \u00e0 la Halle de Martigues. \u00ab\u00a0Le congr\u00e8s d\u2019une organisation syndicale n\u2019est jamais un simple rituel ou une formalit\u00e9 \u00e0 exp\u00e9dier. C\u2019est un moment fort, un moment de d\u00e9mocratie r\u00e9elle\u00a0\u00bb, a entam\u00e9 l\u2019\u00e9dile.<\/p>\n<p>Gaby Charroux est \u00e9galement revenu sur la r\u00e9industrialisation du pays de Martigues, soulignant que \u00ab\u00a0la CGT est une organisation sur laquelle il faudra compter, en particulier pour relever les nombreux d\u00e9fis qui s\u2019imposent \u00e0 nous\u00a0\u00bb. Il \u00e9voque \u00ab\u00a0une r\u00e9industrialisation qui doit se faire dans l\u2019int\u00e9r\u00eat des travailleurs, qui doit permettre le maintien des emplois existants, mais aussi la cr\u00e9ation de nouveaux emplois, dans les proportions qui ont pu \u00eatre annonc\u00e9es\u00a0\u00bb.<\/p>\n<p>Avant de lancer un appel \u00e0 \u00ab\u00a0l\u2019unit\u00e9\u00a0\u00bb. \u00ab\u00a0Ce combat pour une industrie vertueuse et socialement juste, pour des services publics de qualit\u00e9 qui accompagnent et soutiennent ce d\u00e9veloppement industriel, nous devons le mener ensemble. Comme nous devons \u00eatre unis face \u00e0 la situation nationale que nous traversons\u00a0\u00bb, tonne-t-il. Et de d\u00e9velopper\u00a0: \u00ab\u00a0Nous avons plus que jamais besoin d\u2019unit\u00e9. Unit\u00e9 politique. Unit\u00e9 syndicale. Unit\u00e9 dans nos organisations qui sont le c\u0153ur battant de la d\u00e9mocratie sociale dans notre pays.\u00a0\u00bb<\/p>\n<p>Notons enfin que la pr\u00e9sence de La Marseillaise n\u2019\u00e9tait pas souhait\u00e9e \u00e0 ce congr\u00e8s qui se d\u00e9roule \u00e0 huis clos pour la plupart des d\u00e9bats. La couverture de l\u2019\u00e9v\u00e9nement sera donc incompl\u00e8te. Une premi\u00e8re dans l\u2019histoire du journal.<\/p>\n","protected":false},"excerpt":{"rendered":"\u00ab \u00c0 Martigues, terre de luttes, de r\u00e9sistance, de solidarit\u00e9, la CGT est ici chez elle. Elle l\u2019a&hellip;\n","protected":false},"author":2,"featured_media":461960,"comment_status":"","ping_status":"","sticky":false,"template":"","format":"standard","meta":{"footnotes":""},"categories":[2814],"tags":[1111,11,13946,1777,674,1011,27,884,12,882,25],"class_list":{"0":"post-461959","1":"post","2":"type-post","3":"status-publish","4":"format-standard","5":"has-post-thumbnail","7":"category-marseille","8":"tag-actu","9":"tag-actualites","10":"tag-debats","11":"tag-eu","12":"tag-europe","13":"tag-fr","14":"tag-france","15":"tag-marseille","16":"tag-news","17":"tag-provence-alpes-cote-dazur","18":"tag-republique-francaise"},"share_on_mastodon":{"url":"https:\/\/pubeurope.com\/@fr\/115371690170226461","error":""},"_links":{"self":[{"href":"https:\/\/www.europesays.com\/fr\/wp-json\/wp\/v2\/posts\/461959","targetHints":{"allow":["GET"]}}],"collection":[{"href":"https:\/\/www.europesays.com\/fr\/wp-json\/wp\/v2\/posts"}],"about":[{"href":"https:\/\/www.europesays.com\/fr\/wp-json\/wp\/v2\/types\/post"}],"author":[{"embeddable":true,"href":"https:\/\/www.europesays.com\/fr\/wp-json\/wp\/v2\/users\/2"}],"replies":[{"embeddable":true,"href":"https:\/\/www.europesays.com\/fr\/wp-json\/wp\/v2\/comments?post=461959"}],"version-history":[{"count":0,"href":"https:\/\/www.europesays.com\/fr\/wp-json\/wp\/v2\/posts\/461959\/revisions"}],"wp:featuredmedia":[{"embeddable":true,"href":"https:\/\/www.europesays.com\/fr\/wp-json\/wp\/v2\/media\/461960"}],"wp:attachment":[{"href":"https:\/\/www.europesays.com\/fr\/wp-json\/wp\/v2\/media?parent=461959"}],"wp:term":[{"taxonomy":"category","embeddable":true,"href":"https:\/\/www.europesays.com\/fr\/wp-json\/wp\/v2\/categories?post=461959"},{"taxonomy":"post_tag","embeddable":true,"href":"https:\/\/www.europesays.com\/fr\/wp-json\/wp\/v2\/tags?post=461959"}],"curies":[{"name":"wp","href":"https:\/\/api.w.org\/{rel}","templated":true}]}}