{"id":461969,"date":"2025-10-14T09:02:09","date_gmt":"2025-10-14T09:02:09","guid":{"rendered":"https:\/\/www.europesays.com\/fr\/461969\/"},"modified":"2025-10-14T09:02:09","modified_gmt":"2025-10-14T09:02:09","slug":"lexploitant-du-bhv-exclu-de-la-federation-des-grands-magasins-a-lunanimite","status":"publish","type":"post","link":"https:\/\/www.europesays.com\/fr\/461969\/","title":{"rendered":"l\u2019exploitant du BHV exclu de la f\u00e9d\u00e9ration des grands magasins \u00ab\u00a0\u00e0 l\u2019unanimit\u00e9\u00a0\u00bb"},"content":{"rendered":"<p>            Par<br \/>\n        <strong><br \/>\n            <a href=\"https:\/\/actu.fr\/auteur\/redaction-paris\" title=\"Consulter tous les articles de R\u00e9daction Paris\" target=\"_blank\" rel=\"noopener\">R\u00e9daction Paris<\/a><br \/>\n        <\/strong><\/p>\n<p>        Publi\u00e9 le<\/p>\n<p>            14 oct. 2025 \u00e0 10h47        <\/p>\n<p>Nouveau rebondissement dans le dossier <strong>Shein<\/strong> au <a href=\"https:\/\/actu.fr\/tag\/bhv\" target=\"_blank\" rel=\"noopener\">BHV<\/a>. L\u2019Union du grand commerce de centre-ville (UCV) a annonc\u00e9 lundi 13\u00a0octobre 2025 exclure \u00ab\u2009\u00e0 l\u2019unanimit\u00e9\u2009\u00bb la Soci\u00e9t\u00e9 des grands magasins (SGM) \u00ab\u2009\u00e0 la suite\u2009\u00bb de l\u2019annonce \u00ab\u2009du <a href=\"https:\/\/actu.fr\/ile-de-france\/paris_75056\/paris-le-geant-de-la-fast-fashion-shein-controverse-va-ouvrir-un-magasin-inedit-au-bhv_63241540.html\" target=\"_blank\" rel=\"noopener\">partenariat entre la plateforme Shein et le BHV<\/a>\u2009\u00bb, embl\u00e9matique \u00e9tablissement parisien.<\/p>\n<p>\u00ab\u2009Une d\u00e9rive pr\u00e9occupante\u2009\u00bb<\/p>\n<p class=\" wall-content\">Le d\u00e9veloppement du g\u00e9ant asiatique de la <strong>mode ultra-\u00e9ph\u00e9m\u00e8re<\/strong>, \u00ab\u2009repose sur un mod\u00e8le de contournement des r\u00e8gles condamn\u00e9 \u00e0 de multiples reprises par les autorit\u00e9s\u2009\u00bb, justifie l\u2019UCV (Le Bon March\u00e9, Printemps, Monoprix, etc.), dans un communiqu\u00e9 commun avec l\u2019Alliance du commerce, dont elle est membre.<\/p>\n<p class=\" wall-content\">Cette d\u00e9cision survient pr\u00e8s de deux semaines apr\u00e8s <a href=\"https:\/\/actu.fr\/ile-de-france\/paris_75056\/une-tres-mauvaise-nouvelle-la-mairie-de-paris-inquiete-face-a-l-ouverture-d-un-magasin-shein-au-bhv_63245451.html\" target=\"_blank\" rel=\"noopener\">l\u2019annonce de l\u2019alliance<\/a> entre la marque asiatique \u2013 jusqu\u2019alors vendue uniquement en ligne et dans des boutiques \u00e9ph\u00e9m\u00e8res \u2013 et la SGM, fonci\u00e8re commerciale co-cr\u00e9\u00e9e par <strong>Fr\u00e9d\u00e9ric Merlin<\/strong> en 2021.<\/p>\n<p class=\" wall-content\">Ce partenariat pr\u00e9voit le lancement, \u00e0 partir de novembre, de <strong>six magasins p\u00e9rennes<\/strong> aux couleurs de Shein, d\u2019abord au BHV Marais, en plein c\u0153ur de Paris, puis dans des Galeries Lafayette, exploit\u00e9es par la SGM \u00e0 Dijon, Reims, Grenoble, Limoges et Angers.<\/p>\n<p class=\" wall-content\">L\u2019UCV y voit \u00ab\u2009une <strong>d\u00e9rive pr\u00e9occupante<\/strong>\u2009: la normalisation d\u2019un mod\u00e8le \u00e9conomique fond\u00e9 sur l\u2019\u00e9vitement des r\u00e8gles communes\u2009\u00bb, et appelle \u00ab\u2009solennellement les pouvoirs publics fran\u00e7ais et europ\u00e9ens\u2009\u00bb \u00e0 des \u00ab\u2009mesures urgentes\u2009\u00bb comme \u00ab\u2009l\u2019instauration de droits de douane sur les produits de moins de 150\u00a0euros import\u00e9s\u2009\u00bb.<\/p>\n<p>\u00ab\u2009Trouver une issue constructive\u2009\u00bb<\/p>\n<p class=\" wall-content\">L\u2019implantation de la marque au BHV a entra\u00een\u00e9 la semaine derni\u00e8re <a href=\"https:\/\/actu.fr\/ile-de-france\/paris_75056\/paris-les-syndicats-du-bhv-appellent-a-la-greve-contre-l-arrivee-de-shein_63280424.html\" target=\"_blank\" rel=\"noopener\">une gr\u00e8ve au sein du grand magasin<\/a>, en difficult\u00e9, et le <a href=\"https:\/\/actu.fr\/ile-de-france\/paris_75056\/arrivee-de-shein-au-bhv-a-paris-l-un-des-principaux-financeurs-du-grand-magasin-s-oppose-au-projet_63255120.html\" target=\"_blank\" rel=\"noopener\">retrait de la Caisse des d\u00e9p\u00f4ts<\/a> de n\u00e9gociations avec la SGM pour le rachat de ses murs. Le groupe Galeries Lafayette a quant \u00e0 lui promis <strong>d\u2019emp\u00eacher l\u2019arriv\u00e9e de Shein<\/strong> dans des magasins \u00e0 son nom.<\/p>\n<p class=\" wall-content\">Dans un message interne r\u00e9v\u00e9l\u00e9 par les \u00c9chos et consult\u00e9 par l\u2019AFP, le pr\u00e9sident du directoire des Galeries Lafayette, Nicolas Houz\u00e9, par ailleurs pr\u00e9sident de l\u2019UCV, et le directeur g\u00e9n\u00e9ral, Arthur Lemoine, ont annonc\u00e9 jeudi avoir discut\u00e9 avec \u00ab\u2009Fr\u00e9d\u00e9ric Merlin et ses \u00e9quipes afin de <strong>trouver une issue<\/strong> constructive\u2009\u00bb.<\/p>\n<p>Votre r\u00e9gion, votre actu !<\/p>\n<p>Recevez chaque jour les infos qui comptent pour vous.<\/p>\n<p>\t<a href=\"https:\/\/actu.fr\/newsletter\" class=\"ac-btn ac-btn--corner ac-btn--medium ac-btn--blue800\" target=\"_blank\" rel=\"noopener\">S&rsquo;incrire<\/a><\/p>\n<p class=\" wall-content\">Ils assurent que \u00ab\u2009le groupe SGM a pris la mesure des <strong>incompatibilit\u00e9s<\/strong> entre les positionnements des marques Shein et Galeries Lafayette\u2009\u00bb, saluant une \u00ab\u2009\u00e9tape importante\u2009\u00bb, sans pr\u00e9ciser les options envisag\u00e9es. Sollicit\u00e9e par l\u2019AFP, la SGM a confirm\u00e9 dialoguer avec les Galeries Lafayette sans commenter son exclusion de l\u2019UCV. \u00c9galement contact\u00e9, le groupe n\u2019a pas r\u00e9agi.<\/p>\n<p class=\" wall-content\">En septembre, la F\u00e9d\u00e9ration des enseignes de l\u2019habillement, autre membre de l\u2019Alliance du commerce avec la F\u00e9d\u00e9ration des enseignes de la chaussure, avait annonc\u00e9 <strong>exclure la fran\u00e7aise Pimkie<\/strong>, qui a elle aussi nou\u00e9 un accord avec Shein.<\/p>\n<p class=\" wall-content\">Avec AFP.<\/p>\n<p class=\" wall-content\">Personnalisez votre actualit\u00e9 en ajoutant vos villes et m\u00e9dias en favori avec <a href=\"https:\/\/moncompte.actu.fr\" title=\"D\u00e9couvez Mon Actu\" rel=\"nofollow noopener\" data-trk=\"{&quot;cta&quot;:{&quot;action&quot;:&quot;https:\\\/\\\/moncompte.actu.fr&quot;,&quot;category&quot;:&quot;mon compte&quot;,&quot;from&quot;:&quot;article footer&quot;,&quot;name&quot;:&quot;Mon actu&quot;,&quot;type&quot;:&quot;cta&quot;}}\" target=\"_blank\">Mon Actu<\/a>.<\/p>\n","protected":false},"excerpt":{"rendered":"Par R\u00e9daction Paris Publi\u00e9 le 14 oct. 2025 \u00e0 10h47 Nouveau rebondissement dans le dossier Shein au BHV.&hellip;\n","protected":false},"author":2,"featured_media":461970,"comment_status":"","ping_status":"","sticky":false,"template":"","format":"standard","meta":{"footnotes":""},"categories":[1888],"tags":[1111,1928,11,1927,4753,215,1777,674,1011,27,12,1926,626,1925,25,104],"class_list":{"0":"post-461969","1":"post","2":"type-post","3":"status-publish","4":"format-standard","5":"has-post-thumbnail","7":"category-paris","8":"tag-actu","9":"tag-actu-paris","10":"tag-actualites","11":"tag-actualites-paris","12":"tag-bhv","13":"tag-commerce","14":"tag-eu","15":"tag-europe","16":"tag-fr","17":"tag-france","18":"tag-news","19":"tag-news-paris","20":"tag-paris","21":"tag-paris-news","22":"tag-republique-francaise","23":"tag-societe"},"share_on_mastodon":{"url":"https:\/\/pubeurope.com\/@fr\/115371713839975173","error":""},"_links":{"self":[{"href":"https:\/\/www.europesays.com\/fr\/wp-json\/wp\/v2\/posts\/461969","targetHints":{"allow":["GET"]}}],"collection":[{"href":"https:\/\/www.europesays.com\/fr\/wp-json\/wp\/v2\/posts"}],"about":[{"href":"https:\/\/www.europesays.com\/fr\/wp-json\/wp\/v2\/types\/post"}],"author":[{"embeddable":true,"href":"https:\/\/www.europesays.com\/fr\/wp-json\/wp\/v2\/users\/2"}],"replies":[{"embeddable":true,"href":"https:\/\/www.europesays.com\/fr\/wp-json\/wp\/v2\/comments?post=461969"}],"version-history":[{"count":0,"href":"https:\/\/www.europesays.com\/fr\/wp-json\/wp\/v2\/posts\/461969\/revisions"}],"wp:featuredmedia":[{"embeddable":true,"href":"https:\/\/www.europesays.com\/fr\/wp-json\/wp\/v2\/media\/461970"}],"wp:attachment":[{"href":"https:\/\/www.europesays.com\/fr\/wp-json\/wp\/v2\/media?parent=461969"}],"wp:term":[{"taxonomy":"category","embeddable":true,"href":"https:\/\/www.europesays.com\/fr\/wp-json\/wp\/v2\/categories?post=461969"},{"taxonomy":"post_tag","embeddable":true,"href":"https:\/\/www.europesays.com\/fr\/wp-json\/wp\/v2\/tags?post=461969"}],"curies":[{"name":"wp","href":"https:\/\/api.w.org\/{rel}","templated":true}]}}