{"id":461977,"date":"2025-10-14T09:06:12","date_gmt":"2025-10-14T09:06:12","guid":{"rendered":"https:\/\/www.europesays.com\/fr\/461977\/"},"modified":"2025-10-14T09:06:12","modified_gmt":"2025-10-14T09:06:12","slug":"le-sous-marin-russe-novorossiisk-a-t-il-connu-une-panne-au-large-des-cotes-francaises-moscou-nie-toute-avarie","status":"publish","type":"post","link":"https:\/\/www.europesays.com\/fr\/461977\/","title":{"rendered":"Le sous-marin russe Novorossiisk a-t-il connu une panne au large des c\u00f4tes fran\u00e7aises\u00a0? Moscou nie toute avarie"},"content":{"rendered":"<p>        <img decoding=\"async\" loading=\"lazy\" src=\"https:\/\/www.europesays.com\/fr\/wp-content\/uploads\/2025\/10\/dab84bb_upload-1-ppffhx1olbxd-mini-magick20251014-47442-ki3qv8.jpg\"  width=\"728\" height=\"410\" alt=\"Le sous-marin russe Novorossiisk a-t-il connu une panne au large des c\u00f4tes fran\u00e7aises\u00a0? La Russie nie toute avarie. (image d\u2019illustration partag\u00e9e par le Commandement maritime de l\u2019Otan)\"\/>  <\/p>\n<p>NATO Maritime Command (via X @NATO_MARCOM)<\/p>\n<p>Le sous-marin russe Novorossiisk a-t-il connu une panne au large des c\u00f4tes fran\u00e7aises\u00a0? La Russie nie toute avarie. (image d\u2019illustration partag\u00e9e par le Commandement maritime de l\u2019Otan)<\/p>\n<p class=\"asset asset-text\">INTERNATIONAL &#8211; Avarie ou op\u00e9ration programm\u00e9e\u00a0? Les sp\u00e9culations vont bon train autour du sous-marin russe d\u2019attaque <a href=\"https:\/\/www.huffingtonpost.fr\/international\/article\/un-sous-marin-russe-en-perdition-pres-de-gibraltar-ce-que-l-on-sait-du-novorossiisk-qui-risque-d-exploser_255391.html\" target=\"_blank\" rel=\"noopener\">Novorossiisk<\/a>, rep\u00e9r\u00e9 au large des c\u00f4tes fran\u00e7aises. Face aux rumeurs circulant sur un dysfonctionnement du navire, la <a href=\"https:\/\/www.huffingtonpost.fr\/international\/article\/la-russie-soupconnee-de-guerre-secrete-sous-l-atlantique-apres-la-decouverte-de-capteurs-au-royaume-uni_248497.html\" target=\"_blank\" rel=\"noopener\">Russie<\/a>, d\u2019ordinaire taiseuse, s\u2019est fendue d\u2019un communiqu\u00e9 le lundi 13\u00a0octobre pour nier tout probl\u00e8me technique.<\/p>\n<p class=\"asset asset-text\">Il faut dire que les m\u00e9saventures du Novorossiisk, qu\u2019elles soient r\u00e9elles ou de simples rumeurs, ont valu des moqueries \u00e0 Moscou jusqu\u2019au sommet de l\u2019Otan. Tout a d\u00e9but\u00e9 fin septembre lorsque la cha\u00eene Telegram russe d\u2019opposition Tch\u00e9ka-OGPU, qui compte plus de 330\u00a0000\u00a0abonn\u00e9s, a assur\u00e9 que le sous-marin militaire avait rencontr\u00e9 de \u00ab\u00a0graves probl\u00e8mes techniques\u00a0\u00bb au large de Gibraltar.<\/p>\n<p class=\"asset asset-text\">\u00c0 la suite d\u2019une fuite importante de carburant faisant courir un \u00ab\u00a0risque d\u2019explosion\u00a0\u00bb, l\u2019\u00e9quipage en difficult\u00e9 aurait alors fait \u00e9merger l\u2019appareil,qui a ensuite \u00e9t\u00e9 aper\u00e7u vers la Bretagne. La situation n\u2019a pas manqu\u00e9 de faire r\u00e9agir Mark Rutte, secr\u00e9taire g\u00e9n\u00e9ral de l\u2019Otan, lors d\u2019<a href=\"https:\/\/www.nato.int\/cps\/en\/natohq\/opinions_238380.htm#:~:text=What%20a%20change%20from%20the,we%20ensure%20we%20are%20prepared.\" target=\"_blank\" rel=\"noopener\" title=\"Nouvelle fen\u00eatre\">un discours<\/a> lundi en Slov\u00e9nie. Il a compar\u00e9 la flotte russe actuelle \u00e0 celle des Sovi\u00e9tiques, mise en sc\u00e8ne dans les livres d\u2019espionnage.<\/p>\n<p class=\"asset asset-text\">\u00ab\u00a0Quel changement par rapport au roman de Tom Clancy de 1984 \u00c0 la poursuite d\u2019Octobre rouge\u00a0?, s\u2019est amus\u00e9 le patron de l\u2019Alliance Atlantique. Aujourd\u2019hui \u00e7a ressemble plus \u00e0 la recherche du m\u00e9canicien le plus proche.\u00a0\u00bb Apr\u00e8s avoir ironis\u00e9 sur le cas de ce navire \u00ab\u00a0endommag\u00e9\u00a0\u00bb rentrant \u00ab\u00a0en boitant\u00a0\u00bb \u00e0 bon port, <a href=\"https:\/\/www.huffingtonpost.fr\/international\/article\/donald-trump-daddy-le-chef-de-l-otan-mark-rutte-dement-l-avoir-surnomme-ainsi-et-se-justifie_251880.html\" target=\"_blank\" rel=\"noopener\">Mark Rutte<\/a> a assur\u00e9 qu\u2019il n\u2019y a \u00ab\u00a0pratiquement plus aucune pr\u00e9sence navale russe en M\u00e9diterran\u00e9e\u00a0\u00bb.<\/p>\n<p>                     La Russie d\u00e9nonce les rumeurs    <\/p>\n<p class=\"asset asset-text\">Toutes les critiques et les rumeurs sur son sous-marin ont conduit la Russie \u00e0 r\u00e9agir lundi via l\u2019agence de presse d\u2019\u00c9tat <a href=\"https:\/\/tass.com\/defense\/2028801\" target=\"_blank\" rel=\"noopener\" title=\"Nouvelle fen\u00eatre\">Tass<\/a>. \u00ab\u00a0Les informations diffus\u00e9es par un certain nombre de m\u00e9dias sur un pr\u00e9tendu dysfonctionnement et, par cons\u00e9quent, sur l\u2019\u00e9mersion d\u2019urgence du sous-marin diesel-\u00e9lectrique Novorossiisk au large des c\u00f4tes fran\u00e7aises ne sont pas vraies\u00a0\u00bb, a indiqu\u00e9 la flotte de la mer Noire (\u00e0 laquelle appartient le sous-marin) dans son communiqu\u00e9.<\/p>\n<p class=\"asset asset-text\">Elle assure que l\u2019\u00e9quipage de son sous-marin \u00ab\u00a0effectue actuellement un voyage \u201cinter-flotte\u201d programm\u00e9 apr\u00e8s avoir accompli des missions au sein de la force op\u00e9rationnelle permanente de la marine russe en M\u00e9diterran\u00e9e\u00a0\u00bb. Concernant le fait que l\u2019appareil \u00e9tait \u00e9merg\u00e9, le communiqu\u00e9 assure que la d\u00e9cision a \u00e9t\u00e9 prise \u00ab\u00a0conform\u00e9ment \u00e0 la r\u00e9glementation internationale de navigation\u00a0\u00bb. \u00ab\u00a0Les sous-marins traversent la Manche exclusivement en surface\u00a0\u00bb, poursuit-il.<\/p>\n<p> La lecture de ce contenu est susceptible d\u2019entra\u00eener un d\u00e9p\u00f4t de cookies de la part de l\u2019op\u00e9rateur tiers qui l\u2019h\u00e9berge. Compte-tenu des choix que vous avez exprim\u00e9s en mati\u00e8re de d\u00e9p\u00f4t de cookies, nous avons bloqu\u00e9 l\u2019affichage de ce contenu. Si vous souhaitez y acc\u00e9der, vous devez accepter la cat\u00e9gorie de cookies \u201cContenus tiers\u201d en cliquant sur le bouton ci-dessous. <\/p>\n<p> Lire la Vid\u00e9o        <\/p>\n<p class=\"asset asset-text\">Le 9\u00a0octobre dernier, le Commandement maritime de l\u2019Otan avait partag\u00e9 sur X une photo d\u2019un bateau et un sous-marin, pr\u00e9sent\u00e9s comme \u00ab\u00a0une fr\u00e9gate de la marine fran\u00e7aise\u00a0\u00bb surveillant \u00ab\u00a0un sous-marin russe op\u00e9rant au large des c\u00f4tes bretonnes\u00a0\u00bb. \u00ab\u00a0L\u2019Otan se tient pr\u00eate \u00e0 d\u00e9fendre notre Alliance en faisant preuve d\u2019une vigilance constante\u00a0\u00bb, assurait le message <strong>que vous pouvez voir ci-dessus<\/strong>.<\/p>\n<p class=\"asset asset-text\">Le sous-marin Novorossiisk s\u2019est \u00e9loign\u00e9 des c\u00f4tes fran\u00e7aises et se trouvait samedi en mer du Nord d\u2019apr\u00e8s les autorit\u00e9s n\u00e9erlandaises, cit\u00e9es par la <a href=\"https:\/\/www.bbc.com\/news\/articles\/ckgk2pn4v9lo\" target=\"_blank\" rel=\"noopener\" title=\"Nouvelle fen\u00eatre\">BBC<\/a>.<\/p>\n","protected":false},"excerpt":{"rendered":"NATO Maritime Command (via X @NATO_MARCOM) Le sous-marin russe Novorossiisk a-t-il connu une panne au large des c\u00f4tes&hellip;\n","protected":false},"author":2,"featured_media":461978,"comment_status":"","ping_status":"","sticky":false,"template":"","format":"standard","meta":{"footnotes":""},"categories":[1591],"tags":[11,1887,14,12,136,1885,1886,132,36558],"class_list":{"0":"post-461977","1":"post","2":"type-post","3":"status-publish","4":"format-standard","5":"has-post-thumbnail","7":"category-russie","8":"tag-actualites","9":"tag-federation-de-russie","10":"tag-international","11":"tag-news","12":"tag-otan","13":"tag-russia","14":"tag-russian-federation","15":"tag-russie","16":"tag-sous-marin"},"share_on_mastodon":{"url":"https:\/\/pubeurope.com\/@fr\/115371729585503546","error":""},"_links":{"self":[{"href":"https:\/\/www.europesays.com\/fr\/wp-json\/wp\/v2\/posts\/461977","targetHints":{"allow":["GET"]}}],"collection":[{"href":"https:\/\/www.europesays.com\/fr\/wp-json\/wp\/v2\/posts"}],"about":[{"href":"https:\/\/www.europesays.com\/fr\/wp-json\/wp\/v2\/types\/post"}],"author":[{"embeddable":true,"href":"https:\/\/www.europesays.com\/fr\/wp-json\/wp\/v2\/users\/2"}],"replies":[{"embeddable":true,"href":"https:\/\/www.europesays.com\/fr\/wp-json\/wp\/v2\/comments?post=461977"}],"version-history":[{"count":0,"href":"https:\/\/www.europesays.com\/fr\/wp-json\/wp\/v2\/posts\/461977\/revisions"}],"wp:featuredmedia":[{"embeddable":true,"href":"https:\/\/www.europesays.com\/fr\/wp-json\/wp\/v2\/media\/461978"}],"wp:attachment":[{"href":"https:\/\/www.europesays.com\/fr\/wp-json\/wp\/v2\/media?parent=461977"}],"wp:term":[{"taxonomy":"category","embeddable":true,"href":"https:\/\/www.europesays.com\/fr\/wp-json\/wp\/v2\/categories?post=461977"},{"taxonomy":"post_tag","embeddable":true,"href":"https:\/\/www.europesays.com\/fr\/wp-json\/wp\/v2\/tags?post=461977"}],"curies":[{"name":"wp","href":"https:\/\/api.w.org\/{rel}","templated":true}]}}