{"id":461989,"date":"2025-10-14T09:12:11","date_gmt":"2025-10-14T09:12:11","guid":{"rendered":"https:\/\/www.europesays.com\/fr\/461989\/"},"modified":"2025-10-14T09:12:11","modified_gmt":"2025-10-14T09:12:11","slug":"jai-decouvert-le-montant-de-ma-retraite-et-jai-eu-un-choc-ce-que-le-nouveau-panorama-2025-revele-sur-les-pensions-des-francais","status":"publish","type":"post","link":"https:\/\/www.europesays.com\/fr\/461989\/","title":{"rendered":"\u00ab J\u2019ai d\u00e9couvert le montant de ma retraite et j\u2019ai eu un choc \u00bb : ce que le nouveau Panorama 2025 r\u00e9v\u00e8le sur les pensions des fran\u00e7ais"},"content":{"rendered":"<p>\u00ab Quel sera mon montant de retraite ? \u00bb : pour de nombreux Fran\u00e7ais approchant l&rsquo;\u00e2ge fatidique, la r\u00e9ponse r\u00e9sonne comme un \u00e9lectrochoc. En ce mois d&rsquo;octobre 2025, alors que l&rsquo;automne s&rsquo;installe et que la DREES vient de livrer son tr\u00e8s attendu Panorama annuel, le verdict tombe. Derri\u00e8re les chiffres, ce sont des histoires personnelles, des r\u00eaves bouscul\u00e9s et des ajustements de vie qui s&rsquo;expriment. Le nouveau Panorama 2025, bas\u00e9 sur l&rsquo;ensemble des donn\u00e9es arr\u00eat\u00e9es fin 2023, met en lumi\u00e8re la <strong>r\u00e9alit\u00e9 crue des pensions fran\u00e7aises<\/strong> : entre espoirs, surprises et parfois d\u00e9ceptions, que r\u00e9v\u00e8le-t-il sur le syst\u00e8me et, surtout, sur ceux qui s&rsquo;appr\u00eatent \u00e0 embarquer dans ce \u00ab long fleuve pas forc\u00e9ment tranquille \u00bb qu&rsquo;est la retraite ?<\/p>\n<p>Le choc de la premi\u00e8re estimation : quand la r\u00e9alit\u00e9 des pensions s&rsquo;impose<\/p>\n<p>Attendre la lettre tant redout\u00e9e de sa caisse de retraite, c&rsquo;est un peu comme ouvrir un bulletin de notes : l&rsquo;espoir de bonnes nouvelles, m\u00eal\u00e9 \u00e0 une pointe d&rsquo;angoisse. L&rsquo;image d&rsquo;un dernier salaire transform\u00e9 en pension mensuelle reste souvent bien diff\u00e9rente de la r\u00e9alit\u00e9. La d\u00e9couverte du montant exact \u2013 ce <strong>fameux chiffre, fruit de toute une carri\u00e8re<\/strong> \u2013 peut s&rsquo;av\u00e9rer brutale.<\/p>\n<p>Entre attentes et v\u00e9rit\u00e9s : comment le montant de sa future retraite bouleverse les projets<\/p>\n<p>Beaucoup imaginaient profiter pleinement de leurs vieux jours, voyager, aider les enfants, ou encore r\u00e9nover la maison familiale. Or, passer de l&rsquo;esp\u00e9rance \u00e0 la certitude chiffr\u00e9e bouleverse souvent cette douce illusion. En moyenne, un retrait\u00e9 r\u00e9sidant en France per\u00e7oit ainsi <strong>1 541\u00a0\u20ac net<\/strong> par mois au titre du droit direct (hors pension de r\u00e9version) fin 2023. Une somme bien \u00e9loign\u00e9e du salaire moyen et loin d&rsquo;\u00eatre homog\u00e8ne d&rsquo;un profil \u00e0 l&rsquo;autre.<\/p>\n<p>De la surprise \u00e0 l&rsquo;inqui\u00e9tude : les r\u00e9actions face aux chiffres du Panorama 2025<\/p>\n<p>Face \u00e0 la cruelle objectivit\u00e9 du Panorama 2025, certains accusent le coup, parfois am\u00e8rement. Les statistiques r\u00e9v\u00e8lent que seule une mince tranche de retrait\u00e9s touche le maximum, tandis que d&rsquo;autres voient leur niveau de vie mis \u00e0 l&rsquo;\u00e9preuve par une pension jug\u00e9e modeste. Ce grand \u00e9cart peut susciter, d\u00e8s la premi\u00e8re estimation, <strong>autant d&rsquo;incompr\u00e9hensions que d&rsquo;anxi\u00e9t\u00e9<\/strong>. D&rsquo;autant que les nouvelles donn\u00e9es ne font qu&rsquo;appuyer un sentiment croissant\u00a0: la retraite, en France, n&rsquo;est plus la promesse dor\u00e9e qu&rsquo;on s&rsquo;en faisait.<\/p>\n<p>Ce que nous apprend le Panorama 2025 : d\u00e9cryptage des tendances marquantes<\/p>\n<p>Le rapport, d\u00e9voil\u00e9 \u00e0 la veille des frimas, dresse un \u00e9tat des lieux qui est loin de l&rsquo;image fantasm\u00e9e de la \u00ab retraite \u00e0 la fran\u00e7aise \u00bb. Place aux <strong>faits concrets<\/strong>, sans faux-semblants.<\/p>\n<p>370 milliards d&rsquo;euros en jeu : qui b\u00e9n\u00e9ficie vraiment du syst\u00e8me ?<\/p>\n<p>En 2023, c&rsquo;est un v\u00e9ritable pactole de <strong>370 milliards d&rsquo;euros<\/strong> qui a \u00e9t\u00e9 vers\u00e9 aux retrait\u00e9s fran\u00e7ais, repr\u00e9sentant <strong>13,1\u00a0% du PIB<\/strong> et pr\u00e8s de la moiti\u00e9 des prestations de protection sociale. Sur les 17,2\u00a0millions de retrait\u00e9s de droit direct (dont 16,3\u00a0millions r\u00e9sident en France), une part notable \u2013 4,4\u00a0millions \u2013 per\u00e7oit une pension de r\u00e9version. Et pour pr\u00e8s de <strong>781 000\u00a0nouveaux liquidants<\/strong>, la premi\u00e8re pension, souvent calcul\u00e9e au centime pr\u00e8s, a \u00e9t\u00e9 mise en paiement en 2023.<\/p>\n<tr>\nIndicateur<br \/>\nValeur fin 2023<br \/>\n<\/tr>\n<tr>\n<td>Montant moyen brut\/mois (droit direct, r\u00e9sidents France)<\/td>\n<td>1 666\u00a0\u20ac<\/td>\n<\/tr>\n<tr>\n<td>Montant moyen net\/mois<\/td>\n<td>1 541\u00a0\u20ac<\/td>\n<\/tr>\n<tr>\n<td>Part des pensions de r\u00e9version<\/td>\n<td>11\u00a0%<\/td>\n<\/tr>\n<tr>\n<td>\u00c2ge conjoncturel moyen au d\u00e9part<\/td>\n<td>62 ans et 9 mois<\/td>\n<\/tr>\n<p>\u00c2ge de d\u00e9part, montants moyens, \u00e9volutions : les donn\u00e9es qui bousculent les id\u00e9es re\u00e7ues<\/p>\n<p>L&rsquo;\u00e2ge conjoncturel moyen de d\u00e9part s&rsquo;\u00e9tablit d\u00e9sormais \u00e0 62\u00a0ans et 9\u00a0mois (avec une nuance selon le genre : <strong>63\u00a0ans et 1\u00a0mois pour les femmes<\/strong>, <strong>62\u00a0ans et 4 mois pour les hommes<\/strong>), tandis que l&rsquo;\u00ab\u00a0\u00e2ge des nouveaux liquidants\u00a0\u00bb atteint 62\u00a0ans et 8\u00a0mois. Les politiques de recul progressif de l&rsquo;\u00e2ge se font d\u00e9j\u00e0 sentir : l&rsquo;\u00e2ge conjoncturel a ainsi grimp\u00e9 de 2 ans et 3\u00a0mois depuis 2010. Si le montant net moyen de pension cro\u00eet de <strong>2,4\u00a0% en euros courants<\/strong> (avant inflation, entre fin 2022 et fin 2023), il diminue en r\u00e9alit\u00e9 de <strong>1,2\u00a0% en euros constants<\/strong>, inflation oblige (3,7\u00a0% sur la p\u00e9riode).<\/p>\n<p>Derri\u00e8re la moyenne, de fortes in\u00e9galit\u00e9s : zoom sur les disparit\u00e9s fran\u00e7aises<\/p>\n<p>Sous la surface des moyennes statistiques se cachent, comme souvent, des r\u00e9alit\u00e9s multiples et parfois antagonistes.<\/p>\n<p>Retraites selon le secteur, le genre ou la carri\u00e8re : un paysage \u00e0 plusieurs vitesses<\/p>\n<p>L&rsquo;\u00e9cart de pension entre femmes et hommes en droit direct demeure abyssal, m\u00eame s&rsquo;il tend \u00e0 diminuer : <strong>\u201338\u00a0% en 2023<\/strong> (contre \u201350\u00a0% en 2004). Lorsqu&rsquo;on int\u00e8gre les pensions de r\u00e9version, l&rsquo;\u00e9cart se r\u00e9duit \u00e0 \u201325\u00a0%. Outre le genre, l&rsquo;appartenance \u00e0 un r\u00e9gime (g\u00e9n\u00e9ral, fonction publique, r\u00e9gimes sp\u00e9ciaux) influence nettement le niveau de pension, tout comme la carri\u00e8re \u2013 hach\u00e9e ou lin\u00e9aire, temps partiel, interruptions\u2026 Un <a href=\"https:\/\/journaldesseniors.20minutes.fr\/argent\/1-200-1-400-ou-1-600-euros-ce-seuil-des-petites-retraites-qui-fait-debat-pour-la-revalorisation-des-pensions-en-2025\/\" target=\"_blank\" rel=\"noopener\">minimum contributif<\/a> s&rsquo;applique encore, plafonn\u00e9 \u00e0 <strong>747,69\u00a0\u20ac par mois en 2025<\/strong> (hors majoration), mais avec une possibilit\u00e9 d&rsquo;atteindre <strong>893,65\u00a0\u20ac<\/strong> pour les carri\u00e8res longues et compl\u00e8tes.<\/p>\n<p>Les \u00e9carts r\u00e9gionaux et profils atypiques : quand la variable retraite s&rsquo;\u00e9crit au pluriel<\/p>\n<p>La France des retraites n&rsquo;est pas uniforme. Certains r\u00e9gimes sp\u00e9ciaux offrent des \u00e2ges de d\u00e9part plus pr\u00e9coces\u00a0: \u00e0 la SNCF, la RATP ou la CNIEG, la moyenne \u00ab\u00a0conjoncturelle\u00a0\u00bb reste <strong>inf\u00e9rieure \u00e0 celle du r\u00e9gime g\u00e9n\u00e9ral<\/strong> (63 ans et 6 mois). Ajoutez \u00e0 cela les sp\u00e9cificit\u00e9s r\u00e9gionales, les parcours non-lin\u00e9aires, ou les pensions d&rsquo;expatri\u00e9s, et l&rsquo;on comprend vite que la retraite se d\u00e9cline au pluriel, loin d&rsquo;un mod\u00e8le monolithique.<\/p>\n<p>Face \u00e0 la r\u00e9alit\u00e9, comment s&rsquo;adapter ? Strat\u00e9gies et pistes pour mieux pr\u00e9parer sa retraite<\/p>\n<p>Devant le choc du chiffre, inutile de baisser les bras\u00a0: l&rsquo;anticipation et la pr\u00e9paration sont les <strong>v\u00e9ritables armes<\/strong> pour aborder la retraite plus sereinement.<\/p>\n<p>Revoir ses calculs, anticiper, consulter : des r\u00e9flexes devenus indispensables<\/p>\n<p>Il n&rsquo;est jamais trop t\u00f4t pour faire ses comptes, surtout avec les outils d\u00e9sormais accessibles \u00e0 tous. Prendre rendez-vous avec un conseiller, passer au crible ses relev\u00e9s de carri\u00e8re, d\u00e9tecter d&rsquo;\u00e9ventuelles erreurs, envisager une surcote ou racheter des trimestres\u2026 Ces <strong>nouveaux r\u00e9flexes<\/strong> sont devenus incontournables \u00e0 l&rsquo;approche de la soixantaine.<\/p>\n<p>Outils, simulateurs et conseils pour ne pas subir le choc le jour de la d\u00e9couverte<\/p>\n<p>Les simulateurs officiels, simplifi\u00e9s et accessibles en ligne, permettent d&rsquo;affiner ses projections. Penser aussi \u00e0 diversifier ses sources de revenus par l&rsquo;\u00e9pargne, les <strong>placements adapt\u00e9s<\/strong> \u00e0 sa situation, ou d&rsquo;autres solutions compl\u00e9mentaires, pour contrer l&rsquo;\u00e9ventuelle baisse du pouvoir d&rsquo;achat li\u00e9e \u00e0 la retraite. Car, m\u00eame si le taux de pauvret\u00e9 des retrait\u00e9s reste plus bas que celui de l&rsquo;ensemble de la population (10\u00a0% contre 14,4\u00a0%), la vigilance demeure incontournable.<\/p>\n<p> Ce que r\u00e9v\u00e8le le Panorama 2025 sur notre rapport \u00e0 la retraite<\/p>\n<p>Loin de l&rsquo;image d&rsquo;\u00c9pinal, la retraite fran\u00e7aise se complexifie. Les chiffres du Panorama r\u00e9veillent des interrogations collectives et individuelles, nourrissant une <strong>r\u00e9flexion n\u00e9cessaire<\/strong> sur notre rapport au travail, \u00e0 la solidarit\u00e9 et \u00e0 la pr\u00e9voyance.<\/p>\n<p> Quelles le\u00e7ons tirer de ces constats pour l&rsquo;avenir du syst\u00e8me fran\u00e7ais ?<\/p>\n<p>L&rsquo;ampleur des montants engag\u00e9s \u2013 <strong>370\u00a0milliards d&rsquo;euros<\/strong> \u2013 et la diversit\u00e9 des situations doivent conduire \u00e0 repenser collectivement l&rsquo;\u00e9quilibre du syst\u00e8me. L&rsquo;augmentation de l&rsquo;\u00e2ge conjoncturel de d\u00e9part, les in\u00e9galit\u00e9s persistantes et le poids croissant des pensions invitent \u00e0 maintenir le dialogue sur la r\u00e9forme, l&rsquo;ajustement, et pourquoi pas l&rsquo;innovation.<\/p>\n<p> Comment ces donn\u00e9es nourrissent le d\u00e9bat et invitent \u00e0 changer notre regard sur la retraite<\/p>\n<p>La publication automnale du Panorama 2025 arrive \u00e0 point nomm\u00e9\u00a0: le moment est venu de d\u00e9passer les clich\u00e9s, de s&rsquo;armer de p\u00e9dagogie et d&rsquo;adaptabilit\u00e9. Plus que jamais, il faut <strong>encourager l&rsquo;information<\/strong>, la comparaison des parcours et l&rsquo;accompagnement personnalis\u00e9, pour que la \u00ab\u00a0d\u00e9couverte choc\u00a0\u00bb ne rime plus avec d\u00e9sillusion, mais avec anticipation et choix assum\u00e9s.<\/p>\n<p>Alors que les feuilles tombent et que l&rsquo;ann\u00e9e file vers sa fin, une \u00e9vidence s&rsquo;impose\u00a0: la retraite, d\u00e9sormais, ne s&rsquo;improvise plus. Entre espoirs, r\u00e9alit\u00e9s et d\u00e9fis \u00e0 venir, le Panorama 2025 rappelle que si chaque Fran\u00e7ais aura un jour son chiffre, il importe d&rsquo;en faire une force, et non une fatalit\u00e9.<\/p>\n<p>Source des donn\u00e9es\u00a0: Panorama 2025 de la DREES, \u00e9dition publi\u00e9e le 31\/07\/2025, donn\u00e9es arr\u00eat\u00e9es fin 2023 (fiches \u00e2ge, montants, masses, niveau de vie).<\/p>\n","protected":false},"excerpt":{"rendered":"\u00ab Quel sera mon montant de retraite ? \u00bb : pour de nombreux Fran\u00e7ais approchant l&rsquo;\u00e2ge fatidique, la&hellip;\n","protected":false},"author":2,"featured_media":461990,"comment_status":"","ping_status":"","sticky":false,"template":"","format":"standard","meta":{"footnotes":""},"categories":[1586],"tags":[11,1777,674,1779,1011,27,12,56,25,1778,364],"class_list":{"0":"post-461989","1":"post","2":"type-post","3":"status-publish","4":"format-standard","5":"has-post-thumbnail","7":"category-europe","8":"tag-actualites","9":"tag-eu","10":"tag-europe","11":"tag-european-union","12":"tag-fr","13":"tag-france","14":"tag-news","15":"tag-push","16":"tag-republique-francaise","17":"tag-ue","18":"tag-union-europeenne"},"share_on_mastodon":{"url":"https:\/\/pubeurope.com\/@fr\/115371753102653828","error":""},"_links":{"self":[{"href":"https:\/\/www.europesays.com\/fr\/wp-json\/wp\/v2\/posts\/461989","targetHints":{"allow":["GET"]}}],"collection":[{"href":"https:\/\/www.europesays.com\/fr\/wp-json\/wp\/v2\/posts"}],"about":[{"href":"https:\/\/www.europesays.com\/fr\/wp-json\/wp\/v2\/types\/post"}],"author":[{"embeddable":true,"href":"https:\/\/www.europesays.com\/fr\/wp-json\/wp\/v2\/users\/2"}],"replies":[{"embeddable":true,"href":"https:\/\/www.europesays.com\/fr\/wp-json\/wp\/v2\/comments?post=461989"}],"version-history":[{"count":0,"href":"https:\/\/www.europesays.com\/fr\/wp-json\/wp\/v2\/posts\/461989\/revisions"}],"wp:featuredmedia":[{"embeddable":true,"href":"https:\/\/www.europesays.com\/fr\/wp-json\/wp\/v2\/media\/461990"}],"wp:attachment":[{"href":"https:\/\/www.europesays.com\/fr\/wp-json\/wp\/v2\/media?parent=461989"}],"wp:term":[{"taxonomy":"category","embeddable":true,"href":"https:\/\/www.europesays.com\/fr\/wp-json\/wp\/v2\/categories?post=461989"},{"taxonomy":"post_tag","embeddable":true,"href":"https:\/\/www.europesays.com\/fr\/wp-json\/wp\/v2\/tags?post=461989"}],"curies":[{"name":"wp","href":"https:\/\/api.w.org\/{rel}","templated":true}]}}