{"id":462031,"date":"2025-10-14T09:35:12","date_gmt":"2025-10-14T09:35:12","guid":{"rendered":"https:\/\/www.europesays.com\/fr\/462031\/"},"modified":"2025-10-14T09:35:12","modified_gmt":"2025-10-14T09:35:12","slug":"il-faut-produire-pour-pouvoir-redistribuer-philippe-aghion-le-prix-nobel-deconomie-qui-prefere-la-croissance-a-limpot","status":"publish","type":"post","link":"https:\/\/www.europesays.com\/fr\/462031\/","title":{"rendered":"\u00ab\u00a0Il faut produire pour pouvoir redistribuer\u00a0\u00bb\u00a0:\u00a0Philippe Aghion, le Prix Nobel d\u2019\u00e9conomie qui pr\u00e9f\u00e8re la croissance \u00e0 l\u2019imp\u00f4t"},"content":{"rendered":"<p>\n    <strong>PORTRAIT<\/strong> &#8211; Il est l\u2019auteur d\u2019une puissante th\u00e9orie de l\u2019innovation, qui a profond\u00e9ment influenc\u00e9 sa discipline. Le conseiller \u00e9conomique du candidat Macron en 2017 ferraillait encore tout r\u00e9cemment avec Gabriel Zucman.<\/p>\n<p class=\"fig-paragraph\">C\u2019\u00e9tait \u00e0 l\u2019\u00c9lys\u00e9e, il y a une semaine.\u00a0<a href=\"http:\/\/www.lefigaro.fr\/conjoncture\/le-prix-nobel-d-economie-2025-decerne-au-francais-philippe-aghion-a-joel-mokyr-usa-israel-et-au-canadien-peter-howitt-20251013\" data-fig-type=\"NewsFlash\" data-gtm-custom-categorie=\"navigation\" data-gtm-custom-action=\"crossclick\" data-gtm-custom-label=\"Contextuel\" data-gtm-event=\"customEventSPE\" data-fig-domain=\"LEFIGARO\" target=\"_blank\" rel=\"noopener\">Philippe Aghion<\/a>, tout sourire, entour\u00e9 de ses deux enfants et de ses amis, recevait des mains d\u2019Emmanuel Macron l\u2019insigne d\u2019officier de l\u2019ordre du M\u00e9rite. Le pr\u00e9sident, qui le conna\u00eet bien depuis la\u00a0<a href=\"https:\/\/www.lefigaro.fr\/conjoncture\/2010\/09\/03\/04016-20100903ARTFIG00341-la-commission-attali-prone-75-milliards-d-economies.php\" data-fig-type=\"Article\" data-gtm-custom-categorie=\"navigation\" data-gtm-custom-action=\"crossclick\" data-gtm-custom-label=\"Contextuel\" data-gtm-event=\"customEventSPE\" data-fig-domain=\"LEFIGARO\" target=\"_blank\" rel=\"noopener\">commission Attali<\/a>, il y a presque vingt ans, avait \u00e9voqu\u00e9 leurs souvenirs de \u00ab\u00a0soir\u00e9es impossibles\u00a0\u00bb \u00e0 tenter de b\u00e2tir des programmes, les \u00e9lans d\u2019enthousiasme de l\u2019\u00e9conomiste, s\u2019exprimant au milieu d\u2019une d\u00e9monstration acad\u00e9mique ou lors d\u2019une conversation au restaurant entre amis par \u00ab\u00a0des cris\u00a0\u00bb soudains, et surtout son ardent amour pour la recherche\u00a0; cette in\u00e9branlable volont\u00e9 de trouver, qui tient \u00e9veill\u00e9 ce grand anxieux des nuits enti\u00e8res.<\/p>\n<p class=\"fig-paragraph\">Le chef de l\u2019\u00c9tat avait ainsi racont\u00e9 \u00ab\u00a0l\u2019\u00e9ternelle insatisfaction\u00a0\u00bb de ce fils d\u2019un couple d\u2019intellectuels \u00e9gyptiens, qui quitt\u00e8rent Alexandrie pour Paris en 1945, son inqui\u00e9tude du monde, sa propension \u00e0 consid\u00e9rer que \u00ab\u00a0rien n\u2019est jamais acquis\u00a0\u00bb. Il y a cinq ans, Philippe Aghion nous confiait&amp;nbsp<\/p>\n<p class=\"fig-premium-paywall__infos\">\n        Cet article est r\u00e9serv\u00e9 aux abonn\u00e9s.        Il vous reste 90% \u00e0 d\u00e9couvrir.\n    <\/p>\n<p>                <img  data- alt=\"Le Figaro\" class=\"fig-img--complete fig-img\"\/><\/p>\n<p class=\"fig-premium-paywall__title\">Dernier jour<\/p>\n<p class=\"fig-premium-paywall__subtitle\">Offre anniversaire : 2\u20ac\/mois pendant 200 semaines<\/p>\n<p class=\"fig-premium-paywall__connect\">\n                D\u00e9j\u00e0 abonn\u00e9\u00a0?                <a class=\"fig-premium-paywall__connect-link\" href=\"https:\/\/connect.lefigaro.fr\/login?client=horizon_web&amp;type=main&amp;redirect_uri=https%3A%2F%2Fwww.lefigaro.fr%2Fconjoncture%2Fil-faut-produire-pour-pouvoir-redistribuer-philippe-aghion-le-prix-nobel-d-economie-qui-prefere-la-croissance-a-l-impot-20251013\" data-js-gtm=\"{&quot;customCategorie&quot;: &quot;conversion&quot;, &quot;customAction&quot;: &quot;before_Landing_Connexion_paywall_auto&quot;, &quot;customLabel&quot;: &quot;bGVmaWdhcm8uZnJfXzFmMGE4MWI5LTQ2ZDctNjc2Yy04YmZjLWRiNjM0NTFjNTUxNl9fQXJ0aWNsZQ==_\u00ab\u00a0Il faut produire pour pouvoir redistribuer\u00a0\u00bb\u00a0:\u00a0Philippe Aghion, le Prix Nobel d\u2019\u00e9conomie qui pr\u00e9f\u00e8re la croissance \u00e0 l\u2019imp\u00f4t_301&quot;, &quot;customIDSPE&quot;: &quot;bGVmaWdhcm8uZnJfXzFmMGE4MWI5LTQ2ZDctNjc2Yy04YmZjLWRiNjM0NTFjNTUxNl9fQXJ0aWNsZQ==&quot;, &quot;event&quot;: &quot;customEventSPE&quot;}\" target=\"_blank\" rel=\"noopener\"><br \/>\n                    Connectez-vous<br \/>\n                <\/a>\n            <\/p>\n","protected":false},"excerpt":{"rendered":"PORTRAIT &#8211; Il est l\u2019auteur d\u2019une puissante th\u00e9orie de l\u2019innovation, qui a profond\u00e9ment influenc\u00e9 sa discipline. Le conseiller&hellip;\n","protected":false},"author":2,"featured_media":462032,"comment_status":"","ping_status":"","sticky":false,"template":"","format":"standard","meta":{"footnotes":""},"categories":[6],"tags":[35,33,34,1011,27,5701],"class_list":{"0":"post-462031","1":"post","2":"type-post","3":"status-publish","4":"format-standard","5":"has-post-thumbnail","7":"category-economie","8":"tag-business","9":"tag-economie","10":"tag-economy","11":"tag-fr","12":"tag-france","13":"tag-innovation"},"share_on_mastodon":{"url":"https:\/\/pubeurope.com\/@fr\/115371843459210736","error":""},"_links":{"self":[{"href":"https:\/\/www.europesays.com\/fr\/wp-json\/wp\/v2\/posts\/462031","targetHints":{"allow":["GET"]}}],"collection":[{"href":"https:\/\/www.europesays.com\/fr\/wp-json\/wp\/v2\/posts"}],"about":[{"href":"https:\/\/www.europesays.com\/fr\/wp-json\/wp\/v2\/types\/post"}],"author":[{"embeddable":true,"href":"https:\/\/www.europesays.com\/fr\/wp-json\/wp\/v2\/users\/2"}],"replies":[{"embeddable":true,"href":"https:\/\/www.europesays.com\/fr\/wp-json\/wp\/v2\/comments?post=462031"}],"version-history":[{"count":0,"href":"https:\/\/www.europesays.com\/fr\/wp-json\/wp\/v2\/posts\/462031\/revisions"}],"wp:featuredmedia":[{"embeddable":true,"href":"https:\/\/www.europesays.com\/fr\/wp-json\/wp\/v2\/media\/462032"}],"wp:attachment":[{"href":"https:\/\/www.europesays.com\/fr\/wp-json\/wp\/v2\/media?parent=462031"}],"wp:term":[{"taxonomy":"category","embeddable":true,"href":"https:\/\/www.europesays.com\/fr\/wp-json\/wp\/v2\/categories?post=462031"},{"taxonomy":"post_tag","embeddable":true,"href":"https:\/\/www.europesays.com\/fr\/wp-json\/wp\/v2\/tags?post=462031"}],"curies":[{"name":"wp","href":"https:\/\/api.w.org\/{rel}","templated":true}]}}