{"id":462033,"date":"2025-10-14T09:36:15","date_gmt":"2025-10-14T09:36:15","guid":{"rendered":"https:\/\/www.europesays.com\/fr\/462033\/"},"modified":"2025-10-14T09:36:15","modified_gmt":"2025-10-14T09:36:15","slug":"trois-carabiniers-italiens-tues-dans-une-explosion-au-cours-dune-expulsion-au-sud-de-verone","status":"publish","type":"post","link":"https:\/\/www.europesays.com\/fr\/462033\/","title":{"rendered":"Trois carabiniers italiens tu\u00e9s dans une explosion au cours d&rsquo;une expulsion au sud de V\u00e9rone"},"content":{"rendered":"<p>Trois carabiniers italiens ont \u00e9t\u00e9 tu\u00e9s et une dizaine de membres des forces de l&rsquo;ordre bless\u00e9s dans l&rsquo;explosion d&rsquo;une ferme \u00e0 Castel d&rsquo;Azzano, dans le sud de V\u00e9rone, ce mardi 14 octobre.<\/p>\n<p>Trois <a href=\"https:\/\/www.bfmtv.com\/var\/replay-emissions\/bonjour-var\/video-les-gendarmes-de-saint-tropez-epaules-par-des-carabiniers_VN-202508270300.html\" title=\"Les gendarmes de Saint-Tropez \u00e9paul\u00e9s par des carabiniers\" class=\"internal_link\" rel=\"nofollow noopener\" target=\"_blank\">carabiniers italiens<\/a> ont \u00e9t\u00e9 tu\u00e9s et une dizaine de membres des forces de l&rsquo;ordre bless\u00e9s dans l&rsquo;explosion d&rsquo;une habitation ce mardi 14 octobre durant une proc\u00e9dure d&rsquo;expulsion \u00e0 Castel d&rsquo;Azzano, dans le sud de V\u00e9rone (nord de l&rsquo;Italie), selon le ministre de la D\u00e9fense italien et les pompiers.<\/p>\n<p>L&rsquo;explosion de cette ferme aurait \u00e9t\u00e9 d\u00e9clench\u00e9e par ses trois occupants, une fratrie d&rsquo;agriculteurs et \u00e9leveurs en difficult\u00e9 financi\u00e8re qui avaient d\u00e9j\u00e0, lors d&rsquo;une pr\u00e9c\u00e9dente tentative d&rsquo;expulsion, menac\u00e9 de faire sauter leur maison, indique l&rsquo;agence de presse italienne Ansa.<\/p>\n<p>\u00ab\u00a0Un acte intentionnel\u00a0\u00bb<\/p>\n<p>\u00ab\u00a0En entrant dans la maison, nous avons \u00e9t\u00e9 confront\u00e9s \u00e0 un acte de folie absolue: une bouteille de gaz a \u00e9t\u00e9 enflamm\u00e9e et l&rsquo;explosion a touch\u00e9 directement nos agents\u00a0\u00bb, a d\u00e9clar\u00e9 \u00e0 l&rsquo;Ansa le commandant des carabiniers de la province de V\u00e9rone, Claudio Papagno.<\/p>\n<blockquote class=\"embed embed_quote\"><p>\u00ab\u00a0Il s&rsquo;agit d&rsquo;un b\u00e2timent abandonn\u00e9 depuis plusieurs mois dont les occupants s&rsquo;\u00e9taient barricad\u00e9s \u00e0 l&rsquo;int\u00e9rieur\u00a0\u00bb, a-t-il ajout\u00e9.<\/p><\/blockquote>\n<p>\u00ab\u00a0Nous essayons \u00e9videmment de rassembler toutes les preuves dont nous disposons, mais c&rsquo;est pr\u00e9cis\u00e9ment notre reconstitution: un acte intentionnel commis lors de l&rsquo;entr\u00e9e des militaires\u00a0\u00bb, a pr\u00e9cis\u00e9 le commandant Claudio Papagno.<\/p>\n<p>Les deux fr\u00e8res, dont l&rsquo;un avait pris la fuite apr\u00e8s l&rsquo;explosion, ainsi que leur soeur, ont \u00e9t\u00e9 arr\u00eat\u00e9s, a relev\u00e9 sur Facebook le pr\u00e9sident de la V\u00e9n\u00e9tie, Luca Zaia. \u00ab\u00a0D&rsquo;apr\u00e8s les premi\u00e8res investigations, il semble que la ferme ait fait l&rsquo;objet d&rsquo;une ordonnance d&rsquo;expulsion en raison de dettes contract\u00e9es par les trois propri\u00e9taires\u00a0\u00bb, ajoute-t-il.<\/p>\n<p>Un \u00ab\u00a0dramatique \u00e9v\u00e9nement\u00a0\u00bb, r\u00e9agi Meloni<\/p>\n<p>Sur X, les pompiers ont pr\u00e9cis\u00e9 que trois carabiniers d\u00e9c\u00e9d\u00e9s avaient \u00e9t\u00e9 extraits des d\u00e9combres apr\u00e8s l&rsquo;explosion de cette ferme qui a provoqu\u00e9 son effondrement. Selon eux, douze agents des forces de l&rsquo;ordre ont \u00e9t\u00e9 bless\u00e9s, ainsi qu&rsquo;une femme, et sept pompiers ont par ailleurs \u00e9t\u00e9 hospitalis\u00e9s pour des contr\u00f4les.<\/p>\n<p>\u00ab\u00a0C&rsquo;est avec une immense douleur que j&rsquo;ai appris ce matin la disparition tragique de trois carabiniers, tu\u00e9s durant leur service ce matin \u00e0 Castel d&rsquo;Azzano, emport\u00e9s par une explosion lors d&rsquo;une op\u00e9ration d&rsquo;expulsion\u00a0\u00bb, a indiqu\u00e9 ce mardi le ministre de la D\u00e9fense Guido Crosetto dans un communiqu\u00e9.<\/p>\n<p>\u00ab\u00a0J&rsquo;exprime \u00e9galement ma plus profonde sympathie et mon soutien sans faille aux carabiniers, aux forces de l&rsquo;ordre et aux pompiers bless\u00e9s dans l&rsquo;explosion\u00a0\u00bb, compl\u00e8te-t-il.<\/p>\n<p>\u00ab\u00a0Je suis avec compassion et tristesse l&rsquo;\u00e9volution de ce dramatique \u00e9v\u00e9nement, qui nous rappelle la valeur et le sacrifice quotidien de ceux qui servent l&rsquo;Italie et ses citoyens\u00a0\u00bb, a r\u00e9agi pour sa part sur X la Premi\u00e8re ministre italienne <a href=\"https:\/\/www.bfmtv.com\/international\/europe\/italie\/giorgia-meloni-visee-par-une-plainte-a-la-cpi-pour-complicite-de-genocide-a-gaza_AD-202510070978.html\" title=\"Giorgia Meloni vis\u00e9e par une plainte \u00e0 la CPI pour complicit\u00e9 de g\u00e9nocide \u00e0 Gaza\" class=\"internal_link\" rel=\"nofollow noopener\" target=\"_blank\">Giorgia Meloni<\/a>.<\/p>\n","protected":false},"excerpt":{"rendered":"Trois carabiniers italiens ont \u00e9t\u00e9 tu\u00e9s et une dizaine de membres des forces de l&rsquo;ordre bless\u00e9s dans l&rsquo;explosion&hellip;\n","protected":false},"author":2,"featured_media":462034,"comment_status":"","ping_status":"","sticky":false,"template":"","format":"standard","meta":{"footnotes":""},"categories":[5],"tags":[11,1011,27,14,12,28],"class_list":{"0":"post-462033","1":"post","2":"type-post","3":"status-publish","4":"format-standard","5":"has-post-thumbnail","7":"category-international","8":"tag-actualites","9":"tag-fr","10":"tag-france","11":"tag-international","12":"tag-news","13":"tag-world"},"share_on_mastodon":{"url":"","error":""},"_links":{"self":[{"href":"https:\/\/www.europesays.com\/fr\/wp-json\/wp\/v2\/posts\/462033","targetHints":{"allow":["GET"]}}],"collection":[{"href":"https:\/\/www.europesays.com\/fr\/wp-json\/wp\/v2\/posts"}],"about":[{"href":"https:\/\/www.europesays.com\/fr\/wp-json\/wp\/v2\/types\/post"}],"author":[{"embeddable":true,"href":"https:\/\/www.europesays.com\/fr\/wp-json\/wp\/v2\/users\/2"}],"replies":[{"embeddable":true,"href":"https:\/\/www.europesays.com\/fr\/wp-json\/wp\/v2\/comments?post=462033"}],"version-history":[{"count":0,"href":"https:\/\/www.europesays.com\/fr\/wp-json\/wp\/v2\/posts\/462033\/revisions"}],"wp:featuredmedia":[{"embeddable":true,"href":"https:\/\/www.europesays.com\/fr\/wp-json\/wp\/v2\/media\/462034"}],"wp:attachment":[{"href":"https:\/\/www.europesays.com\/fr\/wp-json\/wp\/v2\/media?parent=462033"}],"wp:term":[{"taxonomy":"category","embeddable":true,"href":"https:\/\/www.europesays.com\/fr\/wp-json\/wp\/v2\/categories?post=462033"},{"taxonomy":"post_tag","embeddable":true,"href":"https:\/\/www.europesays.com\/fr\/wp-json\/wp\/v2\/tags?post=462033"}],"curies":[{"name":"wp","href":"https:\/\/api.w.org\/{rel}","templated":true}]}}