{"id":462035,"date":"2025-10-14T09:37:10","date_gmt":"2025-10-14T09:37:10","guid":{"rendered":"https:\/\/www.europesays.com\/fr\/462035\/"},"modified":"2025-10-14T09:37:10","modified_gmt":"2025-10-14T09:37:10","slug":"journee-decisive-pour-sebastien-lecornu-le-ps-attend-une-suspension-de-la-reforme-des-retraites-suivez-notre-direct-politique","status":"publish","type":"post","link":"https:\/\/www.europesays.com\/fr\/462035\/","title":{"rendered":"journ\u00e9e d\u00e9cisive pour S\u00e9bastien Lecornu, le PS attend une \u00ab\u00a0suspension\u00a0\u00bb de la r\u00e9forme des retraites, suivez notre direct politique"},"content":{"rendered":"<p class=\"mb-4 text-lg md:leading-8 break-words\">\u00c0 quelques heures de la d\u00e9claration de politique g\u00e9n\u00e9rale de S\u00e9bastien Lecornu, quelques mesures commencent \u00e0 \u00eatre r\u00e9v\u00e9l\u00e9es. Parmi elles, la contribution sur les hauts revenus, qui va \u00eatre prolong\u00e9e d&rsquo;un an.<\/p>\n<p class=\"mb-4 text-lg md:leading-8 break-words\">Elle concerne les contribuables aux revenus sup\u00e9rieurs \u00e0 250 000 euros par an pour un c\u00e9libataire et 500 000 euros pour un couple sans enfant. Ce dispositif consiste \u00e0 s&rsquo;assurer qu&rsquo;ils atteignent bien un seuil minimal d&rsquo;imposition de 20%, quelles que soient les niches fiscales dont ils b\u00e9n\u00e9ficient.<\/p>\n<p class=\"mb-4 text-lg md:leading-8 break-words\">Lors de l&rsquo;annonce de la cr\u00e9ation de ce m\u00e9canisme, les services de Bercy tablaient sur environ 65 000 m\u00e9nages qui y seraient soumis. Un nombre finalement revu \u00e0 la baisse, \u00e0 24 000 seulement.<\/p>\n<p class=\"mb-4 text-lg md:leading-8 break-words\">Autre \u00e9l\u00e9ment qui doit \u00eatre annonc\u00e9 par S\u00e9bastien Lecornu, la mise en place d&rsquo;une taxe sur les holdings patrimoniales.<\/p>\n<p class=\"mb-4 text-lg md:leading-8 break-words\">Suffisant pour convaincre le PS, qui r\u00e9clame notamment une taxation des plus hauts revenus pour ne pas censurer ?<\/p>\n","protected":false},"excerpt":{"rendered":"\u00c0 quelques heures de la d\u00e9claration de politique g\u00e9n\u00e9rale de S\u00e9bastien Lecornu, quelques mesures commencent \u00e0 \u00eatre r\u00e9v\u00e9l\u00e9es.&hellip;\n","protected":false},"author":2,"featured_media":462036,"comment_status":"","ping_status":"","sticky":false,"template":"","format":"standard","meta":{"footnotes":""},"categories":[4],"tags":[11,6219,4685,1011,27,27539,12,58650,11036,25,11067,58649],"class_list":{"0":"post-462035","1":"post","2":"type-post","3":"status-publish","4":"format-standard","5":"has-post-thumbnail","7":"category-france","8":"tag-actualites","9":"tag-boris-vallaud","10":"tag-fin-de-semaine","11":"tag-fr","12":"tag-france","13":"tag-mathieu-lefevre","14":"tag-news","15":"tag-nouveaux-ministres","16":"tag-reforme-des-retraites","17":"tag-republique-francaise","18":"tag-sebastien-lecornu","19":"tag-vincent-jeanbrun"},"share_on_mastodon":{"url":"https:\/\/pubeurope.com\/@fr\/115371851420023276","error":""},"_links":{"self":[{"href":"https:\/\/www.europesays.com\/fr\/wp-json\/wp\/v2\/posts\/462035","targetHints":{"allow":["GET"]}}],"collection":[{"href":"https:\/\/www.europesays.com\/fr\/wp-json\/wp\/v2\/posts"}],"about":[{"href":"https:\/\/www.europesays.com\/fr\/wp-json\/wp\/v2\/types\/post"}],"author":[{"embeddable":true,"href":"https:\/\/www.europesays.com\/fr\/wp-json\/wp\/v2\/users\/2"}],"replies":[{"embeddable":true,"href":"https:\/\/www.europesays.com\/fr\/wp-json\/wp\/v2\/comments?post=462035"}],"version-history":[{"count":0,"href":"https:\/\/www.europesays.com\/fr\/wp-json\/wp\/v2\/posts\/462035\/revisions"}],"wp:featuredmedia":[{"embeddable":true,"href":"https:\/\/www.europesays.com\/fr\/wp-json\/wp\/v2\/media\/462036"}],"wp:attachment":[{"href":"https:\/\/www.europesays.com\/fr\/wp-json\/wp\/v2\/media?parent=462035"}],"wp:term":[{"taxonomy":"category","embeddable":true,"href":"https:\/\/www.europesays.com\/fr\/wp-json\/wp\/v2\/categories?post=462035"},{"taxonomy":"post_tag","embeddable":true,"href":"https:\/\/www.europesays.com\/fr\/wp-json\/wp\/v2\/tags?post=462035"}],"curies":[{"name":"wp","href":"https:\/\/api.w.org\/{rel}","templated":true}]}}