{"id":462041,"date":"2025-10-14T09:40:14","date_gmt":"2025-10-14T09:40:14","guid":{"rendered":"https:\/\/www.europesays.com\/fr\/462041\/"},"modified":"2025-10-14T09:40:14","modified_gmt":"2025-10-14T09:40:14","slug":"surprise-pour-les-habitants-un-gros-ballon-dirigeable-survole-ces-communes","status":"publish","type":"post","link":"https:\/\/www.europesays.com\/fr\/462041\/","title":{"rendered":"surprise pour les habitants, un gros ballon dirigeable survole ces communes"},"content":{"rendered":"<p>            Par<br \/>\n        <strong><br \/>\n            <a href=\"https:\/\/actu.fr\/auteur\/mathias-souteyrat\" title=\"Consulter tous les articles de Mathias Souteyrat\" target=\"_blank\" rel=\"noopener\">Mathias Souteyrat<\/a><br \/>\n        <\/strong><\/p>\n<p>        Publi\u00e9 le<\/p>\n<p>            14 oct. 2025 \u00e0 11h23        <\/p>\n<p>\u00ab\u2009C\u2019est les Russes\u2009?\u2009\u00bb\u2009; \u00ab\u2009Macron qui surveille\u2009\u00bb\u2009; \u00ab\u2009M\u00e9t\u00e9o s\u00fbrement\u2009?\u2009\u00bb Surprise lundi 13\u00a0octobre au matin pour les habitants de <a href=\"https:\/\/actu.fr\/auvergne-rhone-alpes\/saint-chamond_42207\" target=\"_blank\" rel=\"noopener\">Saint-Chamond<\/a> et <a href=\"https:\/\/actu.fr\/auvergne-rhone-alpes\/rive-de-gier_42186\" target=\"_blank\" rel=\"noopener\">Rive-de-Gier<\/a> (Loire), pr\u00e8s de Saint-Etienne. Un gros ballon dirigeable blanc a survol\u00e9 ces communes.<\/p>\n<p>Hy Light<\/p>\n<p class=\" wall-content\">Si les commentaires sur les r\u00e9seaux sociaux sont farfelus, il y a un d\u00e9but d\u2019explication\u2009: \u00ab\u2009C\u2019est un drone qui est parti de l\u2019a\u00e9ro-club de Saint-Chamond, j\u2019ai re\u00e7u un mail pour me pr\u00e9venir car je suis inscrit \u00e0 l\u2019a\u00e9ro-club de Saint-Chamond\u2009\u00bb, commente un internaute.<\/p>\n<p>    <a href=\"https:\/\/www.facebook.com\/plugins\/video.php?height=476&amp;href=https%3A%2F%2Fwww.facebook.com%2Freel%2F1944521306120895%2F&amp;show_text=true&amp;width=350&amp;t=0\" title=\"Ouvrie le lien\" target=\"_blank\" rel=\"noopener\">Cliquez ici pour visualiser le contenu<\/a><\/p>\n<p class=\" wall-content\">Un autre indice pour comprendre la provenance de ce ballon. Cette inscription\u2009: \u00ab\u2009Hy Light\u2009\u00bb.<\/p>\n<p>    <img   decoding=\"async\" loading=\"lazy\" src=\"https:\/\/www.europesays.com\/fr\/wp-content\/uploads\/2025\/10\/capture-decran-2025-10-14-095213-960x640.png\" alt=\"Un gros dirigeable blanc a survol\u00e9 lundi matin les communes de Saint-Chamond et Rive-de-Gier.\" width=\"960\" height=\"640\"\/><br \/>\n    Un gros dirigeable blanc a survol\u00e9 lundi matin les communes de Saint-Chamond et Rive-de-Gier. (\u00a9Capture vid\u00e9o Facebook)Passer des h\u00e9licopt\u00e8res au dirigeable pour inspecter les lignes<\/p>\n<p class=\" wall-content\">Install\u00e9e en r\u00e9gion Parisienne, HyLight est une entreprise qui d\u00e9veloppe ce type de dirigeable nouvelle g\u00e9n\u00e9ration depuis trois ans, notamment <strong>pour inspecter les lignes \u00e9lectriques \u00e0 moyenne tension.<\/strong><\/p>\n<p class=\" wall-content\">SNCF, Enedis, Suez\u2026 Gr\u00e2ce \u00e0 un syst\u00e8me de scan 3D et de cam\u00e9ras, l\u2019engin peut d\u00e9tecter les d\u00e9fauts sur les lignes, rep\u00e9rer la v\u00e9g\u00e9tation \u00e0 \u00e9laguer et les pyl\u00f4nes endommag\u00e9s, ou m\u00eame signaler la pr\u00e9sence de nids d\u2019oiseaux.<\/p>\n<p>Votre r\u00e9gion, votre actu !<\/p>\n<p>Recevez chaque jour les infos qui comptent pour vous.<\/p>\n<p>\t<a href=\"https:\/\/actu.fr\/newsletter\" class=\"ac-btn ac-btn--corner ac-btn--medium ac-btn--blue800\" target=\"_blank\" rel=\"noopener\">S&rsquo;incrire<\/a><br \/>\nSNCF, Enedis, Suez\u2026<\/p>\n<p class=\" wall-content\">\u00ab\u2009Et les h\u00e9licopt\u00e8res sont chers \u00e0 l\u2019heure, bruyants et produisent plus de CO2\u2009\u00bb, expliquait Josef Rokusek, co-fondateur de HyLight, \u00e0 nos confr\u00e8res <a href=\"https:\/\/actu.fr\/hauts-de-france\/saint-quentin-en-tourmont_80713\/cest-quoi-ce-ballon-dirigeable-qui-a-survole-les-communes-autour-de-rue_62635372.html\" target=\"_blank\" rel=\"noopener\">du Journal d\u2019Abbeville<\/a>.<\/p>\n<blockquote class=\"ac-article-quote wall-content\">\n<p> Il vole \u00e0 environ 30\u00a0m\u00e8tres du sol, bien plus bas qu\u2019un h\u00e9licopt\u00e8re, ce qui permet d\u2019obtenir des images plus pr\u00e9cises.<\/p>\n<p>    <strong>Josef Rokusek,<\/strong><br \/>\n        co-fondateur de HyLight, \u00e0 nos confr\u00e8res du Journal d&rsquo;Abbeville    <\/p><\/blockquote>\n<p class=\" wall-content\">Son autonomie varie de deux \u00e0 six heures selon l\u2019\u00e9nergie utilis\u00e9e, batterie ou hydrog\u00e8ne, et le vol est semi-autonome\u2009: les coordonn\u00e9es GPS sont programm\u00e9es \u00e0 l\u2019avance, et un op\u00e9rateur assure le bon d\u00e9roulement du trajet depuis le sol.<\/p>\n<p class=\" wall-content\">Personnalisez votre actualit\u00e9 en ajoutant vos villes et m\u00e9dias en favori avec <a href=\"https:\/\/moncompte.actu.fr\" title=\"D\u00e9couvez Mon Actu\" rel=\"nofollow noopener\" data-trk=\"{&quot;cta&quot;:{&quot;action&quot;:&quot;https:\\\/\\\/moncompte.actu.fr&quot;,&quot;category&quot;:&quot;mon compte&quot;,&quot;from&quot;:&quot;article footer&quot;,&quot;name&quot;:&quot;Mon actu&quot;,&quot;type&quot;:&quot;cta&quot;}}\" target=\"_blank\">Mon Actu<\/a>.<\/p>\n","protected":false},"excerpt":{"rendered":"Par Mathias Souteyrat Publi\u00e9 le 14 oct. 2025 \u00e0 11h23 \u00ab\u2009C\u2019est les Russes\u2009?\u2009\u00bb\u2009; \u00ab\u2009Macron qui surveille\u2009\u00bb\u2009; \u00ab\u2009M\u00e9t\u00e9o s\u00fbrement\u2009?\u2009\u00bb&hellip;\n","protected":false},"author":2,"featured_media":462042,"comment_status":"","ping_status":"","sticky":false,"template":"","format":"standard","meta":{"footnotes":""},"categories":[9653],"tags":[1111,11,2430,3674,1777,674,1011,27,12,25,4001,104],"class_list":{"0":"post-462041","1":"post","2":"type-post","3":"status-publish","4":"format-standard","5":"has-post-thumbnail","7":"category-saint-etienne","8":"tag-actu","9":"tag-actualites","10":"tag-auvergne-rhone-alpes","11":"tag-enedis","12":"tag-eu","13":"tag-europe","14":"tag-fr","15":"tag-france","16":"tag-news","17":"tag-republique-francaise","18":"tag-saint-etienne","19":"tag-societe"},"share_on_mastodon":{"url":"https:\/\/pubeurope.com\/@fr\/115371863636974437","error":""},"_links":{"self":[{"href":"https:\/\/www.europesays.com\/fr\/wp-json\/wp\/v2\/posts\/462041","targetHints":{"allow":["GET"]}}],"collection":[{"href":"https:\/\/www.europesays.com\/fr\/wp-json\/wp\/v2\/posts"}],"about":[{"href":"https:\/\/www.europesays.com\/fr\/wp-json\/wp\/v2\/types\/post"}],"author":[{"embeddable":true,"href":"https:\/\/www.europesays.com\/fr\/wp-json\/wp\/v2\/users\/2"}],"replies":[{"embeddable":true,"href":"https:\/\/www.europesays.com\/fr\/wp-json\/wp\/v2\/comments?post=462041"}],"version-history":[{"count":0,"href":"https:\/\/www.europesays.com\/fr\/wp-json\/wp\/v2\/posts\/462041\/revisions"}],"wp:featuredmedia":[{"embeddable":true,"href":"https:\/\/www.europesays.com\/fr\/wp-json\/wp\/v2\/media\/462042"}],"wp:attachment":[{"href":"https:\/\/www.europesays.com\/fr\/wp-json\/wp\/v2\/media?parent=462041"}],"wp:term":[{"taxonomy":"category","embeddable":true,"href":"https:\/\/www.europesays.com\/fr\/wp-json\/wp\/v2\/categories?post=462041"},{"taxonomy":"post_tag","embeddable":true,"href":"https:\/\/www.europesays.com\/fr\/wp-json\/wp\/v2\/tags?post=462041"}],"curies":[{"name":"wp","href":"https:\/\/api.w.org\/{rel}","templated":true}]}}