{"id":462049,"date":"2025-10-14T09:44:10","date_gmt":"2025-10-14T09:44:10","guid":{"rendered":"https:\/\/www.europesays.com\/fr\/462049\/"},"modified":"2025-10-14T09:44:10","modified_gmt":"2025-10-14T09:44:10","slug":"bali-days-2025-deux-jours-pour-vivre-pleinement-lexperience-bali-au-large-de-toulon","status":"publish","type":"post","link":"https:\/\/www.europesays.com\/fr\/462049\/","title":{"rendered":"BALI DAYS 2025 : deux jours pour vivre pleinement l\u2019exp\u00e9rience BALI au large de Toulon"},"content":{"rendered":"<p>Durant ces deux journ\u00e9es, BALI CATAMARANS invite les visiteurs \u00e0 une exp\u00e9rience immersive et conviviale, o\u00f9 la passion de la navigation rencontre l\u2019innovation et le confort. Les participants pourront d\u00e9couvrir et essayer en mer toute la gamme, du CATSMART, mod\u00e8le compact et agile, au majestueux BALI 5.8, v\u00e9ritable r\u00e9f\u00e9rence en mati\u00e8re d\u2019espace et de design, sans oublier les CATSPACE, BALI 4.2, BALI 4.6 et le dernier de la gamme, le <a href=\"https:\/\/figaronautisme.meteoconsult.fr\/actus-nautisme-bateaux\/2025-10-14\/Bali%205.2%20:%20le%20nouveau%20catamaran%20qui%20a%20marqu%C3%A9%20le%20Cannes%20Yachting%20Festival\" target=\"_blank\" rel=\"noopener noreferrer nofollow\">BALI 5.2<\/a>. Chaque essai est l\u2019occasion de ressentir la diff\u00e9rence \u00e0 la barre, de comparer les sensations, et d\u2019\u00e9changer directement avec les experts BALI, pr\u00e9sents pour partager leur savoir-faire et leurs conseils.<br \/>Au-del\u00e0 des navigations, les BALI DAYS sont aussi un moment privil\u00e9gi\u00e9 d\u2019\u00e9changes et de d\u00e9couverte, dans un cadre idyllique, au c\u0153ur de la rade de Toulon. L\u2019ambiance y est \u00e0 la fois professionnelle et d\u00e9tendue, propice \u00e0 la rencontre entre passionn\u00e9s, propri\u00e9taires, futurs acqu\u00e9reurs et membres de l\u2019\u00e9quipe BALI.<\/p>\n<p>Retour en images sur les BALI DAYS &#8211; Summer Edition, organis\u00e9s les 6 et 7 juin derniers : deux journ\u00e9es baign\u00e9es de soleil, de sourires et de belles navigations qui ont offert un avant-go\u00fbt prometteur de cette \u00e9dition automnale. <\/p>\n<\/p>\n<p>Les places \u00e9tant limit\u00e9es et les cr\u00e9neaux d\u2019essais d\u00e9j\u00e0 tr\u00e8s sollicit\u00e9s, il est conseill\u00e9 de s\u2019inscrire d\u00e8s maintenant pour garantir sa participation \u00e0 cet \u00e9v\u00e9nement exclusif.<\/p>\n<p>BALI DAYS 2025 &#8211; les 24 et 25 octobre \u00e0 Port Pin Rolland, Saint-Mandrier-sur-Mer (83)<br \/>Deux jours pour d\u00e9couvrir, tester et vivre pleinement l\u2019exp\u00e9rience BALI, dans l\u2019un des plus beaux cadres nautiques de M\u00e9diterran\u00e9e.<\/p>\n","protected":false},"excerpt":{"rendered":"Durant ces deux journ\u00e9es, BALI CATAMARANS invite les visiteurs \u00e0 une exp\u00e9rience immersive et conviviale, o\u00f9 la passion&hellip;\n","protected":false},"author":2,"featured_media":462050,"comment_status":"","ping_status":"","sticky":false,"template":"","format":"standard","meta":{"footnotes":""},"categories":[9619],"tags":[1111,11,1777,674,1011,27,12,882,25,2310],"class_list":{"0":"post-462049","1":"post","2":"type-post","3":"status-publish","4":"format-standard","5":"has-post-thumbnail","7":"category-toulon","8":"tag-actu","9":"tag-actualites","10":"tag-eu","11":"tag-europe","12":"tag-fr","13":"tag-france","14":"tag-news","15":"tag-provence-alpes-cote-dazur","16":"tag-republique-francaise","17":"tag-toulon"},"share_on_mastodon":{"url":"https:\/\/pubeurope.com\/@fr\/115371878883336765","error":""},"_links":{"self":[{"href":"https:\/\/www.europesays.com\/fr\/wp-json\/wp\/v2\/posts\/462049","targetHints":{"allow":["GET"]}}],"collection":[{"href":"https:\/\/www.europesays.com\/fr\/wp-json\/wp\/v2\/posts"}],"about":[{"href":"https:\/\/www.europesays.com\/fr\/wp-json\/wp\/v2\/types\/post"}],"author":[{"embeddable":true,"href":"https:\/\/www.europesays.com\/fr\/wp-json\/wp\/v2\/users\/2"}],"replies":[{"embeddable":true,"href":"https:\/\/www.europesays.com\/fr\/wp-json\/wp\/v2\/comments?post=462049"}],"version-history":[{"count":0,"href":"https:\/\/www.europesays.com\/fr\/wp-json\/wp\/v2\/posts\/462049\/revisions"}],"wp:featuredmedia":[{"embeddable":true,"href":"https:\/\/www.europesays.com\/fr\/wp-json\/wp\/v2\/media\/462050"}],"wp:attachment":[{"href":"https:\/\/www.europesays.com\/fr\/wp-json\/wp\/v2\/media?parent=462049"}],"wp:term":[{"taxonomy":"category","embeddable":true,"href":"https:\/\/www.europesays.com\/fr\/wp-json\/wp\/v2\/categories?post=462049"},{"taxonomy":"post_tag","embeddable":true,"href":"https:\/\/www.europesays.com\/fr\/wp-json\/wp\/v2\/tags?post=462049"}],"curies":[{"name":"wp","href":"https:\/\/api.w.org\/{rel}","templated":true}]}}