{"id":462057,"date":"2025-10-14T09:54:13","date_gmt":"2025-10-14T09:54:13","guid":{"rendered":"https:\/\/www.europesays.com\/fr\/462057\/"},"modified":"2025-10-14T09:54:13","modified_gmt":"2025-10-14T09:54:13","slug":"isere-pourquoi-grenoble-est-plus-que-jamais-en-lice-pour-le-titre-de-capitale-europeenne-de-linnovation-2026","status":"publish","type":"post","link":"https:\/\/www.europesays.com\/fr\/462057\/","title":{"rendered":"Is\u00e8re. Pourquoi Grenoble est plus que jamais en lice pour le titre de Capitale Europ\u00e9enne de l\u2019innovation 2026"},"content":{"rendered":"<p>La Commission europ\u00e9enne a d\u00e9voil\u00e9 ce mardi 14\u00a0octobre des villes encore en course pour obtenir le prix de Capitale europ\u00e9enne de l\u2019innovation 2026. Grenoble Alpes M\u00e9tropole figure dans cette toute petite liste avec Liverpool (Royaume-Uni) et Rotterdam (Pays-Bas).<\/p>\n<p>Une grande satisfaction pour les \u00e9quipes de la collectivit\u00e9 is\u00e9roise qui travaillent sur cette candidature depuis plusieurs mois. Le nom de la ville laur\u00e9ate sera r\u00e9v\u00e9l\u00e9 lors de la c\u00e9r\u00e9monie des iCapital Awards \u00e0 Turin (Italie) le 4\u00a0d\u00e9cembre prochain, lors de la c\u00e9r\u00e9monie du Sommet des villes pour l\u2019innovation.<\/p>\n<p>Grenoble Alpes M\u00e9tropole, Liverpool et Rotterdam \u00ab\u00a0ont fait preuve d\u2019un engagement extraordinaire en faveur d\u2019\u00e9cosyst\u00e8mes fond\u00e9s sur l\u2019innovation, donnant l\u2019exemple d\u2019un d\u00e9veloppement urbain durable et inclusif dans toute l\u2019Europe\u00a0\u00bb, souligne le Conseil Europ\u00e9en de l\u2019Innovation qui d\u00e9cerne chaque ann\u00e9e ce prix. Douze villes \u00e9taient candidates. Elles ont toutes \u00e9t\u00e9 auditionn\u00e9es par un jury compos\u00e9 d\u2019universitaires, de repr\u00e9sentants d\u2019entreprises innovantes et de collectivit\u00e9s.<\/p>\n<p>  Un prix de 1 M\u20ac pour le laur\u00e9at<\/p>\n<p>Le laur\u00e9at de la Capitale europ\u00e9enne de l\u2019innovation remportera un prix de 1\u00a0M\u20ac, et les deux autres finalistes recevront chacun 100\u00a0000\u00a0\u20ac.<\/p>\n<p>\u00c0 Turin, le 4\u00a0d\u00e9cembre, le Conseil Europ\u00e9en de l\u2019Innovation remettra aussi le prix de la ville europ\u00e9enne montante de l\u2019innovation. Les trois finalistes dans cette cat\u00e9gorie sont Aalborg (Danemark), Nicosie (Chypre) et Saint-S\u00e9bastien (Espagne).<\/p>\n","protected":false},"excerpt":{"rendered":"La Commission europ\u00e9enne a d\u00e9voil\u00e9 ce mardi 14\u00a0octobre des villes encore en course pour obtenir le prix de&hellip;\n","protected":false},"author":2,"featured_media":462058,"comment_status":"","ping_status":"","sticky":false,"template":"","format":"standard","meta":{"footnotes":""},"categories":[9566],"tags":[1111,11,2430,9810,33,112,1777,674,1011,27,2731,2732,5015,108,12,25,20932],"class_list":{"0":"post-462057","1":"post","2":"type-post","3":"status-publish","4":"format-standard","5":"has-post-thumbnail","7":"category-grenoble","8":"tag-actu","9":"tag-actualites","10":"tag-auvergne-rhone-alpes","11":"tag-direct-entreprises","12":"tag-economie","13":"tag-edition-grenoble-agglomeration","14":"tag-eu","15":"tag-europe","16":"tag-fr","17":"tag-france","18":"tag-grenoble","19":"tag-grenoble-bassin","20":"tag-innovation-et-start-up","21":"tag-isere","22":"tag-news","23":"tag-republique-francaise","24":"tag-tech-and-fest"},"share_on_mastodon":{"url":"https:\/\/pubeurope.com\/@fr\/115371918359843361","error":""},"_links":{"self":[{"href":"https:\/\/www.europesays.com\/fr\/wp-json\/wp\/v2\/posts\/462057","targetHints":{"allow":["GET"]}}],"collection":[{"href":"https:\/\/www.europesays.com\/fr\/wp-json\/wp\/v2\/posts"}],"about":[{"href":"https:\/\/www.europesays.com\/fr\/wp-json\/wp\/v2\/types\/post"}],"author":[{"embeddable":true,"href":"https:\/\/www.europesays.com\/fr\/wp-json\/wp\/v2\/users\/2"}],"replies":[{"embeddable":true,"href":"https:\/\/www.europesays.com\/fr\/wp-json\/wp\/v2\/comments?post=462057"}],"version-history":[{"count":0,"href":"https:\/\/www.europesays.com\/fr\/wp-json\/wp\/v2\/posts\/462057\/revisions"}],"wp:featuredmedia":[{"embeddable":true,"href":"https:\/\/www.europesays.com\/fr\/wp-json\/wp\/v2\/media\/462058"}],"wp:attachment":[{"href":"https:\/\/www.europesays.com\/fr\/wp-json\/wp\/v2\/media?parent=462057"}],"wp:term":[{"taxonomy":"category","embeddable":true,"href":"https:\/\/www.europesays.com\/fr\/wp-json\/wp\/v2\/categories?post=462057"},{"taxonomy":"post_tag","embeddable":true,"href":"https:\/\/www.europesays.com\/fr\/wp-json\/wp\/v2\/tags?post=462057"}],"curies":[{"name":"wp","href":"https:\/\/api.w.org\/{rel}","templated":true}]}}