{"id":462061,"date":"2025-10-14T09:56:09","date_gmt":"2025-10-14T09:56:09","guid":{"rendered":"https:\/\/www.europesays.com\/fr\/462061\/"},"modified":"2025-10-14T09:56:09","modified_gmt":"2025-10-14T09:56:09","slug":"une-centrale-photovoltaique-verre-le-jour-dans-cette-dechetterie","status":"publish","type":"post","link":"https:\/\/www.europesays.com\/fr\/462061\/","title":{"rendered":"une centrale photovolta\u00efque verre le jour dans cette d\u00e9chetterie"},"content":{"rendered":"<p>            Par<br \/>\n        <strong><br \/>\n            <a href=\"https:\/\/actu.fr\/auteur\/journaliste-pm\" title=\"Consulter tous les articles de R\u00e9daction Saint-Malo\" target=\"_blank\" rel=\"noopener\">R\u00e9daction Saint-Malo<\/a><br \/>\n        <\/strong><\/p>\n<p>        Publi\u00e9 le<\/p>\n<p>            14 oct. 2025 \u00e0 11h50        <\/p>\n<p>\u00ab\u2009Installer des panneaux solaires sur une telle friche permettra d\u2019\u00e9pargner des terres agricoles\u2009\u00bb, consid\u00e8re le maire de <a href=\"https:\/\/actu.fr\/bretagne\/dol-de-bretagne_35095\" target=\"_blank\" rel=\"noopener\">Dol-de-Bretagne<\/a> (Ille-et-Vilaine), Denis Rapinel en \u00e9voquant ce projet port\u00e9 par le Syndicat D\u00e9partemental d\u2019Energie (SDE 35). L\u2019organisme supervise des projets similaires \u00e0 Tint\u00e9niac, Le Verger, Dinard, Rennes et Cornill\u00e9.<\/p>\n<p>Mise en service pendant l\u2019\u00e9t\u00e9 2026<\/p>\n<p class=\" wall-content\">\u00ab\u2009\u00c0 terme, les six centrales composeront un parc <a href=\"https:\/\/actu.fr\/tag\/photovoltaique\" target=\"_blank\" rel=\"noopener\">photovolta\u00efque<\/a> qui sera le plus important de Bretagne\u2009\u00bb, ajoute le maire en annon\u00e7ant une mise en service des panneaux solaires du site de La Janaie au cours de l\u2019\u00e9t\u00e9 prochain, apr\u00e8s leur installation au printemps.<\/p>\n<p class=\" wall-content\">Le co\u00fbt des <a href=\"https:\/\/actu.fr\/tag\/travaux\" target=\"_blank\" rel=\"noopener\">travaux<\/a> pour les six centrales s\u2019\u00e9l\u00e8ve \u00e0 12\u00a0millions d\u2019euros dont 500\u2009000\u00a0euros port\u00e9s par une souscription publique via trois soci\u00e9t\u00e9s d\u2019\u00e9nergie, dont les Centrales villageoises Rance-Emeraude. Cette derni\u00e8re int\u00e9resse le site de La Janaie.<\/p>\n<p>Un financement ouvert aux particuliers<\/p>\n<p class=\" wall-content\">Cette soci\u00e9t\u00e9, comme les deux autres, donne la possibilit\u00e9 aux particuliers d\u2019investir de 500 \u00e0 10\u2009000\u00a0euros, bloqu\u00e9s pendant dix ans, mais permettant un retour sur investissement de 5\u2009% \u00e0 partir de la deuxi\u00e8me ann\u00e9e de fonctionnement des six centrales photovolta\u00efques. De quoi int\u00e9resser le public qui a jusqu\u2019\u00e0 ce mardi 14\u00a0octobre pour se lancer dans cet investissement ensoleill\u00e9.<\/p>\n<p>Souscription en ligne sur le site suivant\u2009: bretisuncitoyens.fr<\/p>\n<p class=\" wall-content\">Personnalisez votre actualit\u00e9 en ajoutant vos villes et m\u00e9dias en favori avec <a href=\"https:\/\/moncompte.actu.fr\" title=\"D\u00e9couvez Mon Actu\" rel=\"nofollow noopener\" data-trk=\"{&quot;cta&quot;:{&quot;action&quot;:&quot;https:\\\/\\\/moncompte.actu.fr&quot;,&quot;category&quot;:&quot;mon compte&quot;,&quot;from&quot;:&quot;article footer&quot;,&quot;name&quot;:&quot;Mon actu&quot;,&quot;type&quot;:&quot;cta&quot;}}\" target=\"_blank\">Mon Actu<\/a>.<\/p>\n","protected":false},"excerpt":{"rendered":"Par R\u00e9daction Saint-Malo Publi\u00e9 le 14 oct. 2025 \u00e0 11h50 \u00ab\u2009Installer des panneaux solaires sur une telle friche&hellip;\n","protected":false},"author":2,"featured_media":462062,"comment_status":"","ping_status":"","sticky":false,"template":"","format":"standard","meta":{"footnotes":""},"categories":[2821],"tags":[1111,11,829,1777,674,1011,27,12,21812,584,25,104],"class_list":{"0":"post-462061","1":"post","2":"type-post","3":"status-publish","4":"format-standard","5":"has-post-thumbnail","7":"category-rennes","8":"tag-actu","9":"tag-actualites","10":"tag-bretagne","11":"tag-eu","12":"tag-europe","13":"tag-fr","14":"tag-france","15":"tag-news","16":"tag-photovoltaique","17":"tag-rennes","18":"tag-republique-francaise","19":"tag-societe"},"share_on_mastodon":{"url":"https:\/\/pubeurope.com\/@fr\/115371926101910427","error":""},"_links":{"self":[{"href":"https:\/\/www.europesays.com\/fr\/wp-json\/wp\/v2\/posts\/462061","targetHints":{"allow":["GET"]}}],"collection":[{"href":"https:\/\/www.europesays.com\/fr\/wp-json\/wp\/v2\/posts"}],"about":[{"href":"https:\/\/www.europesays.com\/fr\/wp-json\/wp\/v2\/types\/post"}],"author":[{"embeddable":true,"href":"https:\/\/www.europesays.com\/fr\/wp-json\/wp\/v2\/users\/2"}],"replies":[{"embeddable":true,"href":"https:\/\/www.europesays.com\/fr\/wp-json\/wp\/v2\/comments?post=462061"}],"version-history":[{"count":0,"href":"https:\/\/www.europesays.com\/fr\/wp-json\/wp\/v2\/posts\/462061\/revisions"}],"wp:featuredmedia":[{"embeddable":true,"href":"https:\/\/www.europesays.com\/fr\/wp-json\/wp\/v2\/media\/462062"}],"wp:attachment":[{"href":"https:\/\/www.europesays.com\/fr\/wp-json\/wp\/v2\/media?parent=462061"}],"wp:term":[{"taxonomy":"category","embeddable":true,"href":"https:\/\/www.europesays.com\/fr\/wp-json\/wp\/v2\/categories?post=462061"},{"taxonomy":"post_tag","embeddable":true,"href":"https:\/\/www.europesays.com\/fr\/wp-json\/wp\/v2\/tags?post=462061"}],"curies":[{"name":"wp","href":"https:\/\/api.w.org\/{rel}","templated":true}]}}