{"id":462063,"date":"2025-10-14T09:57:12","date_gmt":"2025-10-14T09:57:12","guid":{"rendered":"https:\/\/www.europesays.com\/fr\/462063\/"},"modified":"2025-10-14T09:57:12","modified_gmt":"2025-10-14T09:57:12","slug":"jai-constate-que-les-equipes-etaient-extenuees-la-nouvelle-presidente-du-tribunal-correctionnel-de-rennes-entre-en-poste","status":"publish","type":"post","link":"https:\/\/www.europesays.com\/fr\/462063\/","title":{"rendered":"\u00ab\u00a0J\u2019ai constat\u00e9 que les \u00e9quipes \u00e9taient ext\u00e9nu\u00e9es\u00a0\u00bb\u00a0: la nouvelle pr\u00e9sidente du tribunal correctionnel de Rennes entre en poste"},"content":{"rendered":"<p>\u00ab Le secret de l\u2019action, c\u2019est de s\u2019y mettre. \u00bb C\u2019est avec une citation du philosophe Alain, qu\u2019Alice Mazenc, la nouvelle pr\u00e9sidente du tribunal correctionnel de Rennes, a color\u00e9 son discours lors de l\u2019audience solennelle, ce lundi 13 octobre. Devant le Pr\u00e9fet de r\u00e9gion, l\u2019adjointe charg\u00e9e de la s\u00e9curit\u00e9, un d\u00e9put\u00e9, le b\u00e2tonnier et de nombreux magistrats, avocats, policiers et gendarmes, Alice Mazenc a commenc\u00e9 par donner son impression sur sa prise de poste \u00e0 Rennes, il y a six semaines. \u00ab J\u2019ai constat\u00e9 que les \u00e9quipes \u00e9taient ext\u00e9nu\u00e9es apr\u00e8s trois ans particuli\u00e8rement difficiles. \u00bb<\/p>\n<p>Hausse des effectifs<\/p>\n<p>Des paroles qui ont fait \u00e9cho \u00e0 ce que Fran\u00e7ois Lavalli\u00e8re venait de dire quelques minutes plut\u00f4t. Le premier vice-pr\u00e9sident du tribunal judiciaire a soulign\u00e9 : \u00ab Niveau effectif, nous sortons d\u2019une p\u00e9riode particuli\u00e8rement difficile et nous rentrons dans une p\u00e9riode un peu moins difficile. \u00bb Pour compenser les huit d\u00e9parts, douze juges ont \u00e9t\u00e9 r\u00e9cemment nomm\u00e9s. Poussant l\u2019effectif \u00e0 54 magistrats. \u00ab C\u2019est simple, a ajout\u00e9 Alice Mazenc. Le tribunal de Rennes est deux fois plus gros que celui de Lorient. \u00bb<\/p>\n<p>Dans son discours, Alice Mazenc a rappel\u00e9 qu\u2019il y a une \u00ab pression \u00e9norme au niveau du p\u00e9nal notamment pour juger les pr\u00e9venus libres. On est dans une situation sinistr\u00e9e. Et c\u2019est le civil (qui repr\u00e9sente 70 % de l\u2019activit\u00e9 du tribunal) qui en p\u00e2tit. On a des pistes pour trouver des moyens de ne pas saisir le juge en d\u00e9veloppant la m\u00e9diation. \u00bb<\/p>\n<p>\u00c2g\u00e9e de 52 ans, la magistrate conna\u00eet bien la capitale bretonne. Elle y a travaill\u00e9 comme conseill\u00e8re \u00e0 la chambre de l\u2019instruction de la Cour d\u2019appel de Rennes avant de prendre la pr\u00e9sidence du tribunal judiciaire de Lorient. Poste qu\u2019elle a occup\u00e9 pendant quatre ans.<\/p>\n<p>Mais c\u2019est en 1997, que cette Parisienne d\u2019origine est entr\u00e9e \u00e0 l\u2019\u00e9cole de la magistrature. Son premier poste en 1999 a \u00e9t\u00e9 juge d\u2019instruction \u00e0 Lisieux (Calvados). Au cours de sa carri\u00e8re, elle a occup\u00e9 de nombreuses fonctions : juge, juge pour enfants, pr\u00e9sidente du tribunal des affaires sociales, secr\u00e9tariat g\u00e9n\u00e9ral ou encore cheffe de bureau \u00e0 l\u2019administration centrale du minist\u00e8re<\/p>\n<p><img decoding=\"async\" src=\"https:\/\/www.europesays.com\/fr\/wp-content\/uploads\/2025\/10\/68ee18afa7962253670c8e10.1.jpeg\" width=\"480\" height=\"300\" class=\"web_golden_m\" loading=\"lazy\" alt=\"Le tribunal poss\u00e8de la particularit\u00e9 administrative d\u2019\u00eatre dirig\u00e9 par une dyarchie\u00a0: un pr\u00e9sident et un procureur. \u00c0 Rennes, Fr\u00e9d\u00e9ric Teillet, procureur, et Alice Mazenc, pr\u00e9sidente, dirigent le tribunal judiciaire.\"\/>Le tribunal poss\u00e8de la particularit\u00e9 administrative d\u2019\u00eatre dirig\u00e9 par une dyarchie\u00a0: un pr\u00e9sident et un procureur. \u00c0 Rennes, Fr\u00e9d\u00e9ric Teillet, procureur, et Alice Mazenc, pr\u00e9sidente, dirigent le tribunal judiciaire. (Le T\u00e9l\u00e9gramme\/Claire Staes)<\/p>\n","protected":false},"excerpt":{"rendered":"\u00ab Le secret de l\u2019action, c\u2019est de s\u2019y mettre. \u00bb C\u2019est avec une citation du philosophe Alain, qu\u2019Alice&hellip;\n","protected":false},"author":2,"featured_media":462064,"comment_status":"","ping_status":"","sticky":false,"template":"","format":"standard","meta":{"footnotes":""},"categories":[2821],"tags":[1111,11,829,765,1777,674,1011,27,848,12,584,25],"class_list":{"0":"post-462063","1":"post","2":"type-post","3":"status-publish","4":"format-standard","5":"has-post-thumbnail","7":"category-rennes","8":"tag-actu","9":"tag-actualites","10":"tag-bretagne","11":"tag-en-continu","12":"tag-eu","13":"tag-europe","14":"tag-fr","15":"tag-france","16":"tag-ille-et-vilaine","17":"tag-news","18":"tag-rennes","19":"tag-republique-francaise"},"share_on_mastodon":{"url":"https:\/\/pubeurope.com\/@fr\/115371930749736944","error":""},"_links":{"self":[{"href":"https:\/\/www.europesays.com\/fr\/wp-json\/wp\/v2\/posts\/462063","targetHints":{"allow":["GET"]}}],"collection":[{"href":"https:\/\/www.europesays.com\/fr\/wp-json\/wp\/v2\/posts"}],"about":[{"href":"https:\/\/www.europesays.com\/fr\/wp-json\/wp\/v2\/types\/post"}],"author":[{"embeddable":true,"href":"https:\/\/www.europesays.com\/fr\/wp-json\/wp\/v2\/users\/2"}],"replies":[{"embeddable":true,"href":"https:\/\/www.europesays.com\/fr\/wp-json\/wp\/v2\/comments?post=462063"}],"version-history":[{"count":0,"href":"https:\/\/www.europesays.com\/fr\/wp-json\/wp\/v2\/posts\/462063\/revisions"}],"wp:featuredmedia":[{"embeddable":true,"href":"https:\/\/www.europesays.com\/fr\/wp-json\/wp\/v2\/media\/462064"}],"wp:attachment":[{"href":"https:\/\/www.europesays.com\/fr\/wp-json\/wp\/v2\/media?parent=462063"}],"wp:term":[{"taxonomy":"category","embeddable":true,"href":"https:\/\/www.europesays.com\/fr\/wp-json\/wp\/v2\/categories?post=462063"},{"taxonomy":"post_tag","embeddable":true,"href":"https:\/\/www.europesays.com\/fr\/wp-json\/wp\/v2\/tags?post=462063"}],"curies":[{"name":"wp","href":"https:\/\/api.w.org\/{rel}","templated":true}]}}