{"id":462065,"date":"2025-10-14T09:58:23","date_gmt":"2025-10-14T09:58:23","guid":{"rendered":"https:\/\/www.europesays.com\/fr\/462065\/"},"modified":"2025-10-14T09:58:23","modified_gmt":"2025-10-14T09:58:23","slug":"les-succes-dune-mobilisation-contre-linsalubrite-de-deux-tours-a-lingolsheim","status":"publish","type":"post","link":"https:\/\/www.europesays.com\/fr\/462065\/","title":{"rendered":"Les succ\u00e8s d&rsquo;une mobilisation contre l&rsquo;insalubrit\u00e9 de deux tours \u00e0 Lingolsheim"},"content":{"rendered":"<p class=\"wp-block-post-excerpt__excerpt\">La Conf\u00e9d\u00e9ration syndicale des familles a visit\u00e9 les 120 logements de deux tours particuli\u00e8rement d\u00e9labr\u00e9es \u00e0 Lingolsheim en f\u00e9vrier. Face aux constats irr\u00e9futables d\u2019insalubrit\u00e9 et l\u2019exposition m\u00e9diatique, le bailleur Batig\u00e8re a commenc\u00e9 un plan d\u2019actions qui suit son cours cet automne. <\/p>\n<p>Thibault Vetter<\/p>\n<p>Publi\u00e9 le 14 octobre 2025\u00a0\u00a0\u00b7\u00a0\u00a0<\/p>\n<p>Imprim\u00e9 le 14 octobre 2025 \u00e0 11h58\u00a0\u00a0\u00b7\u00a0\u00a0<\/p>\n<p>\t\t\t\t\t4\u00a0minutes\n<\/p>\n<p class=\"has-drop-cap\">Moisissures imposantes, chauffages d\u00e9fectueux, fuites d\u2019eau r\u00e9guli\u00e8res. La Conf\u00e9d\u00e9ration syndicale des familles (CSF) avait r\u00e9pertori\u00e9, pendant l\u2019hiver 2025, une impressionnante liste de troubles dans plusieurs dizaines d\u2019appartements de deux tours au 11 rue du G\u00e9n\u00e9ral-de-Gaulle, \u00e0 Lingolsheim. Le bailleur social, Batig\u00e8re, avait expliqu\u00e9 ne pas avoir connaissance de ces situations, notamment parce que les locataires ne les lui signalaient pas et qu\u2019ils ne lui ouvraient pas la porte.<\/p>\n<p>Le syndicat avait prouv\u00e9 le contraire en entrant dans tous les appartements, et avait permis une lib\u00e9ration de la parole des habitants sur leurs conditions de vie dans des logements parfois insalubres. Comme d\u2019autres m\u00e9dias locaux, Rue89 Strasbourg avait r\u00e9alis\u00e9 <a href=\"https:\/\/www.rue89strasbourg.com\/nez-dans-moisissures-batigere-promet-renovations-deux-tours-lingolsheim-333722\" target=\"_blank\" rel=\"noreferrer noopener\">un reportage sur cette op\u00e9ration<\/a> et avait pu entrer dans des appartements, exposant au grand public des \u00e9l\u00e9ments non r\u00e9glementaires. Beaucoup de personnes rencontr\u00e9es sur place rapportaient qu\u2019elles tentaient souvent d\u2019alerter leur bailleur sans qu\u2019il y ait de suites.<\/p>\n<p><a href=\"https:\/\/www.rue89strasbourg.com\/la-newsletter\" target=\"_blank\" rel=\"noopener\"><img loading=\"lazy\" decoding=\"async\" width=\"1940\" height=\"500\" src=\"https:\/\/www.europesays.com\/fr\/wp-content\/uploads\/2025\/09\/banner-desktop-970x250-1.png\" alt=\"\" class=\"wp-image-360885\" style=\"object-fit:cover;width:970px;height:250px\"  \/><\/a><\/p>\n<p>Batig\u00e8re face \u00e0 des \u00e9l\u00e9ments nombreux et concrets<\/p>\n<p>Lisez la suite pour 1\u20ac seulement<\/p>\n<ul class=\"wp-block-list\">\n<li class=\"align-start flex list-none mb-2 has-medium-font-size\">Jouez un r\u00f4le actif dans la pr\u00e9servation de la pluralit\u00e9 m\u00e9diatique<\/li>\n<li class=\"align-start flex list-none mb-2 has-medium-font-size\">Plongez en illimit\u00e9 dans nos articles et enqu\u00eates exclusives<\/li>\n<li class=\"align-start flex list-none mb-2 has-medium-font-size\">Participez librement \u00e0 la discussion gr\u00e2ce aux \u00ab\u00a0identit\u00e9s multiples\u00a0\u00bb<\/li>\n<\/ul>\n<p class=\"has-text-align-right\"><strong><a href=\"https:\/\/www.rue89strasbourg.com\/abonnement\" data-type=\"page\" data-id=\"0\" target=\"_blank\" rel=\"noopener\">Je m\u2019abonne\u00a0 <\/a><\/strong><\/p>\n<p>\t\t\t<a href=\"https:\/\/www.rue89strasbourg.com\/\" class=\"custom-logo-link\" rel=\"home noopener\" target=\"_blank\"><img loading=\"lazy\" decoding=\"async\" width=\"290\" height=\"62\" src=\"https:\/\/www.europesays.com\/fr\/wp-content\/uploads\/2025\/04\/1743975279_388_logo.png\" class=\"custom-logo\" alt=\"Rue89 Strasbourg Enqu\u00eates et informations locales\"  \/><\/a><\/p>\n<p>\n\t\t\t\tAbonnez-vous maintenant pour suivre l\u2019actualit\u00e9 locale.\t\t\t<\/p>\n<p class=\"font-bold font-serif-heading mb-2 text-4xl\">\n\t\t\t\t\t\tL\u2019investigation locale \u00e0 port\u00e9e de main.\n\t\t\t\t\t<\/p>\n<p>\n\t\t\t\t\t\tAbonnez-vous et profitez d\u2019un acc\u00e8s illimit\u00e9 \u00e0 Rue89 Strasbourg. Annulez quand vous voulez.\n\t\t\t\t\t<\/p>\n<p class=\"xl:text-sm\">\n\t\t\t\t\tD\u00e9j\u00e0 abonn\u00e9\u00a0?<br \/>\n\t\t\t\t\t<a class=\"border border-transparent text-center transition-colors duration-instant focus:border-info focus:rounded focus:shadow-focus cursor-pointer text-black hover:text-gray-700 active:bg-black-700 font-semibold inline-block\" href=\"https:\/\/www.rue89strasbourg.com\/user\/connexion?redirect=\/succes-mobilisation-insalubrite-tours-lingolsheim-363058\" target=\"_blank\" rel=\"noopener\">Connectez-vous<\/a>\t\t\t\t<\/p>\n<p>\n\t\t\t\tChoisissez votre formule\u00a0:\n\t\t\t<\/p>\n<p>\t\t\t\tFermer<\/p>\n","protected":false},"excerpt":{"rendered":"La Conf\u00e9d\u00e9ration syndicale des familles a visit\u00e9 les 120 logements de deux tours particuli\u00e8rement d\u00e9labr\u00e9es \u00e0 Lingolsheim en&hellip;\n","protected":false},"author":2,"featured_media":462066,"comment_status":"","ping_status":"","sticky":false,"template":"","format":"standard","meta":{"footnotes":""},"categories":[2820],"tags":[1111,11,1777,674,1011,27,775,26518,1908,16354,13248,12,25,640],"class_list":{"0":"post-462065","1":"post","2":"type-post","3":"status-publish","4":"format-standard","5":"has-post-thumbnail","7":"category-strasbourg","8":"tag-actu","9":"tag-actualites","10":"tag-eu","11":"tag-europe","12":"tag-fr","13":"tag-france","14":"tag-grand-est","15":"tag-insalubrite","16":"tag-logement","17":"tag-logement-social","18":"tag-mal-logement","19":"tag-news","20":"tag-republique-francaise","21":"tag-strasbourg"},"share_on_mastodon":{"url":"https:\/\/pubeurope.com\/@fr\/115371935343424161","error":""},"_links":{"self":[{"href":"https:\/\/www.europesays.com\/fr\/wp-json\/wp\/v2\/posts\/462065","targetHints":{"allow":["GET"]}}],"collection":[{"href":"https:\/\/www.europesays.com\/fr\/wp-json\/wp\/v2\/posts"}],"about":[{"href":"https:\/\/www.europesays.com\/fr\/wp-json\/wp\/v2\/types\/post"}],"author":[{"embeddable":true,"href":"https:\/\/www.europesays.com\/fr\/wp-json\/wp\/v2\/users\/2"}],"replies":[{"embeddable":true,"href":"https:\/\/www.europesays.com\/fr\/wp-json\/wp\/v2\/comments?post=462065"}],"version-history":[{"count":0,"href":"https:\/\/www.europesays.com\/fr\/wp-json\/wp\/v2\/posts\/462065\/revisions"}],"wp:featuredmedia":[{"embeddable":true,"href":"https:\/\/www.europesays.com\/fr\/wp-json\/wp\/v2\/media\/462066"}],"wp:attachment":[{"href":"https:\/\/www.europesays.com\/fr\/wp-json\/wp\/v2\/media?parent=462065"}],"wp:term":[{"taxonomy":"category","embeddable":true,"href":"https:\/\/www.europesays.com\/fr\/wp-json\/wp\/v2\/categories?post=462065"},{"taxonomy":"post_tag","embeddable":true,"href":"https:\/\/www.europesays.com\/fr\/wp-json\/wp\/v2\/tags?post=462065"}],"curies":[{"name":"wp","href":"https:\/\/api.w.org\/{rel}","templated":true}]}}