{"id":462077,"date":"2025-10-14T10:04:14","date_gmt":"2025-10-14T10:04:14","guid":{"rendered":"https:\/\/www.europesays.com\/fr\/462077\/"},"modified":"2025-10-14T10:04:14","modified_gmt":"2025-10-14T10:04:14","slug":"laurent-richaud-nouveau-president-de-lunicem-nouvelle-aquitaine","status":"publish","type":"post","link":"https:\/\/www.europesays.com\/fr\/462077\/","title":{"rendered":"Laurent Richaud, nouveau pr\u00e9sident de l\u2019UNICEM Nouvelle-Aquitaine"},"content":{"rendered":"<p>\n\t\t\t\t\t\t\t\t\tLaurent Richaud (\u00e0 gauche) et Jean-Claude Pouxviel. Cr\u00e9dit : UNICEM Nouvelle-Aquitaine\n\t\t\t\t\t\t\t\t<\/p>\n<p>Passation de relais entre deux figures de la fili\u00e8re mat\u00e9riaux de construction. Laurent Richaud succ\u00e8de \u00e0 Jean-Claude Pouxviel \u00e0 la pr\u00e9sidence de l\u2019UNICEM Nouvelle-Aquitaine.<\/p>\n<p>Laurent Richaud est le nouveau pr\u00e9sident de l\u2019UNICEM Nouvelle-Aquitaine, l\u2019Union nationale des industries de carri\u00e8res et mat\u00e9riaux de construction qui f\u00e9d\u00e8re les entreprises produisant \u00ab\u00a0les mat\u00e9riaux min\u00e9raux essentiels \u00e0 la construction et aux travaux publics\u00a0\u00bb, est-il rappel\u00e9 dans un communiqu\u00e9. Laurent Richaud, dipl\u00f4m\u00e9 de l\u2019\u00c9cole Polytechnique et des Arts et M\u00e9tiers, a pass\u00e9 huit ans dans l\u2019industrie sid\u00e9rurgique (Vallourec) et a rejoint en 2005 Garandeau dont il est devenu pr\u00e9sident en 2008. Ce groupe familial, bas\u00e9 en Charente, compte une cinquantaine de sites, environ 15 carri\u00e8res (CDMR), 4 plates-formes de recyclage, 11 centrales BPE, 20 points de distribution, sa propre flotte logistique int\u00e9gr\u00e9e et emploie quelque 700 personnes en Nouvelle-Aquitaine. Il a \u00e9t\u00e9 \u00e9lu en assembl\u00e9e g\u00e9n\u00e9rale le 10 octobre dernier, pour un mandat de trois ans. Engag\u00e9 depuis 2008 dans la vie syndicale, il pr\u00e9side depuis 2022 les Producteurs de Granulats de Nouvelle-Aquitaine.<\/p>\n<p style=\"margin-left: 25px;\"><b>\u00c0 lire \u00e9galement<\/b> &#8211; <a href=\"https:\/\/www.placeco.fr\/nouvelle-aquitaine\/ecosysteme\/article\/materiaux-de-construction-quelle-perception-ont-les-elus-locaux-de-lindustrie-minerale-5222\" target=\"_blank\" rel=\"nofollow noopener\">Mat\u00e9riaux de construction : quelle perception ont les \u00e9lus locaux de l\u2019industrie min\u00e9rale ?<\/a><\/p>\n<p>Il succ\u00e8de \u00e0 Jean-Claude Pouxviel, ancien dirigeant des Carri\u00e8res de Thiviers et aujourd\u2019hui directeur r\u00e9gional Mat\u00e9riaux au sein d\u2019Eurovia Sud-Ouest, qui vient d\u2019\u00eatre \u00e9lu pr\u00e9sident de la <b>CERC Nouvelle-Aquitaine<\/b> (Cellule \u00e9conomique r\u00e9gionale de la construction), pour un mandat de deux ans.<\/p>\n<p>Faire conna\u00eetre et comprendre la fili\u00e8re<\/p>\n<p>La feuille de route de Laurent Richaud s\u2019articule autour de trois priorit\u00e9s. Tout d\u2019abord mettre en \u0153uvre les orientations du Sch\u00e9ma r\u00e9gional des carri\u00e8res, approuv\u00e9 le 18 septembre dernier par le pr\u00e9fet de r\u00e9gion. Mais aussi \u00ab\u00a0s\u00e9curiser l\u2019ind\u00e9pendance min\u00e9rale\u00a0\u00bb de la Nouvelle-Aquitaine, en consolidant l\u2019implantation des sites et les capacit\u00e9s de production. Et enfin resserrer les liens avec les territoires et leurs partenaires : \u00e9lus, associations, monde \u00e9ducatif\u2026<\/p>\n<p>Le nouveau pr\u00e9sident s\u2019appuiera sur les six vice-pr\u00e9sidents, pr\u00e9sidents de coll\u00e8ges de l\u2019UNICEM Nouvelle-Aquitaine : <b>Thibault Latapy<\/b> (Granulats), <b>Philippe Lapart<\/b> (B\u00e9ton pr\u00eat \u00e0 l\u2019emploi), <b>Johann Deurre<\/b> (Pompage du b\u00e9ton), <b>Bertrand Iribarren<\/b> (Roches ornementales et de construction), <b>Antoine Bastier<\/b> (Multi-activit\u00e9s &#8211; Industries min\u00e9rales) et\u00a0<b>Eug\u00e9nie Philippe<\/b>, pr\u00e9sidente du comit\u00e9 r\u00e9gional UNICEM entreprises engag\u00e9es (environnement et RSE). Au plan national, l\u2019UNICEM compte 937 entreprises adh\u00e9rentes (TPE, ETI, groupes internationaux) et 3.279 sites. Elle repr\u00e9sente un chiffre d\u2019affaires de plus de 8 milliards d\u2019euros, soit 85% du poids de la fili\u00e8re en France.<\/p>\n","protected":false},"excerpt":{"rendered":"Laurent Richaud (\u00e0 gauche) et Jean-Claude Pouxviel. Cr\u00e9dit : UNICEM Nouvelle-Aquitaine Passation de relais entre deux figures de&hellip;\n","protected":false},"author":2,"featured_media":462078,"comment_status":"","ping_status":"","sticky":false,"template":"","format":"standard","meta":{"footnotes":""},"categories":[2817],"tags":[1111,11,1997,1777,674,1011,27,12,2219,5645,25],"class_list":{"0":"post-462077","1":"post","2":"type-post","3":"status-publish","4":"format-standard","5":"has-post-thumbnail","7":"category-bordeaux","8":"tag-actu","9":"tag-actualites","10":"tag-bordeaux","11":"tag-eu","12":"tag-europe","13":"tag-fr","14":"tag-france","15":"tag-news","16":"tag-nouvelle-aquitaine","17":"tag-placco-placeco","18":"tag-republique-francaise"},"share_on_mastodon":{"url":"https:\/\/pubeurope.com\/@fr\/115371957641455141","error":""},"_links":{"self":[{"href":"https:\/\/www.europesays.com\/fr\/wp-json\/wp\/v2\/posts\/462077","targetHints":{"allow":["GET"]}}],"collection":[{"href":"https:\/\/www.europesays.com\/fr\/wp-json\/wp\/v2\/posts"}],"about":[{"href":"https:\/\/www.europesays.com\/fr\/wp-json\/wp\/v2\/types\/post"}],"author":[{"embeddable":true,"href":"https:\/\/www.europesays.com\/fr\/wp-json\/wp\/v2\/users\/2"}],"replies":[{"embeddable":true,"href":"https:\/\/www.europesays.com\/fr\/wp-json\/wp\/v2\/comments?post=462077"}],"version-history":[{"count":0,"href":"https:\/\/www.europesays.com\/fr\/wp-json\/wp\/v2\/posts\/462077\/revisions"}],"wp:featuredmedia":[{"embeddable":true,"href":"https:\/\/www.europesays.com\/fr\/wp-json\/wp\/v2\/media\/462078"}],"wp:attachment":[{"href":"https:\/\/www.europesays.com\/fr\/wp-json\/wp\/v2\/media?parent=462077"}],"wp:term":[{"taxonomy":"category","embeddable":true,"href":"https:\/\/www.europesays.com\/fr\/wp-json\/wp\/v2\/categories?post=462077"},{"taxonomy":"post_tag","embeddable":true,"href":"https:\/\/www.europesays.com\/fr\/wp-json\/wp\/v2\/tags?post=462077"}],"curies":[{"name":"wp","href":"https:\/\/api.w.org\/{rel}","templated":true}]}}