{"id":462083,"date":"2025-10-14T10:07:14","date_gmt":"2025-10-14T10:07:14","guid":{"rendered":"https:\/\/www.europesays.com\/fr\/462083\/"},"modified":"2025-10-14T10:07:14","modified_gmt":"2025-10-14T10:07:14","slug":"le-mandat-de-jean-luc-moudenc-passe-au-crible","status":"publish","type":"post","link":"https:\/\/www.europesays.com\/fr\/462083\/","title":{"rendered":"le mandat de Jean-Luc Moudenc pass\u00e9 au crible"},"content":{"rendered":"<p>Fin septembre, la grande galerie des Illustres au Capitole avait des faux airs d&rsquo;Assembl\u00e9e nationale. Sous ses colonnades en stuc, les \u00e9clats de voix sont encore mont\u00e9s d&rsquo;une octave entre Jean-Luc Moudenc et ses opposants de gauche lors du conseil municipal, qui s&rsquo;est r\u00e9v\u00e9l\u00e9 particuli\u00e8rement tendu. \u00c0 cinq mois du scrutin de mars, l&rsquo;ambiance vire \u00e0 la cacophonie.<\/p>\n<p>En attendant que les \u00e9lus retrouvent les si\u00e8ges de leur salle habituelle, en cours de restauration, passage en revue, sans gommer les \u00ab\u00a0couacs\u00a0\u00bb sur la partition, des principaux sujets de friction (logement, s\u00e9curit\u00e9, culture\u2026) entourant le bilan du maire sortant. Qui entend bien continuer \u00e0 donner le \u00ab\u00a0la\u00a0\u00bb \u00e0 cette m\u00e9tropole de 37\u00a0communes.<\/p>\n<p><strong>Logement :\u00a0b\u00e2tir plus ou r\u00e9guler mieux&#8230;<\/strong><\/p>\n<p>Toute l\u2019actualit\u00e9 \u00e0 1\u20ac le premier mois<\/p>\n<p><a href=\"https:\/\/abo.lepoint.fr\/?provenance=21EDI020098\" class=\"btn\" title=\"S&#039;abonner\" data-gtm=\"click:abo|display:abo\" data-campaign=\"paywall_maison\" target=\"_blank\" rel=\"noopener\">S&rsquo;abonner<\/a><\/p>\n<p>ou<\/p>\n<p>La newsletter politique<\/p>\n<p class=\"period\">Tous les lundis \u00e0 11h30<\/p>\n<p>Recevez en avant-premi\u00e8re les informations et analyses politiques de la r\u00e9daction du Point.<\/p>\n<p>Merci !<br \/>Votre inscription a bien \u00e9t\u00e9 prise en compte avec l&rsquo;adresse email :<\/p>\n<p>Pour d\u00e9couvrir toutes nos autres newsletters, rendez-vous ici : <a href=\"https:\/\/moncompte.lepoint.fr\/\" title=\"\" target=\"_blank\" rel=\"noopener\">MonCompte<\/a><\/p>\n<p>En vous inscrivant, vous acceptez les <a href=\"https:\/\/www.lepoint.fr\/html\/cgu\/\" title=\"Conditions g\u00e9n\u00e9rales d&#039;utilisation\" target=\"_blank\" rel=\"noopener\">conditions g\u00e9n\u00e9rales d\u2019utilisations<\/a> et notre <a href=\"https:\/\/www.lepoint.fr\/html\/politique-de-protection-donnees-personnelles\/\" title=\"Politique de confidentialit\u00e9\" target=\"_blank\" rel=\"noopener\">politique de confidentialit\u00e9<\/a>.<\/p>\n","protected":false},"excerpt":{"rendered":"Fin septembre, la grande galerie des Illustres au Capitole avait des faux airs d&rsquo;Assembl\u00e9e nationale. Sous ses colonnades&hellip;\n","protected":false},"author":2,"featured_media":462084,"comment_status":"","ping_status":"","sticky":false,"template":"","format":"standard","meta":{"footnotes":""},"categories":[2816],"tags":[1111,11,1777,674,1011,27,2857,12,2680,25,2312],"class_list":{"0":"post-462083","1":"post","2":"type-post","3":"status-publish","4":"format-standard","5":"has-post-thumbnail","7":"category-toulouse","8":"tag-actu","9":"tag-actualites","10":"tag-eu","11":"tag-europe","12":"tag-fr","13":"tag-france","14":"tag-jean-luc-moudenc","15":"tag-news","16":"tag-occitanie","17":"tag-republique-francaise","18":"tag-toulouse"},"share_on_mastodon":{"url":"https:\/\/pubeurope.com\/@fr\/115371969359683296","error":""},"_links":{"self":[{"href":"https:\/\/www.europesays.com\/fr\/wp-json\/wp\/v2\/posts\/462083","targetHints":{"allow":["GET"]}}],"collection":[{"href":"https:\/\/www.europesays.com\/fr\/wp-json\/wp\/v2\/posts"}],"about":[{"href":"https:\/\/www.europesays.com\/fr\/wp-json\/wp\/v2\/types\/post"}],"author":[{"embeddable":true,"href":"https:\/\/www.europesays.com\/fr\/wp-json\/wp\/v2\/users\/2"}],"replies":[{"embeddable":true,"href":"https:\/\/www.europesays.com\/fr\/wp-json\/wp\/v2\/comments?post=462083"}],"version-history":[{"count":0,"href":"https:\/\/www.europesays.com\/fr\/wp-json\/wp\/v2\/posts\/462083\/revisions"}],"wp:featuredmedia":[{"embeddable":true,"href":"https:\/\/www.europesays.com\/fr\/wp-json\/wp\/v2\/media\/462084"}],"wp:attachment":[{"href":"https:\/\/www.europesays.com\/fr\/wp-json\/wp\/v2\/media?parent=462083"}],"wp:term":[{"taxonomy":"category","embeddable":true,"href":"https:\/\/www.europesays.com\/fr\/wp-json\/wp\/v2\/categories?post=462083"},{"taxonomy":"post_tag","embeddable":true,"href":"https:\/\/www.europesays.com\/fr\/wp-json\/wp\/v2\/tags?post=462083"}],"curies":[{"name":"wp","href":"https:\/\/api.w.org\/{rel}","templated":true}]}}