{"id":462090,"date":"2025-10-14T10:11:20","date_gmt":"2025-10-14T10:11:20","guid":{"rendered":"https:\/\/www.europesays.com\/fr\/462090\/"},"modified":"2025-10-14T10:11:20","modified_gmt":"2025-10-14T10:11:20","slug":"ou-trouve-t-on-le-meilleur-flan-patissier-de-la-ville","status":"publish","type":"post","link":"https:\/\/www.europesays.com\/fr\/462090\/","title":{"rendered":"o\u00f9 trouve-t-on le meilleur flan p\u00e2tissier de la ville ?"},"content":{"rendered":"<p>\n    La cit\u00e9 phoc\u00e9enne accueillait dimanche, au Caf\u00e9 du Fort Saint-Jean, le premier concours d\u00e9di\u00e9 au c\u00e9l\u00e8bre g\u00e2teau. Le jury, compos\u00e9 du chef \u00e9toil\u00e9 Ludovic Turac et de deux influenceurs, a distingu\u00e9 un top 3, ainsi que le prix du flan le plus original.<\/p>\n<p class=\"fig-paragraph\">Depuis une dizaine d\u2019ann\u00e9es,\u00a0<a href=\"https:\/\/www.lefigaro.fr\/gastronomie\/les-10-meilleurs-flans-patissiers-de-paris-20240215\" data-fig-type=\"Article\" data-gtm-custom-categorie=\"navigation\" data-gtm-custom-action=\"crossclick\" data-gtm-custom-label=\"Contextuel\" data-gtm-event=\"customEventSPE\" data-fig-domain=\"LEFIGARO\" target=\"_blank\" rel=\"noopener\">le flan<\/a>, dessert traditionnel tomb\u00e9 en d\u00e9su\u00e9tude, fait l\u2019objet de toutes les attentions! Choy\u00e9 par les plus grands p\u00e2tissiers, de retour \u00e0 la carte des bistrots, nombre de livres de recettes et d\u2019adresses monomaniaques lui sont d\u00e9di\u00e9s.<\/p>\n<p class=\"fig-paragraph\">Marseille ne fait pas exception \u00e0 la r\u00e8gle: sur initiative de l\u2019influenceur culinaire derri\u00e8re le compte\u00a0<a href=\"https:\/\/www.instagram.com\/marseille_en_bouche\/?hl=fr\" target=\"_blank\" rel=\"sponsored noopener\" data-gtm-custom-categorie=\"navigation\" data-gtm-custom-action=\"crossclick\" data-gtm-custom-label=\"Contextuel\" data-gtm-event=\"customEventSPE\">Marseille en Bouche<\/a>, le premier concours de flans marseillais a \u00e9t\u00e9 organis\u00e9 dimanche 11 octobre, au Caf\u00e9 du Fort Saint-Jean, au Mucem.<\/p>\n<p>                                    <a class=\"fig-a11y-skip a11y-hidden\" href=\"#fig-a11y-skip-main-inarticle\"><br \/>\n        Passer la publicit\u00e9<br \/>\n    <\/a><\/p>\n<p class=\"fig-paragraph\">Les flans classiques et originaux de dix-sept boulangeries, p\u00e2tisseries et coffee shops de la ville avaient \u00e9t\u00e9 pr\u00e9s\u00e9lectionn\u00e9s par Marseille en Bouche via des tests, des sondages et des recommandations:\u00a0<a href=\"https:\/\/www.aucontrairepatisserie.com\/\" target=\"_blank\" rel=\"sponsored noopener\" data-gtm-custom-categorie=\"navigation\" data-gtm-custom-action=\"crossclick\" data-gtm-custom-label=\"Contextuel\" data-gtm-event=\"customEventSPE\">Au Contraire<\/a>,\u00a0<a href=\"https:\/\/www.instagram.com\/bonnemiettemarseille\/?hl=fr\" target=\"_blank\" rel=\"sponsored noopener\" data-gtm-custom-categorie=\"navigation\" data-gtm-custom-action=\"crossclick\" data-gtm-custom-label=\"Contextuel\" data-gtm-event=\"customEventSPE\">Bonne Miette<\/a>,\u00a0<a href=\"https:\/\/www.bricoleursdedouceurs.fr\/\" target=\"_blank\" rel=\"sponsored noopener\" data-gtm-custom-categorie=\"navigation\" data-gtm-custom-action=\"crossclick\" data-gtm-custom-label=\"Contextuel\" data-gtm-event=\"customEventSPE\">Bricoleurs de Douceurs<\/a>,<a href=\"https:\/\/www.encoreunmorceau.fr\/\" target=\"_blank\" rel=\"sponsored noopener\" data-gtm-custom-categorie=\"navigation\" data-gtm-custom-action=\"crossclick\" data-gtm-custom-label=\"Contextuel\" data-gtm-event=\"customEventSPE\">\u00a0Encore un Morceau<\/a>,\u00a0<a href=\"https:\/\/www.instagram.com\/fermentsbakery\" target=\"_blank\" rel=\"sponsored noopener\" data-gtm-custom-categorie=\"navigation\" data-gtm-custom-action=\"crossclick\" data-gtm-custom-label=\"Contextuel\" data-gtm-event=\"customEventSPE\">Ferments Bakery<\/a>,\u00a0<a href=\"https:\/\/www.instagram.com\/feuilletagepatisserie\/?hl=fr\" target=\"_blank\" rel=\"sponsored noopener\" data-gtm-custom-categorie=\"navigation\" data-gtm-custom-action=\"crossclick\" data-gtm-custom-label=\"Contextuel\" data-gtm-event=\"customEventSPE\">Feuilletage<\/a>,\u00a0<a href=\"https:\/\/www.instagram.com\/graine_de_vanille\/?hl=fr\" target=\"_blank\" rel=\"sponsored noopener\" data-gtm-custom-categorie=\"navigation\" data-gtm-custom-action=\"crossclick\" data-gtm-custom-label=\"Contextuel\" data-gtm-event=\"customEventSPE\">Graine de Vanille<\/a>,\u00a0<a href=\"https:\/\/www.instagram.com\/hokis.marseille\/\" target=\"_blank\" rel=\"sponsored noopener\" data-gtm-custom-categorie=\"navigation\" data-gtm-custom-action=\"crossclick\" data-gtm-custom-label=\"Contextuel\" data-gtm-event=\"customEventSPE\">Hokis<\/a>,\u00a0<a href=\"https:\/\/www.instagram.com\/house_of_pain_boulangerie\/?hl=fr\" target=\"_blank\" rel=\"sponsored noopener\" data-gtm-custom-categorie=\"navigation\" data-gtm-custom-action=\"crossclick\" data-gtm-custom-label=\"Contextuel\" data-gtm-event=\"customEventSPE\">House Of Pain<\/a>,\u00a0<a href=\"http:\/\/instagram.com\/inzu_patisserie\/?hl=fr\" target=\"_blank\" rel=\"sponsored noopener\" data-gtm-custom-categorie=\"navigation\" data-gtm-custom-action=\"crossclick\" data-gtm-custom-label=\"Contextuel\" data-gtm-event=\"customEventSPE\">Inzu<\/a>,<a href=\"https:\/\/www.instagram.com\/les_bonnes_graines\/\" target=\"_blank\" rel=\"sponsored noopener\" data-gtm-custom-categorie=\"navigation\" data-gtm-custom-action=\"crossclick\" data-gtm-custom-label=\"Contextuel\" data-gtm-event=\"customEventSPE\">\u00a0Les Bonnes Graines<\/a>,\u00a0<a href=\"https:\/\/www.instagram.com\/maisonleon_marseille\/?hl=fr\" target=\"_blank\" rel=\"sponsored noopener\" data-gtm-custom-categorie=\"navigation\" data-gtm-custom-action=\"crossclick\" data-gtm-custom-label=\"Contextuel\" data-gtm-event=\"customEventSPE\">Maison L\u00e9on<\/a>,\u00a0<a href=\"https:\/\/marroutraiteur.com\/\" target=\"_blank\" rel=\"sponsored noopener\" data-gtm-custom-categorie=\"navigation\" data-gtm-custom-action=\"crossclick\" data-gtm-custom-label=\"Contextuel\" data-gtm-event=\"customEventSPE\">Marrou<\/a>,\u00a0<a href=\"https:\/\/www.ohfaon.com\/\" target=\"_blank\" rel=\"sponsored noopener\" data-gtm-custom-categorie=\"navigation\" data-gtm-custom-action=\"crossclick\" data-gtm-custom-label=\"Contextuel\" data-gtm-event=\"customEventSPE\">Oh Faon<\/a>,\u00a0<a href=\"https:\/\/www.paema-patisserie.fr\/\" target=\"_blank\" rel=\"sponsored noopener\" data-gtm-custom-categorie=\"navigation\" data-gtm-custom-action=\"crossclick\" data-gtm-custom-label=\"Contextuel\" data-gtm-event=\"customEventSPE\">Pa\u00e9ma<\/a>,\u00a0<a href=\"https:\/\/www.sylvaindepuichaffray.fr\/\" target=\"_blank\" rel=\"sponsored noopener\" data-gtm-custom-categorie=\"navigation\" data-gtm-custom-action=\"crossclick\" data-gtm-custom-label=\"Contextuel\" data-gtm-event=\"customEventSPE\">Sylvain Depuichaffray<\/a>\u00a0et\u00a0<a href=\"https:\/\/www.terrakoa.fr\/\" target=\"_blank\" rel=\"sponsored noopener\" data-gtm-custom-categorie=\"navigation\" data-gtm-custom-action=\"crossclick\" data-gtm-custom-label=\"Contextuel\" data-gtm-event=\"customEventSPE\">Terrakoa<\/a>.<\/p>\n<p class=\"fig-paragraph\">Apr\u00e8s une d\u00e9gustation anim\u00e9e par le chef Adel Dakkar, le jury, compos\u00e9 de trois membres &#8211; deux influenceurs, Julien de Marseille en Bouche et Benjamin Martinetto de\u00a0<a href=\"https:\/\/www.instagram.com\/flanterie\" target=\"_blank\" rel=\"sponsored noopener\" data-gtm-custom-categorie=\"navigation\" data-gtm-custom-action=\"crossclick\" data-gtm-custom-label=\"Contextuel\" data-gtm-event=\"customEventSPE\">Flanterie<\/a>\u00a0(bas\u00e9 \u00e0 Lyon), et le chef \u00e9toil\u00e9 Ludovic Turac d\u2019Une Table au Sud -, a distingu\u00e9 un top 3, sur des crit\u00e8res de texture, saveur, cuisson, tenue de l\u2019appareil et qualit\u00e9 de la p\u00e2te:<\/p>\n<ul class=\"fig-list\">\n<li>1er: Pa\u00e9ma (31, av. Pasteur dans le 7e)<\/li>\n<li>2e: Graine de vanille (94, bd Vauban, dans le 6e)<\/li>\n<li>3e: Les Bonnes Graines (6, av. de Hambourg, dans le 8e)<\/li>\n<\/ul>\n<p class=\"fig-paragraph\">Le prix du meilleur flan original a \u00e9t\u00e9 remis \u00e0 Marrou, traiteur qui compte 5 adresses \u00e0 Marseille et une \u00e0 Aubagne.<\/p>\n<p class=\"fig-paragraph\">Le public a \u00e9galement d\u00e9cern\u00e9 deux prix \u00e0 Graine de vanille (d\u00e9gustation sur place par une s\u00e9lection d\u2019abonn\u00e9s \u00e0 Marseille en Bouche) et \u00e0 Bricoleurs de Douceurs (vote du public avant le concours).<\/p>\n<p>                            <script async src=\"\/\/www.instagram.com\/embed.js\"><\/script><\/p>\n","protected":false},"excerpt":{"rendered":"La cit\u00e9 phoc\u00e9enne accueillait dimanche, au Caf\u00e9 du Fort Saint-Jean, le premier concours d\u00e9di\u00e9 au c\u00e9l\u00e8bre g\u00e2teau. Le&hellip;\n","protected":false},"author":2,"featured_media":462091,"comment_status":"","ping_status":"","sticky":false,"template":"","format":"standard","meta":{"footnotes":""},"categories":[2814],"tags":[1111,11,1777,674,1011,27,884,12,15810,882,25],"class_list":{"0":"post-462090","1":"post","2":"type-post","3":"status-publish","4":"format-standard","5":"has-post-thumbnail","7":"category-marseille","8":"tag-actu","9":"tag-actualites","10":"tag-eu","11":"tag-europe","12":"tag-fr","13":"tag-france","14":"tag-marseille","15":"tag-news","16":"tag-patisserie","17":"tag-provence-alpes-cote-dazur","18":"tag-republique-francaise"},"share_on_mastodon":{"url":"https:\/\/pubeurope.com\/@fr\/115371985130953413","error":""},"_links":{"self":[{"href":"https:\/\/www.europesays.com\/fr\/wp-json\/wp\/v2\/posts\/462090","targetHints":{"allow":["GET"]}}],"collection":[{"href":"https:\/\/www.europesays.com\/fr\/wp-json\/wp\/v2\/posts"}],"about":[{"href":"https:\/\/www.europesays.com\/fr\/wp-json\/wp\/v2\/types\/post"}],"author":[{"embeddable":true,"href":"https:\/\/www.europesays.com\/fr\/wp-json\/wp\/v2\/users\/2"}],"replies":[{"embeddable":true,"href":"https:\/\/www.europesays.com\/fr\/wp-json\/wp\/v2\/comments?post=462090"}],"version-history":[{"count":0,"href":"https:\/\/www.europesays.com\/fr\/wp-json\/wp\/v2\/posts\/462090\/revisions"}],"wp:featuredmedia":[{"embeddable":true,"href":"https:\/\/www.europesays.com\/fr\/wp-json\/wp\/v2\/media\/462091"}],"wp:attachment":[{"href":"https:\/\/www.europesays.com\/fr\/wp-json\/wp\/v2\/media?parent=462090"}],"wp:term":[{"taxonomy":"category","embeddable":true,"href":"https:\/\/www.europesays.com\/fr\/wp-json\/wp\/v2\/categories?post=462090"},{"taxonomy":"post_tag","embeddable":true,"href":"https:\/\/www.europesays.com\/fr\/wp-json\/wp\/v2\/tags?post=462090"}],"curies":[{"name":"wp","href":"https:\/\/api.w.org\/{rel}","templated":true}]}}