{"id":462092,"date":"2025-10-14T10:12:14","date_gmt":"2025-10-14T10:12:14","guid":{"rendered":"https:\/\/www.europesays.com\/fr\/462092\/"},"modified":"2025-10-14T10:12:14","modified_gmt":"2025-10-14T10:12:14","slug":"pas-de-funiculaire-f1-pendant-deux-semaines","status":"publish","type":"post","link":"https:\/\/www.europesays.com\/fr\/462092\/","title":{"rendered":"pas de funiculaire F1 pendant deux semaines"},"content":{"rendered":"<p>\t\t\t\t\t\t\t\t\t\t\t<img loading=\"lazy\" decoding=\"async\" width=\"1280\" title=\"Lyon : pas de funiculaire F1 pendant deux semaines\" class=\"img-fluid  mb-3\" src=\"https:\/\/mlyon.fr\/media\/news\/lyon-pas-de-funiculaire-f1-pendant-deux-semaines_68ee1921bc9ea.webp\" alt=\"Lyon : pas de funiculaire F1 pendant deux semaines\" itemprop=\"image\" height=\"720\"\/>\t\t\t\t\t\t\t\t\t\t\t\t<\/p>\n<p>Photo d&rsquo;illustration &#8211; Radio Espace<\/p>\n<p itemprop=\"description\"><strong>Attention si vous avez l\u2019habitude de prendre le funiculaire F1 qui relie le Vieux Lyon \u00e0 Saint-Just.<\/strong><\/p>\n<p>\u00a0Ce dernier sera \u00e0 l\u2019arr\u00eat du samedi 18 octobre au dimanche 2 novembre inclus. En cause : des travaux de maintenance des voies, du tunnel et des syst\u00e8mes de freinage \u00ab\u00a0afin de garantir la s\u00e9curit\u00e9 et le bon fonctionnement des lignes de funiculaire, conform\u00e9ment aux r\u00e9glementations des remont\u00e9es m\u00e9caniques\u00a0\u00bb.<\/p>\n<p>Pour faire face \u00e0 cet arr\u00eat qui intervient dans le cadre des vacances de la Toussaint, le funiculaire F2 entre Vieux Lyon et Fourvi\u00e8re sera renforc\u00e9e et circulera exceptionnellement jusqu\u2019\u00e0 minuit (jusqu\u2019\u00e0 1h06 les vendredis et samedis), toutes les 10 minutes.<\/p>\n","protected":false},"excerpt":{"rendered":"Photo d&rsquo;illustration &#8211; Radio Espace Attention si vous avez l\u2019habitude de prendre le funiculaire F1 qui relie le&hellip;\n","protected":false},"author":2,"featured_media":462093,"comment_status":"","ping_status":"","sticky":false,"template":"","format":"standard","meta":{"footnotes":""},"categories":[1889],"tags":[42568,1111,47,11,2430,1777,674,6017,1011,27,2808,19615,1922,6417,1114,7285,2428,45213,2487,19618,45212,12,316,1404,4049,25,801,2812],"class_list":{"0":"post-462092","1":"post","2":"type-post","3":"status-publish","4":"format-standard","5":"has-post-thumbnail","7":"category-lyon","8":"tag-42568","9":"tag-actu","10":"tag-actualite","11":"tag-actualites","12":"tag-auvergne-rhone-alpes","13":"tag-eu","14":"tag-europe","15":"tag-fait-divers","16":"tag-fr","17":"tag-france","18":"tag-grand-lyon","19":"tag-gratuitement","20":"tag-info","21":"tag-information","22":"tag-infos","23":"tag-jours","24":"tag-lyon","25":"tag-m-lyon","26":"tag-meteo","27":"tag-meteos","28":"tag-mlyon","29":"tag-news","30":"tag-politique","31":"tag-quotidien","32":"tag-quotidienne","33":"tag-republique-francaise","34":"tag-social","35":"tag-sociale"},"share_on_mastodon":{"url":"https:\/\/pubeurope.com\/@fr\/115371989477738219","error":""},"_links":{"self":[{"href":"https:\/\/www.europesays.com\/fr\/wp-json\/wp\/v2\/posts\/462092","targetHints":{"allow":["GET"]}}],"collection":[{"href":"https:\/\/www.europesays.com\/fr\/wp-json\/wp\/v2\/posts"}],"about":[{"href":"https:\/\/www.europesays.com\/fr\/wp-json\/wp\/v2\/types\/post"}],"author":[{"embeddable":true,"href":"https:\/\/www.europesays.com\/fr\/wp-json\/wp\/v2\/users\/2"}],"replies":[{"embeddable":true,"href":"https:\/\/www.europesays.com\/fr\/wp-json\/wp\/v2\/comments?post=462092"}],"version-history":[{"count":0,"href":"https:\/\/www.europesays.com\/fr\/wp-json\/wp\/v2\/posts\/462092\/revisions"}],"wp:featuredmedia":[{"embeddable":true,"href":"https:\/\/www.europesays.com\/fr\/wp-json\/wp\/v2\/media\/462093"}],"wp:attachment":[{"href":"https:\/\/www.europesays.com\/fr\/wp-json\/wp\/v2\/media?parent=462092"}],"wp:term":[{"taxonomy":"category","embeddable":true,"href":"https:\/\/www.europesays.com\/fr\/wp-json\/wp\/v2\/categories?post=462092"},{"taxonomy":"post_tag","embeddable":true,"href":"https:\/\/www.europesays.com\/fr\/wp-json\/wp\/v2\/tags?post=462092"}],"curies":[{"name":"wp","href":"https:\/\/api.w.org\/{rel}","templated":true}]}}