{"id":462094,"date":"2025-10-14T10:13:13","date_gmt":"2025-10-14T10:13:13","guid":{"rendered":"https:\/\/www.europesays.com\/fr\/462094\/"},"modified":"2025-10-14T10:13:13","modified_gmt":"2025-10-14T10:13:13","slug":"metropole-de-lyon-les-sapeurs-pompiers-lancent-leur-collecte-annuelle-de-calendriers","status":"publish","type":"post","link":"https:\/\/www.europesays.com\/fr\/462094\/","title":{"rendered":"M\u00e9tropole de Lyon. Les sapeurs-pompiers lancent leur collecte annuelle de calendriers"},"content":{"rendered":"<p>Comme chaque ann\u00e9e, les sapeurs-pompiers du Service D\u00e9partemental-M\u00e9tropolitain d\u2019Incendie et de Secours (SDMIS) vont \u00e0 la rencontre des habitants pour pr\u00e9senter leur calendrier 2026. Les dons, laiss\u00e9s \u00e0 l\u2019appr\u00e9ciation de chacun, contribuent \u00e0 financer des actions sociales et solidaires\u00a0: protection sociale des sapeurs-pompiers, aide aux familles touch\u00e9es par un accident ou un d\u00e9c\u00e8s, soutien \u00e0 l\u2019\u0152uvre des Pupilles, ainsi que des missions humanitaires, d\u2019urgence ou d\u2019int\u00e9r\u00eat g\u00e9n\u00e9ral. Une partie des fonds participe \u00e9galement au rayonnement culturel du mus\u00e9e des sapeurs-pompiers de Lyon et du Rh\u00f4ne.<\/p>\n<p>  Attention aux faux d\u00e9marchages<\/p>\n<p>Le SDMIS appelle toutefois les habitants \u00e0 la vigilance\u00a0: de <a href=\"https:\/\/www.leprogres.fr\/societe\/2025\/10\/06\/calendrier-des-pompiers-comment-eviter-les-escroqueries\" target=\"_blank\" rel=\"nofollow noopener\">faux d\u00e9marcheurs<\/a> peuvent se faire passer pour des pompiers. Les v\u00e9ritables agents se pr\u00e9senteront toujours en tenue et munis de leur carte professionnelle, entre le 15\u00a0octobre et le 31\u00a0janvier. Les sapeurs-pompiers pr\u00e9cisent \u00e9galement\u00a0: \u00ab\u00a0toute d\u00e9marche de vente d\u2019encart publicitaire au nom des \u0153uvres sociales des sapeurs-pompiers de Lyon et du Rh\u00f4ne est une escroquerie.\u00a0\u00bb<\/p>\n<p>Pour ceux qui n\u2019auraient pas pu recevoir les pompiers \u00e0 domicile, le calendrier est aussi disponible en ligne sur <a href=\"http:\/\/www.calendrierpompiers69.fr\/\" target=\"_blank\" rel=\"nofollow noopener\">www.calendrierpompiers69.fr.<\/a><\/p>\n","protected":false},"excerpt":{"rendered":"Comme chaque ann\u00e9e, les sapeurs-pompiers du Service D\u00e9partemental-M\u00e9tropolitain d\u2019Incendie et de Secours (SDMIS) vont \u00e0 la rencontre des&hellip;\n","protected":false},"author":2,"featured_media":462095,"comment_status":"","ping_status":"","sticky":false,"template":"","format":"standard","meta":{"footnotes":""},"categories":[1889],"tags":[1111,11,2430,2757,1777,674,1011,27,2428,2756,12,25,2429,104],"class_list":{"0":"post-462094","1":"post","2":"type-post","3":"status-publish","4":"format-standard","5":"has-post-thumbnail","7":"category-lyon","8":"tag-actu","9":"tag-actualites","10":"tag-auvergne-rhone-alpes","11":"tag-edition-lyon-villeurbanne","12":"tag-eu","13":"tag-europe","14":"tag-fr","15":"tag-france","16":"tag-lyon","17":"tag-lyon-bassin","18":"tag-news","19":"tag-republique-francaise","20":"tag-rhone","21":"tag-societe"},"share_on_mastodon":{"url":"https:\/\/pubeurope.com\/@fr\/115371992943771866","error":""},"_links":{"self":[{"href":"https:\/\/www.europesays.com\/fr\/wp-json\/wp\/v2\/posts\/462094","targetHints":{"allow":["GET"]}}],"collection":[{"href":"https:\/\/www.europesays.com\/fr\/wp-json\/wp\/v2\/posts"}],"about":[{"href":"https:\/\/www.europesays.com\/fr\/wp-json\/wp\/v2\/types\/post"}],"author":[{"embeddable":true,"href":"https:\/\/www.europesays.com\/fr\/wp-json\/wp\/v2\/users\/2"}],"replies":[{"embeddable":true,"href":"https:\/\/www.europesays.com\/fr\/wp-json\/wp\/v2\/comments?post=462094"}],"version-history":[{"count":0,"href":"https:\/\/www.europesays.com\/fr\/wp-json\/wp\/v2\/posts\/462094\/revisions"}],"wp:featuredmedia":[{"embeddable":true,"href":"https:\/\/www.europesays.com\/fr\/wp-json\/wp\/v2\/media\/462095"}],"wp:attachment":[{"href":"https:\/\/www.europesays.com\/fr\/wp-json\/wp\/v2\/media?parent=462094"}],"wp:term":[{"taxonomy":"category","embeddable":true,"href":"https:\/\/www.europesays.com\/fr\/wp-json\/wp\/v2\/categories?post=462094"},{"taxonomy":"post_tag","embeddable":true,"href":"https:\/\/www.europesays.com\/fr\/wp-json\/wp\/v2\/tags?post=462094"}],"curies":[{"name":"wp","href":"https:\/\/api.w.org\/{rel}","templated":true}]}}