{"id":462104,"date":"2025-10-14T10:18:10","date_gmt":"2025-10-14T10:18:10","guid":{"rendered":"https:\/\/www.europesays.com\/fr\/462104\/"},"modified":"2025-10-14T10:18:10","modified_gmt":"2025-10-14T10:18:10","slug":"fashion-week-paris-2026-devoile-ses-temps-forts-lieux-phares-et-calendrier","status":"publish","type":"post","link":"https:\/\/www.europesays.com\/fr\/462104\/","title":{"rendered":"Fashion Week Paris 2026 d\u00e9voile ses temps forts, lieux phares et calendrier"},"content":{"rendered":"<p>ParisSelect &#8211; Fashion Week Paris 2026 d\u00e9voile ses temps forts, lieux phares et calendrier<\/p>\n<p>La Fashion Week <a href=\"https:\/\/www.parisselectbook.com\/2025\/10\/13\/gourmandises-a-paris-ladresse-incontournable-et-les-nouveaux-spots-qui-valent-le-detour\/\" target=\"_blank\" rel=\"noopener\">Paris<\/a> 2026 s\u2019annonce strat\u00e9gique et sensible. Ainsi, les maisons pr\u00e9parent des shows pr\u00e9cis, pens\u00e9s pour un public mondial. De plus, le calendrier et les lieux devraient refl\u00e9ter un \u00e9quilibre entre prestige et sobri\u00e9t\u00e9.<\/p>\n<p>Cap sur le calendrier, les lieux et l\u2019ambiance g\u00e9n\u00e9rale<\/p>\n<p>Le calendrier de la Fashion Week Paris 2026 devrait rester dense, mais lisible. Ainsi, <a href=\"https:\/\/www.parisselectbook.com\/2024\/01\/10\/dior-habille-les-nuits-des-shows-uniques-en-collaboration-avec-le-ballet-de-lopera-de-rome\/\" target=\"_blank\" rel=\"noopener\">les shows<\/a> phares tiendront des slots cl\u00e9s pour maximiser l\u2019attention. De plus, les lieux historiques alterneront avec des espaces plus intimistes. <strong>Paris<\/strong> veut garder son aura tout en ma\u00eetrisant la logistique.<\/p>\n<p>Les \u00e9quipes misent sur des formats hybrides pour garder l\u2019\u00e9lan digital. Ainsi, les d\u00e9fil\u00e9s physiques cohabiteront avec des <a href=\"https:\/\/www.parisselectbook.com\/2025\/08\/25\/nespresso-ouvre-son-premier-coffee-shop-a-paris-dans-un-hotel-particulier-du-marais\/\" target=\"_blank\" rel=\"noopener\">capsules<\/a> vid\u00e9o plus courtes. En revanche, la mise en sc\u00e8ne restera soign\u00e9e et pr\u00e9cise. La Fashion Week Paris 2026 veut inspirer sans saturer.<\/p>\n<p>Les invit\u00e9s attendent clart\u00e9 et confort, surtout pour les transitions entre shows. Ainsi, des cr\u00e9neaux mieux cadenc\u00e9s sont pressentis. De plus, les marques intensifient la coordination <a href=\"https:\/\/www.parisselectbook.com\/2025\/10\/13\/halloween-2025-au-musee-dart-et-dhistoire-paul-eluard-cabaret-krump-et-cabinet-de-letrange-a-saint-denis\/\" target=\"_blank\" rel=\"noopener\">transports<\/a> et accueil. L\u2019objectif est simple\u2009: rendre la Fashion Week Paris 2026 fluide et m\u00e9morable.<\/p>\n<blockquote>\n<p>\u00ab Paris doit marier excellence cr\u00e9ative, tempo r\u00e9aliste et attention au public. \u00bb<\/p>\n<\/blockquote>\n<p>Maisons attendues et retours marquants<\/p>\n<p>Les grandes sc\u00e8nes attireront <strong>Valentino<\/strong>, <strong>Saint Laurent<\/strong>, <strong>Louis Vuitton<\/strong> et <strong>Christian Dior<\/strong>. Ainsi, la Fashion Week Paris 2026 pourrait m\u00ealer tissus iris\u00e9s et \u00e9paules puissantes chez Valentino. De plus, Saint Laurent joue les chemises lavalli\u00e8res, les blousons cuir et les robes vaporeuses. Le trio art, allure, pr\u00e9cision reste central.<\/p>\n<p>\u00c0 surveiller aussi\u2009: <strong>Dries Van Noten<\/strong>, <strong>Chlo\u00e9<\/strong>, <strong>Stella McCartney<\/strong>, <strong>Miu Miu<\/strong> et <strong>Y\/Project<\/strong>. Ainsi, Chlo\u00e9 devrait proposer des robes vivement color\u00e9es et des imprim\u00e9s maison. De plus, Miu Miu pousse l\u2019utilitaire \u00e9l\u00e9gant, quand Stella McCartney affine le tailoring ann\u00e9es 80. La Fashion Week Paris 2026 promet une diversit\u00e9 tangible.<\/p>\n<ul>\n<li>Calendrier plus lisible et trajets optimis\u00e9s<\/li>\n<li>Tendances mati\u00e8res sensorielles et techniques<\/li>\n<li>\u00c9quilibre entre heritage et modernit\u00e9<\/li>\n<li>Durabilit\u00e9 concr\u00e8te et mesurable<\/li>\n<li>Accessoires en focus pour compl\u00e9ter les silhouettes<\/li>\n<\/ul>\n<p>Tendances mati\u00e8res, coupes et couleurs<\/p>\n<p>Trois axes se dessinent comme <strong>3 tendances fortes<\/strong>. Ainsi, la brillance contr\u00f4l\u00e9e revient, avec des tissus iris\u00e9s chez Valentino. De plus, l\u2019utilitaire chic s\u2019impose chez Miu Miu et Y\/Project. La Fashion Week Paris 2026 jouera l\u2019\u00e9clat, mais avec mesure.<\/p>\n<p>Deuxi\u00e8me axe\u2009: futurisme sensuel et structures nettes. Ainsi, <strong>Courr\u00e8ges<\/strong> poussera des coupes futuristes avec mati\u00e8res techniques. De plus, <strong>Margiela<\/strong> pourrait embrasser une sensualit\u00e9 brute, parfois gothique. La Fashion Week Paris 2026 cultive l\u2019\u00e9pure avec caract\u00e8re.<\/p>\n<p>Troisi\u00e8me mouvement\u2009: archives r\u00e9interpr\u00e9t\u00e9es. Ainsi, <strong>McQueen<\/strong> revisite le bumster et la veste militaire. De plus, <strong>Comme des Gar\u00e7ons<\/strong> questionne volumes et identit\u00e9s. <strong>Thom Browne<\/strong>, <strong>Alexandre Vauthier<\/strong> et le regard de <strong>Matthieu Blazy<\/strong> affinent la ligne. La Fashion Week Paris 2026 relie pass\u00e9 et pr\u00e9sent sans nostalgie.<\/p>\n<p>Accessoires et joaillerie \u00e0 l\u2019honneur<\/p>\n<p>Le soulier reste un marqueur fort. Ainsi, <strong>Roger Vivier<\/strong> pourrait signer des lignes sculpt\u00e9es et des boucles iconiques. De plus, les hauteurs et la cambrure se calibrent pour l\u2019usage r\u00e9el. La Fashion Week Paris 2026 cherche le beau port\u00e9, pas seulement pos\u00e9.<\/p>\n<p>La joaillerie gagne en visibilit\u00e9. Ainsi, <strong>Messika<\/strong> pousse la haute joaillerie vers des gestes plus mobiles. De plus, les setings s\u2019all\u00e8gent, les pierres respirent. Les maisons misent sur une narration pr\u00e9cise et durable.<\/p>\n<p>Durabilit\u00e9 et innovations concr\u00e8tes<\/p>\n<p>Les avanc\u00e9es produits se voient sur sc\u00e8ne. Ainsi, <strong>Stella McCartney<\/strong> teste des alternatives v\u00e9g\u00e9tales aux plumes. De plus, son denim \u00ab air-cleaning \u00bb \u00e9veille la curiosit\u00e9. La Fashion Week Paris 2026 veut prouver plut\u00f4t que promettre.<\/p>\n<p>Les maisons privil\u00e9gient tra\u00e7abilit\u00e9 et preuves v\u00e9rifiables. Ainsi, les fiches mati\u00e8res s\u2019\u00e9toffent pour chaque pi\u00e8ce cl\u00e9. De plus, les volumes se rationalisent pour limiter le stock dormant. Cette rigueur renforce la confiance acheteurs.<\/p>\n<p>Le merchandising \u00e9volue en \u00e9cho aux attentes. Ainsi, les vitrines raconteront mieux l\u2019usage et la dur\u00e9e de vie. De plus, les retouches et services apr\u00e8s-vente gagnent du terrain. La Fashion Week Paris 2026 accompagne un achat plus r\u00e9fl\u00e9chi.<\/p>\n<p>Les acheteurs recherchent clart\u00e9 et fiabilit\u00e9. Ainsi, les showrooms multi-marques s\u2019alignent sur des rendez-vous courts. De plus, les prix et d\u00e9lais se partagent plus t\u00f4t pour faciliter l\u2019arbitrage. La Fashion Week Paris 2026 sert une d\u00e9cision rapide et sereine.<\/p>\n<p>Le public veut de l\u2019\u00e9motion et du sens. Ainsi, des formats immersifs mais sobres sont attendus. De plus, la musique et la lumi\u00e8re visent le juste dosage. Les \u00e9quipes soignent la coh\u00e9rence du premier au dernier rang.<\/p>\n<p>Reste l\u2019effet Paris, toujours unique. Ainsi, la ville m\u00eale patrimoine et audace sans forcer le trait. De plus, les maisons savent que l\u2019attention est pr\u00e9cieuse. La Fashion Week Paris 2026 devra convaincre, sc\u00e8ne apr\u00e8s sc\u00e8ne.<\/p>\n","protected":false},"excerpt":{"rendered":"ParisSelect &#8211; Fashion Week Paris 2026 d\u00e9voile ses temps forts, lieux phares et calendrier La Fashion Week Paris&hellip;\n","protected":false},"author":2,"featured_media":462105,"comment_status":"","ping_status":"","sticky":false,"template":"","format":"standard","meta":{"footnotes":""},"categories":[1888],"tags":[11,1777,674,992,1011,27,12,626,25],"class_list":{"0":"post-462104","1":"post","2":"type-post","3":"status-publish","4":"format-standard","5":"has-post-thumbnail","7":"category-paris","8":"tag-actualites","9":"tag-eu","10":"tag-europe","11":"tag-fashion-week","12":"tag-fr","13":"tag-france","14":"tag-news","15":"tag-paris","16":"tag-republique-francaise"},"share_on_mastodon":{"url":"https:\/\/pubeurope.com\/@fr\/115372012788438652","error":""},"_links":{"self":[{"href":"https:\/\/www.europesays.com\/fr\/wp-json\/wp\/v2\/posts\/462104","targetHints":{"allow":["GET"]}}],"collection":[{"href":"https:\/\/www.europesays.com\/fr\/wp-json\/wp\/v2\/posts"}],"about":[{"href":"https:\/\/www.europesays.com\/fr\/wp-json\/wp\/v2\/types\/post"}],"author":[{"embeddable":true,"href":"https:\/\/www.europesays.com\/fr\/wp-json\/wp\/v2\/users\/2"}],"replies":[{"embeddable":true,"href":"https:\/\/www.europesays.com\/fr\/wp-json\/wp\/v2\/comments?post=462104"}],"version-history":[{"count":0,"href":"https:\/\/www.europesays.com\/fr\/wp-json\/wp\/v2\/posts\/462104\/revisions"}],"wp:featuredmedia":[{"embeddable":true,"href":"https:\/\/www.europesays.com\/fr\/wp-json\/wp\/v2\/media\/462105"}],"wp:attachment":[{"href":"https:\/\/www.europesays.com\/fr\/wp-json\/wp\/v2\/media?parent=462104"}],"wp:term":[{"taxonomy":"category","embeddable":true,"href":"https:\/\/www.europesays.com\/fr\/wp-json\/wp\/v2\/categories?post=462104"},{"taxonomy":"post_tag","embeddable":true,"href":"https:\/\/www.europesays.com\/fr\/wp-json\/wp\/v2\/tags?post=462104"}],"curies":[{"name":"wp","href":"https:\/\/api.w.org\/{rel}","templated":true}]}}