{"id":462108,"date":"2025-10-14T10:20:12","date_gmt":"2025-10-14T10:20:12","guid":{"rendered":"https:\/\/www.europesays.com\/fr\/462108\/"},"modified":"2025-10-14T10:20:12","modified_gmt":"2025-10-14T10:20:12","slug":"un-hopital-de-kharkiv-a-ete-touche-par-une-frappe-aerienne-menee-par-la-russie","status":"publish","type":"post","link":"https:\/\/www.europesays.com\/fr\/462108\/","title":{"rendered":"Un h\u00f4pital de Kharkiv a \u00e9t\u00e9 touch\u00e9 par une frappe a\u00e9rienne men\u00e9e par la Russie"},"content":{"rendered":"<p>Les forces russes ont lanc\u00e9 des bombes planantes et des drones puissants contre la deuxi\u00e8me ville d\u2019Ukraine lors d\u2019attaques nocturnes, touchant un h\u00f4pital et blessant sept personnes, a d\u00e9clar\u00e9 mardi un responsable.<\/p>\n<p>L\u2019attaque russe contre Kharkiv, dans le nord-est de l\u2019Ukraine, a touch\u00e9 le principal h\u00f4pital de la ville, for\u00e7ant l\u2019\u00e9vacuation de 50\u00a0patients, a pr\u00e9cis\u00e9 le gouverneur de la r\u00e9gion, Oleg Synegoubov.<\/p>\n<p>Selon le pr\u00e9sident ukrainien, Volodymyr Zelensky, les principales cibles de l\u2019attaque \u00e9taient des installations \u00e9nerg\u00e9tiques.<\/p>\n<p>\u00abChaque jour, chaque nuit, la Russie frappe des centrales \u00e9lectriques, des lignes \u00e9lectriques et nos installations de gaz (naturel)\u00bb, a d\u00e9nonc\u00e9 M.\u00a0Zelensky sur Telegram.<\/p>\n<p>Les frappes russes \u00e0 longue port\u00e9e sur le r\u00e9seau \u00e9lectrique de son voisin visent \u00e0 paralyser l\u2019approvisionnement en \u00e9lectricit\u00e9 de l\u2019Ukraine, privant ainsi les civils de chauffage et d\u2019eau courante pendant l\u2019hiver.<\/p>\n<p>Le pr\u00e9sident ukrainien a exhort\u00e9 les pays \u00e9trangers \u00e0 aider \u00e0 contrer les attaques \u00e0 longue port\u00e9e de la Russie en fournissant davantage de syst\u00e8mes de d\u00e9fense a\u00e9rienne \u00e0 son pays.<\/p>\n<p>\u00abNous comptons sur les actions des \u00c9tats-Unis et de l\u2019Europe, du G7, de tous les partenaires qui disposent de ces syst\u00e8mes et peuvent les fournir pour prot\u00e9ger notre peuple\u00bb, a affirm\u00e9 M.\u00a0Zelensky.<\/p>\n<p>\u00abLe monde doit forcer Moscou \u00e0 s\u2019asseoir \u00e0 la table des n\u00e9gociations pour de v\u00e9ritables n\u00e9gociations.\u00bb<\/p>\n<p>Ces frappes sont survenues \u00e0 quelques jours d\u2019une nouvelle rencontre entre M.\u00a0Zelensky et le pr\u00e9sident des \u00c9tats-Unis, Donald Trump, \u00e0 Washington.<\/p>\n<p>Lors de la rencontre pr\u00e9vue vendredi, M.\u00a0Zelensky compte demander \u00e0 M.\u00a0Trump une aide militaire suppl\u00e9mentaire de la part des \u00c9tats-Unis.<\/p>\n<p>Les discussions devraient porter principalement sur des armes sophistiqu\u00e9es \u00e0 longue port\u00e9e capables de riposter \u00e0 la Russie.<\/p>\n<p>M.\u00a0Trump a pr\u00e9venu Moscou qu\u2019il pourrait envoyer des missiles de croisi\u00e8re Tomahawks \u00e0 l\u2019Ukraine. Une telle d\u00e9cision, pr\u00e9c\u00e9demment \u00e9cart\u00e9e par Washington par crainte d\u2019une escalade de la guerre, aggraverait les tensions entre les \u00c9tats-Unis et la Russie.<\/p>\n<p>Or, elle pourrait constituer un moyen de pression pour pousser Moscou \u00e0 n\u00e9gocier, apr\u00e8s que M.\u00a0Trump a exprim\u00e9 sa frustration quant au refus du pr\u00e9sident russe, Vladimir Poutine, de c\u00e9der sur des aspects cl\u00e9s d\u2019un \u00e9ventuel accord de paix.<\/p>\n<p>Les Tomahawks renforceraient la capacit\u00e9 de l\u2019Ukraine \u00e0 riposter contre la Russie, m\u00eame si ses attaques \u00e0 longue port\u00e9e ont d\u00e9j\u00e0 un impact sur la production p\u00e9troli\u00e8re russe, selon des responsables ukrainiens et des analystes militaires \u00e9trangers.<\/p>\n<p>Selon M.\u00a0Zelensky, les frappes men\u00e9es par l\u2019Ukraine \u00e0 l\u2019aide de missiles \u00e0 longue port\u00e9e et de drones nouvellement con\u00e7us provoquent d\u2019importantes p\u00e9nuries de gaz en Russie.<\/p>\n","protected":false},"excerpt":{"rendered":"Les forces russes ont lanc\u00e9 des bombes planantes et des drones puissants contre la deuxi\u00e8me ville d\u2019Ukraine lors&hellip;\n","protected":false},"author":2,"featured_media":462109,"comment_status":"","ping_status":"","sticky":false,"template":"","format":"standard","meta":{"footnotes":""},"categories":[1591],"tags":[11,1887,1854,12,1885,1886,132],"class_list":{"0":"post-462108","1":"post","2":"type-post","3":"status-publish","4":"format-standard","5":"has-post-thumbnail","7":"category-russie","8":"tag-actualites","9":"tag-federation-de-russie","10":"tag-https-lactualite-com-sujet-international","11":"tag-news","12":"tag-russia","13":"tag-russian-federation","14":"tag-russie"},"share_on_mastodon":{"url":"https:\/\/pubeurope.com\/@fr\/115372020554822131","error":""},"_links":{"self":[{"href":"https:\/\/www.europesays.com\/fr\/wp-json\/wp\/v2\/posts\/462108","targetHints":{"allow":["GET"]}}],"collection":[{"href":"https:\/\/www.europesays.com\/fr\/wp-json\/wp\/v2\/posts"}],"about":[{"href":"https:\/\/www.europesays.com\/fr\/wp-json\/wp\/v2\/types\/post"}],"author":[{"embeddable":true,"href":"https:\/\/www.europesays.com\/fr\/wp-json\/wp\/v2\/users\/2"}],"replies":[{"embeddable":true,"href":"https:\/\/www.europesays.com\/fr\/wp-json\/wp\/v2\/comments?post=462108"}],"version-history":[{"count":0,"href":"https:\/\/www.europesays.com\/fr\/wp-json\/wp\/v2\/posts\/462108\/revisions"}],"wp:featuredmedia":[{"embeddable":true,"href":"https:\/\/www.europesays.com\/fr\/wp-json\/wp\/v2\/media\/462109"}],"wp:attachment":[{"href":"https:\/\/www.europesays.com\/fr\/wp-json\/wp\/v2\/media?parent=462108"}],"wp:term":[{"taxonomy":"category","embeddable":true,"href":"https:\/\/www.europesays.com\/fr\/wp-json\/wp\/v2\/categories?post=462108"},{"taxonomy":"post_tag","embeddable":true,"href":"https:\/\/www.europesays.com\/fr\/wp-json\/wp\/v2\/tags?post=462108"}],"curies":[{"name":"wp","href":"https:\/\/api.w.org\/{rel}","templated":true}]}}