{"id":462110,"date":"2025-10-14T10:21:12","date_gmt":"2025-10-14T10:21:12","guid":{"rendered":"https:\/\/www.europesays.com\/fr\/462110\/"},"modified":"2025-10-14T10:21:12","modified_gmt":"2025-10-14T10:21:12","slug":"guerre-en-ukraine-un-convoi-daide-humanitaire-de-lonu-frappe-par-la-russie","status":"publish","type":"post","link":"https:\/\/www.europesays.com\/fr\/462110\/","title":{"rendered":"Guerre en Ukraine. Un convoi d&rsquo;aide humanitaire de l&rsquo;ONU frapp\u00e9 par la Russie"},"content":{"rendered":"<p>Un convoi d&rsquo;aide humanitaire de l&rsquo;ONU a \u00e9t\u00e9 la cible d&rsquo;une frappe russe mardi dans la r\u00e9gion de Kherson, dans le <a href=\"https:\/\/www.ledauphine.com\/france-monde\/ukraine\" target=\"_blank\" rel=\"noopener\">sud de l&rsquo;Ukraine<\/a>, a affirm\u00e9 le gouverneur r\u00e9gional ukrainien Oleksandr Prokoudine, jugeant \u00ab miraculeux \u00bb qu&rsquo;il n&rsquo;y ait pas eu de bless\u00e9.<\/p>\n<p>Selon ce responsable, un convoi de quatre v\u00e9hicules blancs sigl\u00e9s Nations Unies, transportant plusieurs tonnes d&rsquo;aide a \u00e9t\u00e9 d\u00e9lib\u00e9r\u00e9ment vis\u00e9 dans la commune de Bilozerka par des tirs de drones et d&rsquo;artillerie russes. Un des v\u00e9hicules a \u00e9t\u00e9 incendi\u00e9 et un autre s\u00e9rieusement endommag\u00e9, mais personne n&rsquo;a \u00e9t\u00e9 bless\u00e9, toujours selon cette source.<\/p>\n<p>Plus d&rsquo;informations \u00e0 suivre&#8230;<\/p>\n","protected":false},"excerpt":{"rendered":"Un convoi d&rsquo;aide humanitaire de l&rsquo;ONU a \u00e9t\u00e9 la cible d&rsquo;une frappe russe mardi dans la r\u00e9gion de&hellip;\n","protected":false},"author":2,"featured_media":462111,"comment_status":"","ping_status":"","sticky":false,"template":"","format":"standard","meta":{"footnotes":""},"categories":[1590],"tags":[11,3206,1777,674,107,329,12,220],"class_list":{"0":"post-462110","1":"post","2":"type-post","3":"status-publish","4":"format-standard","5":"has-post-thumbnail","7":"category-ukraine","8":"tag-actualites","9":"tag-defense-guerre-conflit","10":"tag-eu","11":"tag-europe","12":"tag-fil-info","13":"tag-france-monde","14":"tag-news","15":"tag-ukraine"},"share_on_mastodon":{"url":"https:\/\/pubeurope.com\/@fr\/115372024552368856","error":""},"_links":{"self":[{"href":"https:\/\/www.europesays.com\/fr\/wp-json\/wp\/v2\/posts\/462110","targetHints":{"allow":["GET"]}}],"collection":[{"href":"https:\/\/www.europesays.com\/fr\/wp-json\/wp\/v2\/posts"}],"about":[{"href":"https:\/\/www.europesays.com\/fr\/wp-json\/wp\/v2\/types\/post"}],"author":[{"embeddable":true,"href":"https:\/\/www.europesays.com\/fr\/wp-json\/wp\/v2\/users\/2"}],"replies":[{"embeddable":true,"href":"https:\/\/www.europesays.com\/fr\/wp-json\/wp\/v2\/comments?post=462110"}],"version-history":[{"count":0,"href":"https:\/\/www.europesays.com\/fr\/wp-json\/wp\/v2\/posts\/462110\/revisions"}],"wp:featuredmedia":[{"embeddable":true,"href":"https:\/\/www.europesays.com\/fr\/wp-json\/wp\/v2\/media\/462111"}],"wp:attachment":[{"href":"https:\/\/www.europesays.com\/fr\/wp-json\/wp\/v2\/media?parent=462110"}],"wp:term":[{"taxonomy":"category","embeddable":true,"href":"https:\/\/www.europesays.com\/fr\/wp-json\/wp\/v2\/categories?post=462110"},{"taxonomy":"post_tag","embeddable":true,"href":"https:\/\/www.europesays.com\/fr\/wp-json\/wp\/v2\/tags?post=462110"}],"curies":[{"name":"wp","href":"https:\/\/api.w.org\/{rel}","templated":true}]}}