{"id":462115,"date":"2025-10-14T10:24:11","date_gmt":"2025-10-14T10:24:11","guid":{"rendered":"https:\/\/www.europesays.com\/fr\/462115\/"},"modified":"2025-10-14T10:24:11","modified_gmt":"2025-10-14T10:24:11","slug":"amelioration-moins-forte-que-prevu-de-lindice-zew-en-octobre","status":"publish","type":"post","link":"https:\/\/www.europesays.com\/fr\/462115\/","title":{"rendered":"am\u00e9lioration moins forte que pr\u00e9vu de l&rsquo;indice ZEW en octobre"},"content":{"rendered":"<p>Le moral des investisseurs et des analystes a continu\u00e9 de s&rsquo;am\u00e9liorer en Allemagne au mois d&rsquo;octobre, mais \u00e0 un rythme moins marqu\u00e9 que pr\u00e9vu, montre mardi l&rsquo;enqu\u00eate r\u00e9alis\u00e9e par l&rsquo;institut d&rsquo;\u00e9tudes \u00e9conomiques ZEW.<\/p>\n<p>Son indice a progress\u00e9 \u00e0 39,3 ce mois-ci, signant un deuxi\u00e8me mois cons\u00e9cutif de hausse, apr\u00e8s avoir d\u00e9j\u00e0 augment\u00e9 \u00e0 37,3 en septembre.<\/p>\n<p>Les \u00e9conomistes tablaient cependant sur une hausse plus prononc\u00e9e, autour de 40.<\/p>\n<p>Le sous-indice du jugement des investisseurs sur la situation actuelle s&rsquo;est par ailleurs d\u00e9grad\u00e9, ressortant toujours en territoire&#8230;<\/p>\n<p style=\"margin-top:20px;\"><a href=\"https:\/\/www.zonebourse.com\/actualite-bourse\/allemagne-amelioration-moins-forte-que-prevu-de-l-indice-zew-en-octobre-ce7d5ad9dc89ff22\" target=\"_blank\" rel=\"noopener noreferrer nofollow\" class=\"lien-cta-article\">Lire l&rsquo;article complet sur Zonebourse.com<\/a><\/p>\n","protected":false},"excerpt":{"rendered":"Le moral des investisseurs et des analystes a continu\u00e9 de s&rsquo;am\u00e9liorer en Allemagne au mois d&rsquo;octobre, mais \u00e0&hellip;\n","protected":false},"author":2,"featured_media":462116,"comment_status":"","ping_status":"","sticky":false,"template":"","format":"standard","meta":{"footnotes":""},"categories":[1587],"tags":[11,672,1804,1805,1803,1777,674,1801,12,1802],"class_list":{"0":"post-462115","1":"post","2":"type-post","3":"status-publish","4":"format-standard","5":"has-post-thumbnail","7":"category-allemagne","8":"tag-actualites","9":"tag-allemagne","10":"tag-bundesrepublik-deutschland","11":"tag-de","12":"tag-deutschland","13":"tag-eu","14":"tag-europe","15":"tag-germany","16":"tag-news","17":"tag-republique-federale-dallemagne"},"share_on_mastodon":{"url":"https:\/\/pubeurope.com\/@fr\/115372036213920027","error":""},"_links":{"self":[{"href":"https:\/\/www.europesays.com\/fr\/wp-json\/wp\/v2\/posts\/462115","targetHints":{"allow":["GET"]}}],"collection":[{"href":"https:\/\/www.europesays.com\/fr\/wp-json\/wp\/v2\/posts"}],"about":[{"href":"https:\/\/www.europesays.com\/fr\/wp-json\/wp\/v2\/types\/post"}],"author":[{"embeddable":true,"href":"https:\/\/www.europesays.com\/fr\/wp-json\/wp\/v2\/users\/2"}],"replies":[{"embeddable":true,"href":"https:\/\/www.europesays.com\/fr\/wp-json\/wp\/v2\/comments?post=462115"}],"version-history":[{"count":0,"href":"https:\/\/www.europesays.com\/fr\/wp-json\/wp\/v2\/posts\/462115\/revisions"}],"wp:featuredmedia":[{"embeddable":true,"href":"https:\/\/www.europesays.com\/fr\/wp-json\/wp\/v2\/media\/462116"}],"wp:attachment":[{"href":"https:\/\/www.europesays.com\/fr\/wp-json\/wp\/v2\/media?parent=462115"}],"wp:term":[{"taxonomy":"category","embeddable":true,"href":"https:\/\/www.europesays.com\/fr\/wp-json\/wp\/v2\/categories?post=462115"},{"taxonomy":"post_tag","embeddable":true,"href":"https:\/\/www.europesays.com\/fr\/wp-json\/wp\/v2\/tags?post=462115"}],"curies":[{"name":"wp","href":"https:\/\/api.w.org\/{rel}","templated":true}]}}