{"id":462117,"date":"2025-10-14T10:25:12","date_gmt":"2025-10-14T10:25:12","guid":{"rendered":"https:\/\/www.europesays.com\/fr\/462117\/"},"modified":"2025-10-14T10:25:12","modified_gmt":"2025-10-14T10:25:12","slug":"europe-marches-sous-pression-entre-saison-des-resultats-et-tensions-sino-americaines-14-10-2025-a-1205","status":"publish","type":"post","link":"https:\/\/www.europesays.com\/fr\/462117\/","title":{"rendered":"Europe: march\u00e9s sous pression, entre saison des r\u00e9sultats et tensions sino-am\u00e9ricaines &#8211; 14\/10\/2025 \u00e0 12:05"},"content":{"rendered":"<p>                                                                Un vent de prudence souffle sur l&rsquo;Europe, o\u00f9 Paris et Francfort reculent de 0,7%, tandis que Londres se maintient difficilement \u00e0 l&rsquo;\u00e9quilibre.<br \/>\n<br \/>Depuis vendredi, les march\u00e9s doivent composer avec une mont\u00e9e des tensions entre Washington et P\u00e9kin. Fid\u00e8le \u00e0 ses habitudes, Donald Trump souffle le chaud et le froid, quitte \u00e0 enrhumer les indices&#8230; Signe de la nervosit\u00e9 des march\u00e9s, le VIX (surnomm\u00e9 &lsquo;indice de la peur&rsquo;) progresse de plus de 13%, au-del\u00e0 des 21,5.<\/p>\n<p>Si les tensions entre les deux g\u00e9ants semblaient \u00eatre retomb\u00e9es, le ton est mont\u00e9 d&rsquo;un cran pendant la nuit : le minist\u00e8re chinois du Commerce a exhort\u00e9 les Etats-Unis \u00e0 faire preuve de &lsquo;sinc\u00e9rit\u00e9&rsquo; dans les n\u00e9gociations en cours avant que P\u00e9kin n&rsquo;annonce dans la foul\u00e9e une s\u00e9rie de contre-mesures \u00e0 l&rsquo;encontre de cinq filiales du chantier naval Hanwha Ocean li\u00e9es aux Etats-Unis.\n<\/p>\n<p>Sur le front des statistiques, depuis deux semaines, le &lsquo;shutdown&rsquo; aux Etats-Unis prive les op\u00e9rateurs de l&rsquo;acc\u00e8s \u00e0 certaines donn\u00e9es publi\u00e9es par des agences gouvernementales. En Europe, les intervenants ont toutefois pu prendre connaissance ce matin de l&rsquo;inflation en Allemagne. Celle-ci a atteint en septembre son rythme le plus \u00e9lev\u00e9 depuis le d\u00e9but de l&rsquo;ann\u00e9e, un ph\u00e9nom\u00e8ne qui t\u00e9moigne de la persistance des pressions sur les prix au sein de la premi\u00e8re \u00e9conomie d&rsquo;Europe, selon des chiffres d\u00e9finitifs publi\u00e9s mardi par l&rsquo;Office f\u00e9d\u00e9ral de la statistique.\n<\/p>\n<p>Concr\u00e8tement, la hausse annuelle des prix \u00e0 la consommation (CPI) a \u00e9t\u00e9 confirm\u00e9e \u00e0 2,4% au titre du mois dernier, tout comme a \u00e9t\u00e9 valid\u00e9e leur hausse de 0,2% d&rsquo;un mois sur l&rsquo;autre, d&rsquo;apr\u00e8s les statistiques de Destatis.<br \/>\n<br \/>Par ailleurs, toujours outre-Rhin, le moral des investisseurs et des analystes a continu\u00e9 de s&rsquo;am\u00e9liorer au mois d&rsquo;octobre, mais \u00e0 un rythme moins marqu\u00e9 que pr\u00e9vu, montre mardi l&rsquo;enqu\u00eate r\u00e9alis\u00e9e par l&rsquo;institut d&rsquo;\u00e9tudes \u00e9conomiques ZEW.\n<\/p>\n<p>Son indice a progress\u00e9 \u00e0 39,3 ce mois-ci, signant un deuxi\u00e8me mois cons\u00e9cutif de hausse, apr\u00e8s avoir d\u00e9j\u00e0 augment\u00e9 \u00e0 37,3 en septembre.<br \/>\n<br \/>Les \u00e9conomistes tablaient cependant sur une hausse plus prononc\u00e9e, autour de 40.\n<\/p>\n<p>Rappelons que la saison des r\u00e9sultats d\u00e9butera ce midi avec les r\u00e9sultats trimestriels de JPMorgan, Goldman Sachs, Citi et Wells Fargo aux Etats-Unis.\n<\/p>\n<p>Les intervenants sont d&rsquo;autant plus sensibles aux r\u00e9sultats des entreprises que les valorisations sont aujourd&rsquo;hui consid\u00e9r\u00e9es comme \u00e9lev\u00e9es \u00e0 Wall Street.<br \/>\n<br \/>Le ratio cours-b\u00e9n\u00e9fices (PER) du S&amp;P 500 ressort actuellement \u00e0 22,8, \u00e0 comparer \u00e0 une moyenne de 19,9x sur cinq ans et de 18,6x sur dix ans.\n<\/p>\n<p>L&rsquo;optimisme est n\u00e9anmoins de mise, puisque le consensus attend une croissance de 8% des b\u00e9n\u00e9fices des entreprises du S&amp;P 500 sur la p\u00e9riode allant de juillet \u00e0 septembre, alors que la pr\u00e9vision \u00e9tait de 7,3% au tout d\u00e9but du trimestre, selon les donn\u00e9es de FactSet.\n<\/p>\n<p>Il s&rsquo;agirait du neuvi\u00e8me trimestre de croissance b\u00e9n\u00e9ficiaire des soci\u00e9t\u00e9s am\u00e9ricaines.\n<\/p>\n<p>L&rsquo;Europe se pr\u00e9pare \u00e9galement \u00e0 quelques semaines d\u00e9cisives avec le coup d&rsquo;envoi des r\u00e9sultats des entreprises qui se succ\u00e9deront pendant plus d&rsquo;un mois.\n<\/p>\n<p>En attendant les chiffres de LVMH, qui para\u00eetront ce soir, Ericsson a d\u00e9voil\u00e9 ce matin des r\u00e9sultats trimestriels en hausse, port\u00e9s par ses mesures de r\u00e9duction de co\u00fbt, et Publicis a de nouveau relev\u00e9 son objectif de croissance organique pour l&rsquo;ann\u00e9e 2025.\n<\/p>\n<p>De l&rsquo;autre c\u00f4t\u00e9 de l&rsquo;Atlantique, Jerome Powell, le pr\u00e9sident de la Fed, prononcera \u00e0 Philadelphie un discours qui sera consacr\u00e9 aux perspectives \u00e9conomiques et \u00e0 la politique mon\u00e9taire \u00e0 l&rsquo;occasion de la conf\u00e9rence annuelle de la National Association for Business Economics (NABE).\n<\/p>\n<p>Si ces commentaires seront surveill\u00e9s avec attention par les march\u00e9s, notamment en ce qui concerne les questions commerciales, il est peu probable qu&rsquo;ils alt\u00e8rent les anticipations de deux nouvelles baisses de taux de 25 points de base en octobre et d\u00e9cembre.\n<\/p>\n<p>Sur le compartiment obligataire, le Bund \u00e0 10 ans se d\u00e9tend de 3 pts, vers 2,59%, l&rsquo;OAT de m\u00eame \u00e9ch\u00e9ance est \u00e0 3,36% (-5,6 pts).\u00c0 Londres, le Brent c\u00e8de 2,3%, sous les 62 USD le baril. L&rsquo;euro reste globalement stable face au billet vert, autour des 1,155 USD.\n<\/p>\n<p>Dans l&rsquo;actualit\u00e9 des soci\u00e9t\u00e9s europ\u00e9ennes, Ericsson publie un chiffre d&rsquo;affaires publi\u00e9 de 56,2 milliards de couronnes su\u00e9doises au 3\u00e8me trimestre 2025. Le chiffre d&rsquo;affaires organique a recul\u00e9 de -2 %.Le r\u00e9sultat brut ajust\u00e9 a diminu\u00e9 \u00e0 27,0 milliards de couronnes su\u00e9doises, les effets de change d\u00e9favorables ayant contrebalanc\u00e9 la bonne performance op\u00e9rationnelle. Le r\u00e9sultat brut d\u00e9clar\u00e9 s&rsquo;est \u00e9tabli \u00e0 26,8 milliards de couronnes su\u00e9doises.\n<\/p>\n<p>Par ailleurs, Ericsson et Vodafone ont annonc\u00e9 un partenariat strat\u00e9gique de cinq ans visant \u00e0 moderniser l&#8217;empreinte r\u00e9seau de Vodafone en utilisant les solutions de r\u00e9seau programmables hautes performances d&rsquo;Ericsson.\n<\/p>\n<p>BP rapporte que sa production amont au troisi\u00e8me trimestre d\u00e9passera celle du trimestre pr\u00e9c\u00e9dent, malgr\u00e9 une performance d\u00e9cevante dans ses activit\u00e9s de trading p\u00e9trolier.\n<\/p>\n<p>GSK a annonc\u00e9 que l&rsquo;Administration nationale des produits m\u00e9dicaux de Chine (NMPA) a approuv\u00e9 Shingrix pour la pr\u00e9vention du zona chez les adultes \u00e2g\u00e9s de 18 ans et plus qui pr\u00e9sentent un risque accru de zona en raison d&rsquo;une immunod\u00e9ficience ou d&rsquo;une immunosuppression caus\u00e9e par une maladie ou un traitement connu.\n<\/p>\n<p>Enfin, ABB annonce une alliance avec NVIDIA pour acc\u00e9l\u00e9rer le d\u00e9veloppement de centres de donn\u00e9es IA de nouvelle g\u00e9n\u00e9ration. Concr\u00e8tement, le partenariat vise \u00e0 concevoir des solutions \u00e9lectriques innovantes adapt\u00e9es aux besoins croissants en puissance des charges de travail li\u00e9es \u00e0 l&rsquo;intelligence artificielle (IA), en s&rsquo;appuyant sur l&rsquo;architecture 800 VDC (courant continu) de NVIDIA.<\/p>\n","protected":false},"excerpt":{"rendered":"Un vent de prudence souffle sur l&rsquo;Europe, o\u00f9 Paris et Francfort reculent de 0,7%, tandis que Londres se&hellip;\n","protected":false},"author":2,"featured_media":9135,"comment_status":"","ping_status":"","sticky":false,"template":"","format":"standard","meta":{"footnotes":""},"categories":[1586],"tags":[400,11,398,408,405,1777,674,1011,27,403,402,399,404,12,25,401,406,407],"class_list":{"0":"post-462117","1":"post","2":"type-post","3":"status-publish","4":"format-standard","5":"has-post-thumbnail","7":"category-europe","8":"tag-action-cac-40","9":"tag-actualites","10":"tag-bourse-de-paris","11":"tag-boursorama","12":"tag-cotations","13":"tag-eu","14":"tag-europe","15":"tag-fr","16":"tag-france","17":"tag-indices-devises","18":"tag-investir","19":"tag-investissement","20":"tag-marche-boursier","21":"tag-news","22":"tag-republique-francaise","23":"tag-sicav","24":"tag-trackers","25":"tag-warrants"},"share_on_mastodon":{"url":"https:\/\/pubeurope.com\/@fr\/115372040156759692","error":""},"_links":{"self":[{"href":"https:\/\/www.europesays.com\/fr\/wp-json\/wp\/v2\/posts\/462117","targetHints":{"allow":["GET"]}}],"collection":[{"href":"https:\/\/www.europesays.com\/fr\/wp-json\/wp\/v2\/posts"}],"about":[{"href":"https:\/\/www.europesays.com\/fr\/wp-json\/wp\/v2\/types\/post"}],"author":[{"embeddable":true,"href":"https:\/\/www.europesays.com\/fr\/wp-json\/wp\/v2\/users\/2"}],"replies":[{"embeddable":true,"href":"https:\/\/www.europesays.com\/fr\/wp-json\/wp\/v2\/comments?post=462117"}],"version-history":[{"count":0,"href":"https:\/\/www.europesays.com\/fr\/wp-json\/wp\/v2\/posts\/462117\/revisions"}],"wp:featuredmedia":[{"embeddable":true,"href":"https:\/\/www.europesays.com\/fr\/wp-json\/wp\/v2\/media\/9135"}],"wp:attachment":[{"href":"https:\/\/www.europesays.com\/fr\/wp-json\/wp\/v2\/media?parent=462117"}],"wp:term":[{"taxonomy":"category","embeddable":true,"href":"https:\/\/www.europesays.com\/fr\/wp-json\/wp\/v2\/categories?post=462117"},{"taxonomy":"post_tag","embeddable":true,"href":"https:\/\/www.europesays.com\/fr\/wp-json\/wp\/v2\/tags?post=462117"}],"curies":[{"name":"wp","href":"https:\/\/api.w.org\/{rel}","templated":true}]}}