{"id":462120,"date":"2025-10-14T10:27:15","date_gmt":"2025-10-14T10:27:15","guid":{"rendered":"https:\/\/www.europesays.com\/fr\/462120\/"},"modified":"2025-10-14T10:27:15","modified_gmt":"2025-10-14T10:27:15","slug":"tu-te-fais-bien-discret-aujourdhui-ce-nest-pas-ton-habitude-quand-trump-se-paie-gentiment-macron","status":"publish","type":"post","link":"https:\/\/www.europesays.com\/fr\/462120\/","title":{"rendered":"\u00ab\u00a0Tu te fais bien discret aujourd\u2019hui, ce n\u2019est pas ton habitude\u00a0\u00bb\u2026 Quand Trump se paie (gentiment) Macron"},"content":{"rendered":"<p>Un v\u00e9ritable show. Comme souvent, <a href=\"https:\/\/www.20minutes.fr\/dossier\/donald_trump\" class=\"c-link c-link--is-underlined\" rel=\"nofollow noopener\" target=\"_blank\">Donald Trump<\/a> n\u2019a pas h\u00e9sit\u00e9 \u00e0 se mettre en sc\u00e8ne lundi. Certes tout aur\u00e9ol\u00e9 du succ\u00e8s de son <a href=\"https:\/\/www.20minutes.fr\/monde\/etats-unis\/4178792-20251013-gaza-accord-entre-israel-hamas-trump-martele-guerre-terminee\" class=\"c-link c-link--is-underlined\" rel=\"nofollow noopener\" target=\"_blank\">plan de sortie de guerre<\/a> entre <a href=\"https:\/\/www.20minutes.fr\/monde\/israel\/\" class=\"c-link c-link--is-underlined\" rel=\"nofollow noopener\" target=\"_blank\">Isra\u00ebl<\/a> et le <a href=\"https:\/\/www.20minutes.fr\/monde\/hamas\/\" class=\"c-link c-link--is-underlined\" rel=\"nofollow noopener\" target=\"_blank\">Hamas<\/a>. Le dirigeant am\u00e9ricain a d\u2019abord r\u00e9ussi un passage triomphant devant le Parlement isra\u00e9lien puis il a particip\u00e9 au sommet international pour la paix \u00e0 Gaza, organis\u00e9 \u00e0 Charm el-Cheikh.<\/p>\n<p>A la tribune en <a href=\"https:\/\/www.20minutes.fr\/monde\/egypte\/\" class=\"c-link c-link--is-underlined\" rel=\"nofollow noopener\" target=\"_blank\">Egypte<\/a>, le <a href=\"https:\/\/www.20minutes.fr\/dossier\/milliardaire\" class=\"c-link c-link--is-underlined\" rel=\"nofollow noopener\" target=\"_blank\">milliardaire<\/a> a salu\u00e9 les pays pr\u00e9sents\u2026 jusqu\u2019\u00e0 arriver \u00e0 la France. C\u2019est l\u00e0 que Trump a repris son num\u00e9ro, en direction du pr\u00e9sident <a href=\"https:\/\/www.20minutes.fr\/politique\/emmanuel-macron\/\" class=\"c-link c-link--is-underlined\" rel=\"nofollow noopener\" target=\"_blank\">Macron<\/a>. \u00ab\u00a0Merci beaucoup Emmanuel\u00a0\u00bb, a-t-il d\u00e9but\u00e9, avant de chercher son interlocuteur derri\u00e8re lui, aux c\u00f4t\u00e9s d\u2019autres responsables politiques mondiaux. \u00ab\u00a0J\u2019imaginais Emmanuel debout quelque part derri\u00e8re moi. O\u00f9 est-il\u00a0?\u00a0\u00bb<\/p>\n<\/p>\n<p>Mais le <a href=\"https:\/\/www.20minutes.fr\/dossier\/president\" class=\"c-link c-link--is-underlined\" rel=\"nofollow noopener\" target=\"_blank\">pr\u00e9sident<\/a> de la R\u00e9publique \u00e9tait dans la salle. De quoi amuser Donald Trump qui s\u2019est alors gentiment pay\u00e9 Macron. \u00ab\u00a0Je n\u2019arrive pas \u00e0 y croire\u00a0! tu te fais bien discret aujourd\u2019hui\u00a0\u00bb, a-t-il tacl\u00e9, certainement en r\u00e9f\u00e9rence \u00e0 la volont\u00e9 de lumi\u00e8re que recherche souvent le locataire de l\u2019Elys\u00e9e. Une attaque frontale mais visiblement pas bien m\u00e9chante puisque le dirigeant am\u00e9ricain l\u2019a ensuite f\u00e9licit\u00e9 \u00e0 sa fa\u00e7on. \u00ab\u00a0Aujourd\u2019hui, il est mon ami, c\u2019est super, bon travail, merci beaucoup Emmanuel.\u00a0\u00bb<\/p>\n","protected":false},"excerpt":{"rendered":"Un v\u00e9ritable show. Comme souvent, Donald Trump n\u2019a pas h\u00e9sit\u00e9 \u00e0 se mettre en sc\u00e8ne lundi. Certes tout&hellip;\n","protected":false},"author":2,"featured_media":462121,"comment_status":"","ping_status":"","sticky":false,"template":"","format":"standard","meta":{"footnotes":""},"categories":[2],"tags":[47,11,75,4303,1073,1011,27,665,3519,74,12,25],"class_list":{"0":"post-462120","1":"post","2":"type-post","3":"status-publish","4":"format-standard","5":"has-post-thumbnail","7":"category-actualites","8":"tag-actualite","9":"tag-actualites","10":"tag-donald-trump","11":"tag-egypte","12":"tag-emmanuel-macron","13":"tag-fr","14":"tag-france","15":"tag-gaza","16":"tag-hamas","17":"tag-monde","18":"tag-news","19":"tag-republique-francaise"},"share_on_mastodon":{"url":"https:\/\/pubeurope.com\/@fr\/115372048050786286","error":""},"_links":{"self":[{"href":"https:\/\/www.europesays.com\/fr\/wp-json\/wp\/v2\/posts\/462120","targetHints":{"allow":["GET"]}}],"collection":[{"href":"https:\/\/www.europesays.com\/fr\/wp-json\/wp\/v2\/posts"}],"about":[{"href":"https:\/\/www.europesays.com\/fr\/wp-json\/wp\/v2\/types\/post"}],"author":[{"embeddable":true,"href":"https:\/\/www.europesays.com\/fr\/wp-json\/wp\/v2\/users\/2"}],"replies":[{"embeddable":true,"href":"https:\/\/www.europesays.com\/fr\/wp-json\/wp\/v2\/comments?post=462120"}],"version-history":[{"count":0,"href":"https:\/\/www.europesays.com\/fr\/wp-json\/wp\/v2\/posts\/462120\/revisions"}],"wp:featuredmedia":[{"embeddable":true,"href":"https:\/\/www.europesays.com\/fr\/wp-json\/wp\/v2\/media\/462121"}],"wp:attachment":[{"href":"https:\/\/www.europesays.com\/fr\/wp-json\/wp\/v2\/media?parent=462120"}],"wp:term":[{"taxonomy":"category","embeddable":true,"href":"https:\/\/www.europesays.com\/fr\/wp-json\/wp\/v2\/categories?post=462120"},{"taxonomy":"post_tag","embeddable":true,"href":"https:\/\/www.europesays.com\/fr\/wp-json\/wp\/v2\/tags?post=462120"}],"curies":[{"name":"wp","href":"https:\/\/api.w.org\/{rel}","templated":true}]}}