{"id":462122,"date":"2025-10-14T10:28:08","date_gmt":"2025-10-14T10:28:08","guid":{"rendered":"https:\/\/www.europesays.com\/fr\/462122\/"},"modified":"2025-10-14T10:28:08","modified_gmt":"2025-10-14T10:28:08","slug":"sebastien-lecornu-est-arrive-a-lelysee-avant-un-conseil-des-ministres-reporte-a-11h-suivez-le-direct-la-provence","status":"publish","type":"post","link":"https:\/\/www.europesays.com\/fr\/462122\/","title":{"rendered":"S\u00e9bastien Lecornu est arriv\u00e9 \u00e0 l&#039;\u00c9lys\u00e9e avant un conseil des ministres report\u00e9 \u00e0 11h&#8230; suivez le direct &#8211; La Provence"},"content":{"rendered":"<ol>\n<li><a href=\"https:\/\/news.google.com\/rss\/articles\/CBMikgJBVV95cUxNNTRTNlI2ZnZZZTQ5S1VkdlZLMm5lMG5pRWNVQUVQa256YWVGNGF0QnBKYTZUM3RnOXBxNDFLT2d4U1RXYXVBQXB3ZTJrV1pYQzZEWTFPY0hBZGNSZmVpcGN0bEZ0Zk1TNUFLSGhXcW9IU01GUzR2ZVhnUTlzeEsxa2Zvd1ZxSG0yUFhnU3ZzR1FZN1NsTWczN0h0RG1MNGRNenRjdHViM29LRGtXcVRqTURtWkh1Y3ZqZDhrRzRHWVN3T1lZWm1aMG1KS1dQVlJld2g5bFBOY19WQ29ISzU1Y0hwVWwyc0prZWJRSFg5eHNTMGJGUjNFMUpnZUJaaXlqR1pPSl9teXVBMmdwaXd3dXdB?oc=5\" target=\"_blank\" rel=\"noopener\">S\u00e9bastien Lecornu est arriv\u00e9 \u00e0 l&rsquo;\u00c9lys\u00e9e avant un conseil des ministres report\u00e9 \u00e0 11h&#8230; suivez le direct<\/a>&nbsp;&nbsp;La Provence<\/li>\n<li><a href=\"https:\/\/news.google.com\/rss\/articles\/CBMimwJBVV95cUxNRnl5OEFZRkpmUFVVcVBCNEF0Uk1NeUt6X3N3OXJkcGNrdjAtaXhaQXFaYVVaU3F0LU5MMlItcnVVR3NCSi12Nm1xcFB2UnZPX1ItTmx2LWdyRFpUd001UkJXSGtacEVyd2NuQTE5aVIwRzVjd0dEOWp4TDA5TVhNVXcwZEUwYWFaeEdFY0s4OFpwdm92LW5pZTcyaHM3d1B4V2ZVclEzN0R3cVFNRUF0Z1E2SmV5X3Z0LUVDX011Y0ZIYkNDMVNYQlVvVXk3RmxJOFJ2Q3lPWm14WkZ3Z2pNeFc2Vjk1Z09yRHhnZDNqazNzemRsc2FKdS03TmpLRGRYVFN2ajdlV2IyY2FybVd1QV8wYzF1b1RnU05Z?oc=5\" target=\"_blank\" rel=\"noopener\">Qui sont les six ministres des R\u00e9publicains d\u00e9bauch\u00e9s par S\u00e9bastien Lecornu et menac\u00e9s d\u2019exclusion par Bruno Retailleau<\/a>&nbsp;&nbsp;Lib\u00e9ration<\/li>\n<li><a href=\"https:\/\/news.google.com\/rss\/articles\/CBMi9gFBVV95cUxNNUVrOURKMXZxMVg5VGJmck5tdjBzUU1KbUVidzZJRFdWdlJ1eVAxY2pzV1dVSkNVd3VmRlkzZFJ3Sm40NzJOLTFQN2ZnMm40OXJFTEdub1FKNmRBdFFETm9pOUtTNm1IdEZubll4Z0o0cWVDbUtiZFhOaDMtOC15TXBVUEFYSmprVGtNMTZnNFlEUFdPdmdzejlxR0Y3VHloNHQyRTRoc216OTVULTl4R2NuQ0FYcEhZa3RLbmpjUG45SDZMYndEakFpYXVzVW44WFNmUXYyNHZyajZ6aUNtUkhxUFhiQWJubEswS3hoNmo4M3RSNEE?oc=5\" target=\"_blank\" rel=\"noopener\">PORTRAITS. Qui sont les 34 ministres du nouveau gouvernement de S\u00e9bastien Lecornu ?<\/a>&nbsp;&nbsp;Franceinfo<\/li>\n<li><a href=\"https:\/\/news.google.com\/rss\/articles\/CBMijwFBVV95cUxObVN0aDhxU1JZUFJ6bldGYVdTMmlqQUcteFJxOFFtV3VOcEcwS3VRcVBZS1I0Vk41X2JjbmJfcWdnQXdCUlpJQjJvRnNfV1g5OG5nXzF2cDAzX1dnekJWRWZpZW1ZVmM1azYxbHZXNGdCMGgtU3k1VjNtU0dXMUZRWkJ4REEwMlUzdl96dFUtUQ?oc=5\" target=\"_blank\" rel=\"noopener\">Macron, l\u2019irresponsable de la R\u00e9publique<\/a>&nbsp;&nbsp;Mediapart<\/li>\n<li><a href=\"https:\/\/news.google.com\/rss\/articles\/CBMiuAFBVV95cUxQUktnMkJ2TnNUc3lLQ0dkTU9DalloeXhzWHFRZXdfeC1fa0V5RWh1eUNFaFBFZV83SGlCV3pWWXFSUkFSSDI5eDhOZW80QXBOVWV2Vk1HOXNQbG1KLURVNVpDTXlUWDZ6UVlQM0t2cXpxajZJdnFrcGJwQ3pwSDFfcGRONjI5YWt5dGNQdk1rU0gyWjdWMk10dnByMzNIM3lUOUNGSWx1UlpTWm16WnVIdFFxNlRYczNs?oc=5\" target=\"_blank\" rel=\"noopener\">Le suicide \u00e0 deux coups de la classe politique fran\u00e7aise<\/a>&nbsp;&nbsp;Les Echos<\/li>\n<\/ol>\n","protected":false},"excerpt":{"rendered":"S\u00e9bastien Lecornu est arriv\u00e9 \u00e0 l&rsquo;\u00c9lys\u00e9e avant un conseil des ministres report\u00e9 \u00e0 11h&#8230; suivez le direct&nbsp;&nbsp;La Provence&hellip;\n","protected":false},"author":2,"featured_media":462123,"comment_status":"","ping_status":"","sticky":false,"template":"","format":"standard","meta":{"footnotes":""},"categories":[2],"tags":[11,416,58654,1011,27,12,3363,25,11067],"class_list":{"0":"post-462122","1":"post","2":"type-post","3":"status-publish","4":"format-standard","5":"has-post-thumbnail","7":"category-actualites","8":"tag-actualites","9":"tag-assemblee-nationale","10":"tag-declaration-de-politique-generale","11":"tag-fr","12":"tag-france","13":"tag-news","14":"tag-premier-ministre","15":"tag-republique-francaise","16":"tag-sebastien-lecornu"},"share_on_mastodon":{"url":"https:\/\/pubeurope.com\/@fr\/115372052037758695","error":""},"_links":{"self":[{"href":"https:\/\/www.europesays.com\/fr\/wp-json\/wp\/v2\/posts\/462122","targetHints":{"allow":["GET"]}}],"collection":[{"href":"https:\/\/www.europesays.com\/fr\/wp-json\/wp\/v2\/posts"}],"about":[{"href":"https:\/\/www.europesays.com\/fr\/wp-json\/wp\/v2\/types\/post"}],"author":[{"embeddable":true,"href":"https:\/\/www.europesays.com\/fr\/wp-json\/wp\/v2\/users\/2"}],"replies":[{"embeddable":true,"href":"https:\/\/www.europesays.com\/fr\/wp-json\/wp\/v2\/comments?post=462122"}],"version-history":[{"count":0,"href":"https:\/\/www.europesays.com\/fr\/wp-json\/wp\/v2\/posts\/462122\/revisions"}],"wp:featuredmedia":[{"embeddable":true,"href":"https:\/\/www.europesays.com\/fr\/wp-json\/wp\/v2\/media\/462123"}],"wp:attachment":[{"href":"https:\/\/www.europesays.com\/fr\/wp-json\/wp\/v2\/media?parent=462122"}],"wp:term":[{"taxonomy":"category","embeddable":true,"href":"https:\/\/www.europesays.com\/fr\/wp-json\/wp\/v2\/categories?post=462122"},{"taxonomy":"post_tag","embeddable":true,"href":"https:\/\/www.europesays.com\/fr\/wp-json\/wp\/v2\/tags?post=462122"}],"curies":[{"name":"wp","href":"https:\/\/api.w.org\/{rel}","templated":true}]}}