{"id":462140,"date":"2025-10-14T10:39:10","date_gmt":"2025-10-14T10:39:10","guid":{"rendered":"https:\/\/www.europesays.com\/fr\/462140\/"},"modified":"2025-10-14T10:39:10","modified_gmt":"2025-10-14T10:39:10","slug":"cyril-hanouna-tres-critique-concernant-une-emission-de-tf1-cest-claque-au-sol","status":"publish","type":"post","link":"https:\/\/www.europesays.com\/fr\/462140\/","title":{"rendered":"Cyril Hanouna, tr\u00e8s critique concernant une \u00e9mission de TF1\u00a0: \u00ab\u00a0c&rsquo;est claqu\u00e9 au sol\u00a0\u00bb"},"content":{"rendered":"<p><strong>Tacle bien senti.<\/strong> <a href=\"https:\/\/www.journaldesfemmes.fr\/people\/cyril-hanouna\/\" title=\"Cyril Hanouna\" rel=\"nofollow noopener\" target=\"_blank\">Cyril Hanouna<\/a> appr\u00e9cie Camille Combal mais ne valide pas du tout le concept m\u00eame de l&rsquo;\u00e9mission Mask Singer. \u00ab\u00a0J&rsquo;aime Camille. Franchement, j&rsquo;ai aucun probl\u00e8me avec Camille. Mais l&rsquo;\u00e9mission&#8230;(&#8230;)\u00a0Vous savez, je vous l&rsquo;avais dit, on me l&rsquo;avait propos\u00e9e, moi, en producteur, cette \u00e9mission. J&rsquo;avais appel\u00e9 mes gens qui travaillaient avec moi. Collaborateurs. C&rsquo;est-\u00e0-dire que j&rsquo;avais appel\u00e9 ma m\u00e8re. Et on avait vu le truc. Et j&rsquo;avais dit, mais c&rsquo;est pas possible. C&rsquo;est claqu\u00e9 au sol\u00a0\u00bb, a racont\u00e9 l&rsquo;animateur de 51 ans dans\u00a0TBT9.<br \/>\n\u00a0<\/p>\n","protected":false},"excerpt":{"rendered":"Tacle bien senti. Cyril Hanouna appr\u00e9cie Camille Combal mais ne valide pas du tout le concept m\u00eame de&hellip;\n","protected":false},"author":2,"featured_media":462141,"comment_status":"","ping_status":"","sticky":false,"template":"","format":"standard","meta":{"footnotes":""},"categories":[1359],"tags":[58655,51761,1083,58,59,52292,1011,27,51766,1031,973],"class_list":{"0":"post-462140","1":"post","2":"type-post","3":"status-publish","4":"format-standard","5":"has-post-thumbnail","7":"category-people","8":"tag-cms-journaldesfemmes-3244182","9":"tag-controller-content","10":"tag-cyril-hanouna","11":"tag-divertissement","12":"tag-entertainment","13":"tag-format-reportage","14":"tag-fr","15":"tag-france","16":"tag-les-histoires-du-jdf","17":"tag-magazine","18":"tag-people"},"share_on_mastodon":{"url":"https:\/\/pubeurope.com\/@fr\/115372095256597492","error":""},"_links":{"self":[{"href":"https:\/\/www.europesays.com\/fr\/wp-json\/wp\/v2\/posts\/462140","targetHints":{"allow":["GET"]}}],"collection":[{"href":"https:\/\/www.europesays.com\/fr\/wp-json\/wp\/v2\/posts"}],"about":[{"href":"https:\/\/www.europesays.com\/fr\/wp-json\/wp\/v2\/types\/post"}],"author":[{"embeddable":true,"href":"https:\/\/www.europesays.com\/fr\/wp-json\/wp\/v2\/users\/2"}],"replies":[{"embeddable":true,"href":"https:\/\/www.europesays.com\/fr\/wp-json\/wp\/v2\/comments?post=462140"}],"version-history":[{"count":0,"href":"https:\/\/www.europesays.com\/fr\/wp-json\/wp\/v2\/posts\/462140\/revisions"}],"wp:featuredmedia":[{"embeddable":true,"href":"https:\/\/www.europesays.com\/fr\/wp-json\/wp\/v2\/media\/462141"}],"wp:attachment":[{"href":"https:\/\/www.europesays.com\/fr\/wp-json\/wp\/v2\/media?parent=462140"}],"wp:term":[{"taxonomy":"category","embeddable":true,"href":"https:\/\/www.europesays.com\/fr\/wp-json\/wp\/v2\/categories?post=462140"},{"taxonomy":"post_tag","embeddable":true,"href":"https:\/\/www.europesays.com\/fr\/wp-json\/wp\/v2\/tags?post=462140"}],"curies":[{"name":"wp","href":"https:\/\/api.w.org\/{rel}","templated":true}]}}