{"id":462144,"date":"2025-10-14T10:41:15","date_gmt":"2025-10-14T10:41:15","guid":{"rendered":"https:\/\/www.europesays.com\/fr\/462144\/"},"modified":"2025-10-14T10:41:15","modified_gmt":"2025-10-14T10:41:15","slug":"babel-entre-savoir-et-pouvoir-vitav","status":"publish","type":"post","link":"https:\/\/www.europesays.com\/fr\/462144\/","title":{"rendered":"Babel, entre savoir et pouvoir \u2013 Vitav"},"content":{"rendered":"<p>\t\t\t<img loading=\"lazy\" decoding=\"async\" width=\"493\" height=\"400\" src=\"https:\/\/www.europesays.com\/fr\/wp-content\/uploads\/2025\/10\/IMG_20251012_184510.jpg\" class=\"attachment-oblique-single-thumb size-oblique-single-thumb wp-post-image\" alt=\"\"   data-attachment-id=\"96035\" data-permalink=\"https:\/\/www.vitav.fr\/babel-entre-savoir-et-pouvoir\/img_20251012_184510\/\" data-orig-file=\"https:\/\/www.europesays.com\/fr\/wp-content\/uploads\/2025\/10\/IMG_20251012_184510.jpg\" data-orig-size=\"493,400\" data-comments-opened=\"1\" data-image-meta=\"{&quot;aperture&quot;:&quot;0&quot;,&quot;credit&quot;:&quot;&quot;,&quot;camera&quot;:&quot;&quot;,&quot;caption&quot;:&quot;&quot;,&quot;created_timestamp&quot;:&quot;0&quot;,&quot;copyright&quot;:&quot;&quot;,&quot;focal_length&quot;:&quot;0&quot;,&quot;iso&quot;:&quot;0&quot;,&quot;shutter_speed&quot;:&quot;0&quot;,&quot;title&quot;:&quot;&quot;,&quot;orientation&quot;:&quot;1&quot;}\" data-image-title=\"IMG_20251012_184510\" data-image-description=\"\" data-medium-file=\"https:\/\/i0.wp.com\/www.vitav.fr\/wp-content\/uploads\/2025\/10\/IMG_20251012_184510.jpg?fit=300%2C243&amp;ssl=1\" data-large-file=\"https:\/\/www.europesays.com\/fr\/wp-content\/uploads\/2025\/10\/IMG_20251012_184510.jpg\"\/>\t\t\t<\/p>\n<p><strong>Babel, ouvrage publi\u00e9 en 2022, a connu un grand succ\u00e8s aupr\u00e8s du public et remport\u00e9 de nombreux prix litt\u00e9raires : le Nebula Award du meilleur roman, le British Book Award, ou encore, le Locus Award du meilleur roman de fantasy. Ce succ\u00e8s a fait de son autrice Rebecca Kuang, am\u00e9ricaine d\u2019origine chinoise, une \u00e9crivaine mondialement reconnue.<\/strong><\/p>\n<blockquote>\n<p><img loading=\"lazy\" decoding=\"async\" data-attachment-id=\"96075\" data-permalink=\"https:\/\/www.vitav.fr\/babel-entre-savoir-et-pouvoir\/41o7rmyfk-l-_sy445_sx342_ml2_\/\" data-orig-file=\"https:\/\/i1.wp.com\/www.vitav.fr\/wp-content\/uploads\/2025\/10\/41o7rmyfK-L._SY445_SX342_ML2_.jpg?fit=247%2C400&amp;ssl=1\" data-orig-size=\"247,400\" data-comments-opened=\"1\" data-image-meta=\"{&quot;aperture&quot;:&quot;0&quot;,&quot;credit&quot;:&quot;&quot;,&quot;camera&quot;:&quot;&quot;,&quot;caption&quot;:&quot;&quot;,&quot;created_timestamp&quot;:&quot;0&quot;,&quot;copyright&quot;:&quot;&quot;,&quot;focal_length&quot;:&quot;0&quot;,&quot;iso&quot;:&quot;0&quot;,&quot;shutter_speed&quot;:&quot;0&quot;,&quot;title&quot;:&quot;&quot;,&quot;orientation&quot;:&quot;0&quot;}\" data-image-title=\"41o7rmyfK-L._SY445_SX342_ML2_\" data-image-description=\"\" data-medium-file=\"https:\/\/i1.wp.com\/www.vitav.fr\/wp-content\/uploads\/2025\/10\/41o7rmyfK-L._SY445_SX342_ML2_.jpg?fit=185%2C300&amp;ssl=1\" data-large-file=\"https:\/\/i1.wp.com\/www.vitav.fr\/wp-content\/uploads\/2025\/10\/41o7rmyfK-L._SY445_SX342_ML2_.jpg?fit=247%2C400&amp;ssl=1\" class=\" wp-image-96075\" src=\"https:\/\/www.europesays.com\/fr\/wp-content\/uploads\/2025\/10\/41o7rmyfK-L._SY445_SX342_ML2_.jpg\" alt=\"\" width=\"193\" height=\"313\"   data-recalc-dims=\"1\"\/>Couverture de la version poche en langue fran\u00e7aise.<\/p>\n<p><strong>Un roman de fantasy sur une base historique<\/strong><\/p>\n<\/blockquote>\n<p>L\u2019histoire de Babel se d\u00e9roule dans <strong>un cadre historique r\u00e9el et document\u00e9<\/strong> : une version alternative de l\u2019Oxford des ann\u00e9es 1830 est pr\u00e9sent\u00e9e, ancr\u00e9e dans la r\u00e9volution industrielle et l\u2019expansion de l\u2019empire colonial britannique. La fantasy repose sur <strong>un syst\u00e8me magique fond\u00e9 sur la traduction et sur des mots grav\u00e9s dans l\u2019argent<\/strong>. Babel, tour situ\u00e9e au centre de l\u2019empire et abritant les \u00e9tudes de traduction de cet \u00e9l\u00e9ment, est alors le c\u0153ur du pouvoir britannique, la puissance de celui-ci reposant sur le savoir.<\/p>\n<blockquote>\n<p><strong>\u00ab Un acte de traduction est toujours un acte de trahison\u00a0\u00bb<\/strong><\/p>\n<\/blockquote>\n<p>Dans ce roman, le lecteur suit un jeune \u00e9tudiant cantonais amen\u00e9 en Grande-Bretagne par un professeur de Babel alors qu\u2019il \u00e9tait encore enfant. Il se voit imposer un programme d\u2019\u00e9tudes strict et entre \u00e0 Oxford. <strong>Ses comp\u00e9tences linguistiques en mandarin sont mises au service de l\u2019empire<\/strong> et il rencontre d\u2019autres \u00e9tudiants venus de terres colonis\u00e9es ayant une histoire similaire \u00e0 la sienne. <strong>Un r\u00e9el dilemme s\u2019impose alors \u00e0 lui<\/strong> : entre le <strong>confort<\/strong> de la vie au Royaume-Uni, la <strong>loyaut\u00e9<\/strong> envers un professeur et une institution qui l\u2019auraient sauv\u00e9 de la pauvret\u00e9, et la <strong>conscience morale<\/strong> face \u00e0 un empire colonial qui opprime son pays d\u2019origine et s\u2019enrichit en appauvrissant d\u2019autres peuples.<\/p>\n<blockquote>\n<p><strong>Dans Babel, Rebecca Kuang d\u00e9monte l\u2019empire britannique pi\u00e8ce par pi\u00e8ce<\/strong><\/p>\n<\/blockquote>\n<p dir=\"auto\">L\u2019autrice se sert d\u2019un cadre de fantasy pour aborder des sujets profonds comme l\u2019importance du <strong>langage<\/strong> et des <strong>connaissances<\/strong>, le conflit entre <strong>loyaut\u00e9<\/strong>, <strong>confort<\/strong> et <strong>morale<\/strong>, mais aussi le rapport entre <strong>savoir<\/strong> et <strong>domination<\/strong>. <strong>Tout cela en formant une critique claire du colonialisme et en d\u00e9non\u00e7ant le racisme.<\/strong><\/p>\n<p dir=\"auto\">Babel, or the Necessity of Violence: An Arcane History of the Translator\u2019s Revolution est <strong>un livre intelligent qui am\u00e8ne \u00e0 la r\u00e9flexion<\/strong>. Bien qu\u2019il puisse para\u00eetre impressionnant par son nombre de pages, il se lit rapidement tant l\u2019histoire est captivante et r\u00e9fl\u00e9chie du d\u00e9but \u00e0 la fin, expliquant ainsi son succ\u00e8s international.<\/p>\n<p><strong>Texte et photo : Elsa FERREIRA.<\/strong><\/p>\n<p><strong>Babel, Rebecca F. Kuang, en fran\u00e7aise aux \u00e9ditions PAL, 784 pages.<\/strong><\/p>\n<p>\n\tArticles similaires<\/p>\n","protected":false},"excerpt":{"rendered":"Babel, ouvrage publi\u00e9 en 2022, a connu un grand succ\u00e8s aupr\u00e8s du public et remport\u00e9 de nombreux prix&hellip;\n","protected":false},"author":2,"featured_media":462145,"comment_status":"","ping_status":"","sticky":false,"template":"","format":"standard","meta":{"footnotes":""},"categories":[1357],"tags":[1379,58,59,1011,27,1380],"class_list":{"0":"post-462144","1":"post","2":"type-post","3":"status-publish","4":"format-standard","5":"has-post-thumbnail","7":"category-livres","8":"tag-books","9":"tag-divertissement","10":"tag-entertainment","11":"tag-fr","12":"tag-france","13":"tag-livres"},"share_on_mastodon":{"url":"https:\/\/pubeurope.com\/@fr\/115372103624201507","error":""},"_links":{"self":[{"href":"https:\/\/www.europesays.com\/fr\/wp-json\/wp\/v2\/posts\/462144","targetHints":{"allow":["GET"]}}],"collection":[{"href":"https:\/\/www.europesays.com\/fr\/wp-json\/wp\/v2\/posts"}],"about":[{"href":"https:\/\/www.europesays.com\/fr\/wp-json\/wp\/v2\/types\/post"}],"author":[{"embeddable":true,"href":"https:\/\/www.europesays.com\/fr\/wp-json\/wp\/v2\/users\/2"}],"replies":[{"embeddable":true,"href":"https:\/\/www.europesays.com\/fr\/wp-json\/wp\/v2\/comments?post=462144"}],"version-history":[{"count":0,"href":"https:\/\/www.europesays.com\/fr\/wp-json\/wp\/v2\/posts\/462144\/revisions"}],"wp:featuredmedia":[{"embeddable":true,"href":"https:\/\/www.europesays.com\/fr\/wp-json\/wp\/v2\/media\/462145"}],"wp:attachment":[{"href":"https:\/\/www.europesays.com\/fr\/wp-json\/wp\/v2\/media?parent=462144"}],"wp:term":[{"taxonomy":"category","embeddable":true,"href":"https:\/\/www.europesays.com\/fr\/wp-json\/wp\/v2\/categories?post=462144"},{"taxonomy":"post_tag","embeddable":true,"href":"https:\/\/www.europesays.com\/fr\/wp-json\/wp\/v2\/tags?post=462144"}],"curies":[{"name":"wp","href":"https:\/\/api.w.org\/{rel}","templated":true}]}}