{"id":462146,"date":"2025-10-14T10:42:11","date_gmt":"2025-10-14T10:42:11","guid":{"rendered":"https:\/\/www.europesays.com\/fr\/462146\/"},"modified":"2025-10-14T10:42:11","modified_gmt":"2025-10-14T10:42:11","slug":"un-boulanger-en-rogne-cest-absurde-son-commerce-demantele-pour-y-construire-une-piste-cyclable","status":"publish","type":"post","link":"https:\/\/www.europesays.com\/fr\/462146\/","title":{"rendered":"Un boulanger en rogne, \u00ab\u00a0c&rsquo;est absurde\u00a0\u00bb, son commerce d\u00e9mantel\u00e9 pour y construire une piste cyclable"},"content":{"rendered":"<p>Par <a class=\"author_recette\" id=\"author_name\" href=\"https:\/\/www.nextplz.fr\/auteur\/mamy\" rel=\"nofollow noopener\" target=\"_blank\">Mamy Yves<br \/>\nRatsimbazafy<\/a> &#8211; Publi\u00e9 le 14 Oct 2025 \u00e0 11:58 &#8211; Modifi\u00e9 le<br \/>\n14 Oct 2025 \u00e0<br \/>\n11:58<\/p>\n<p class=\"article-intro excerpt\">Une boulangerie ouverte depuis<br \/>\n2015 \u00e0 Bron est actuellement sur le point d\u2019\u00eatre d\u00e9truite \u00e0 cause<br \/>\nd\u2019un projet de couloir de bus et de piste cyclable. Une d\u00e9cision<br \/>\njug\u00e9e absurde par les habitants.<\/p>\n<p><img width=\"750\" height=\"410\" src=\"https:\/\/www.europesays.com\/fr\/wp-content\/uploads\/2025\/10\/boulangerie-750x410.jpg\" class=\"img-responsive alignnone size-full pinit-here zoom-it\" alt=\"Un boulanger en rogne, &quot;c'est absurde&quot;, son commerce d\u00e9mantel\u00e9 pour y construire une piste cyclable\" fetchpriority=\"high\" data-lazyloading=\"false\" decoding=\"async\"\/><\/p>\n<p>\u00a9 Shutterstock<\/p>\n<p>C\u2019est une histoire qui symbolise la tension entre am\u00e9nagement<br \/>\nurbain et survie du commerce local. <a href=\"https:\/\/www.nextplz.fr\/societe\/485034-trop-de-francais-se-trompent-voici-la-seule-chaine-de-boulangerie-recommandee-par-lufc-que-choisir\" rel=\"nofollow noopener\" target=\"_blank\"><br \/>\nUne boulangerie situ\u00e9e \u00e0 Bron<\/a>, dans la m\u00e9tropole de Lyon et qui<br \/>\nest \u00e9galement une v\u00e9ritable institution de quartier depuis 2015 vit<br \/>\nen effet ses derniers mois d\u2019activit\u00e9. Il faut croire que les<br \/>\npropri\u00e9taires ont appris qu\u2019ils allaient \u00eatre expropri\u00e9s afin de<br \/>\npermettre la construction d\u2019un couloir de bus et d\u2019une piste<br \/>\ncyclable. Un projet port\u00e9 conjointement par la M\u00e9tropole de Lyon et<br \/>\nle Sytral Mobilit\u00e9s, qui bouleverse le quotidien de nombreux<br \/>\nriverains.<\/p>\n<p>Un boulanger<br \/>\nqui essaie de d\u00e9fendre son commerce<\/p>\n<p>Selon le dossier technique, les nouvelles infrastructures<br \/>\nempi\u00e8tent sur pr\u00e8s de 40 % du commerce. Ce qui rend impossible la<br \/>\npoursuite de l\u2019activit\u00e9. \u201cC\u2019est comme si vous aviez deux jambes<br \/>\net que demain on vous disait que vous marcherez sur une<br \/>\nseule\u201d, s\u2019est indign\u00e9 Ali Harbaoui au micro de CNEWS. \u201cOn<br \/>\nessaie de d\u00e9fendre notre commerce, notre m\u00e9tier, mais on fait face<br \/>\n\u00e0 un rouleau compresseur\u201d.<\/p>\n<p>Une<br \/>\njustice inflexible malgr\u00e9 la mobilisation locale<\/p>\n<p>Les boulangers avaient d\u00e9pos\u00e9 un recours pour tenter de sauver<br \/>\nleur entreprise. La justice vient toutefois de trancher car le<br \/>\nprojet est d\u00e9sormais valid\u00e9. Une d\u00e9cision que le maire LR de Bron,<br \/>\nJ\u00e9r\u00e9mie Br\u00e9aud, qualifie d\u2019\u201cincompr\u00e9hensible\u201d. \u201cC\u2019est<br \/>\nabsurde. On est en Absurdistan, a-t-il lanc\u00e9, outr\u00e9.<br \/>\nTout \u00e7a pour faire passer une voie lyonnaise, c\u2019est-\u00e0-dire une<br \/>\npiste cyclable plus large. Et pour 1m50 suppl\u00e9mentaire, on va<br \/>\nd\u00e9truire une boulangerie qui fonctionne !\u201d La proc\u00e9dure<br \/>\nd\u2019expropriation suit donc son cours malgr\u00e9 le soutien d\u2019une partie<br \/>\ndes habitants et des \u00e9lus locaux. La fin d\u2019une aventure humaine et<br \/>\nprofessionnelle entam\u00e9e il y a dix ans. Maison Paneo employait une<br \/>\ndizaine de salari\u00e9s, qui se retrouvent d\u00e9sormais menac\u00e9s de<br \/>\nch\u00f4mage.<\/p>\n<p>Le<br \/>\nSytral se d\u00e9fend et parle de \u201cmauvaise communication\u201d<\/p>\n<p>De son c\u00f4t\u00e9, <a href=\"https:\/\/fr.wikipedia.org\/wiki\/SYTRAL_Mobilit%C3%A9s\" target=\"_blank\" rel=\"nofollow noopener\">le Sytral Mobilit\u00e9s<\/a> assure que des \u00e9tudes de<br \/>\nfaisabilit\u00e9 avaient \u00e9t\u00e9 men\u00e9es pour permettre le maintien du<br \/>\ncommerce, mais affirme que les g\u00e9rants \u201cn\u2019ont jamais donn\u00e9<br \/>\nsuite\u201d aux propositions formul\u00e9es. Un argument que conteste<br \/>\nfermement Ali Harbaoui qui \u00e9voque au contraire un manque de<br \/>\ndialogue et de concertation. Sauf retournement improbable, la<br \/>\nboulangerie devra ainsi fermer ses portes d\u2019ici la fin de l\u2019ann\u00e9e<br \/>\n2025 ou au premier trimestre 2026.<\/p>\n","protected":false},"excerpt":{"rendered":"Par Mamy Yves Ratsimbazafy &#8211; Publi\u00e9 le 14 Oct 2025 \u00e0 11:58 &#8211; Modifi\u00e9 le 14 Oct 2025&hellip;\n","protected":false},"author":2,"featured_media":462147,"comment_status":"","ping_status":"","sticky":false,"template":"","format":"standard","meta":{"footnotes":""},"categories":[1356],"tags":[21303,58,59,1011,27,252,1364],"class_list":{"0":"post-462146","1":"post","2":"type-post","3":"status-publish","4":"format-standard","5":"has-post-thumbnail","7":"category-television","8":"tag-buzz_nonli","9":"tag-divertissement","10":"tag-entertainment","11":"tag-fr","12":"tag-france","13":"tag-television","14":"tag-tv"},"share_on_mastodon":{"url":"https:\/\/pubeurope.com\/@fr\/115372107097767972","error":""},"_links":{"self":[{"href":"https:\/\/www.europesays.com\/fr\/wp-json\/wp\/v2\/posts\/462146","targetHints":{"allow":["GET"]}}],"collection":[{"href":"https:\/\/www.europesays.com\/fr\/wp-json\/wp\/v2\/posts"}],"about":[{"href":"https:\/\/www.europesays.com\/fr\/wp-json\/wp\/v2\/types\/post"}],"author":[{"embeddable":true,"href":"https:\/\/www.europesays.com\/fr\/wp-json\/wp\/v2\/users\/2"}],"replies":[{"embeddable":true,"href":"https:\/\/www.europesays.com\/fr\/wp-json\/wp\/v2\/comments?post=462146"}],"version-history":[{"count":0,"href":"https:\/\/www.europesays.com\/fr\/wp-json\/wp\/v2\/posts\/462146\/revisions"}],"wp:featuredmedia":[{"embeddable":true,"href":"https:\/\/www.europesays.com\/fr\/wp-json\/wp\/v2\/media\/462147"}],"wp:attachment":[{"href":"https:\/\/www.europesays.com\/fr\/wp-json\/wp\/v2\/media?parent=462146"}],"wp:term":[{"taxonomy":"category","embeddable":true,"href":"https:\/\/www.europesays.com\/fr\/wp-json\/wp\/v2\/categories?post=462146"},{"taxonomy":"post_tag","embeddable":true,"href":"https:\/\/www.europesays.com\/fr\/wp-json\/wp\/v2\/tags?post=462146"}],"curies":[{"name":"wp","href":"https:\/\/api.w.org\/{rel}","templated":true}]}}