{"id":462157,"date":"2025-10-14T10:48:16","date_gmt":"2025-10-14T10:48:16","guid":{"rendered":"https:\/\/www.europesays.com\/fr\/462157\/"},"modified":"2025-10-14T10:48:16","modified_gmt":"2025-10-14T10:48:16","slug":"ces-4-smartphones-galaxy-ne-recevront-plus-aucune-mise-a-jour","status":"publish","type":"post","link":"https:\/\/www.europesays.com\/fr\/462157\/","title":{"rendered":"ces 4 smartphones Galaxy ne recevront plus aucune mise \u00e0 jour"},"content":{"rendered":"<p>Samsung modifie une nouvelle fois son calendrier de mises \u00e0 jour. Quatre smartphones Galaxy perdent d\u00e9sormais tout suivi logiciel, et le Galaxy S21 FE passe \u00e0 un rythme de mises \u00e0 jour plus lent.<\/p>\n<p><a href=\"https:\/\/www.01net.com\/actualites\/samsung-fin-mises-a-jour-telephones-galaxy.html\" target=\"_blank\" rel=\"noopener\">Apr\u00e8s les Galaxy A22, F22, M32 et M42 5G<\/a>, la firme cor\u00e9enne continue d\u2019ajuster le suivi logiciel de ses appareils. Si le <a href=\"https:\/\/www.01net.com\/tests\/samsung-galaxy-s21-fe-5g-fiche-technique-66411.html\" target=\"_blank\" rel=\"noopener\">Samsung Galaxy S21 FE<\/a> b\u00e9n\u00e9ficie encore d\u2019un suivi jusqu\u2019en 2027, il sera d\u00e9sormais <strong>mis \u00e0 jour<\/strong> tous les trois mois. En parall\u00e8le, <strong>quatre anciens mod\u00e8les\u00a0disparaissent d\u00e9finitivement de la liste<\/strong> des <a href=\"https:\/\/www.01net.com\/guide-achat\/quel-telephone-samsung-galaxy-choisir-meilleurs-smartphones.html\" target=\"_blank\" rel=\"noopener\">smartphones Galaxy<\/a> pris en charge.<\/p>\n<p> Le Samsung Galaxy S21 FE ralentit le rythme de ses mises \u00e0 jour <\/p>\n<p>Sorti d\u00e9but 2022 sous Android 12, le <strong>Samsung Galaxy S21 FE<\/strong> a connu un suivi exemplaire jusqu\u2019ici. Il tourne aujourd\u2019hui <a href=\"https:\/\/www.01net.com\/actualites\/android-15-est-un-echec-et-samsung-ny-est-pas-pour-rien.html\" target=\"_blank\" rel=\"noopener\">sous Android 15 et One UI 7<\/a>, et devrait bient\u00f4t passer \u00e0 One UI 8 (Android 16), avant d\u2019accueillir <a href=\"https:\/\/www.01net.com\/actualites\/one-ui-8-5-est-plus-proche-quon-ne-le-pense.html\" target=\"_blank\" rel=\"noopener\">One UI 8.5 l\u2019ann\u00e9e prochaine<\/a>. Les correctifs de s\u00e9curit\u00e9 continueront au moins jusqu\u2019\u00e0 d\u00e9but 2027, mais Samsung r\u00e9duit la fr\u00e9quence. Les mises \u00e0 jour, auparavant mensuelles, seront d\u00e9sormais trimestrielles.<\/p>\n<blockquote>\n<p>\u00c0 lire\u00a0: <a href=\"https:\/\/www.01net.com\/actualites\/one-ui-8-5-samsung-ajouterait-nouveautes-votre-galaxy.html\" target=\"_blank\" rel=\"noopener\">Avec One UI 8.5, Samsung ajouterait ces 4 nouveaut\u00e9s \u00e0 votre Galaxy<\/a><\/p>\n<\/blockquote>\n<p>En pratique, cela signifie que vous recevrez moins souvent de nouveaut\u00e9s et d\u2019am\u00e9liorations, m\u00eame si les correctifs essentiels de s\u00e9curit\u00e9 continueront d\u2019\u00eatre assur\u00e9s. Le constructeur adapte ainsi le rythme de suivi de son Fan Edition, tout en maintenant un certain niveau de fiabilit\u00e9 sur la dur\u00e9e.<\/p>\n<p> Fin de parcours pour ces quatre mod\u00e8les Galaxy <\/p>\n<p>En revanche, certains smartphones tirent leur r\u00e9v\u00e9rence. Les <a href=\"https:\/\/www.01net.com\/tests\/samsung-galaxy-a52s-fiche-technique-65841.html\" target=\"_blank\" rel=\"noopener\">Galaxy A52s<\/a>, <strong>Galaxy A03s<\/strong>, <strong>Galaxy M32 5G<\/strong> et <strong>Galaxy F42<\/strong> sortent officiellement de la liste des appareils pris en charge par Samsung. Cela signifie qu\u2019ils ne recevront plus aucune mise \u00e0 jour, ni de s\u00e9curit\u00e9 ni de fonctionnalit\u00e9s.<\/p>\n<p>Ces mod\u00e8les, encore courants sur le march\u00e9 de l\u2019occasion, restent fonctionnels au quotidien pour des usages simples, mais ils ne sont plus prot\u00e9g\u00e9s contre les derni\u00e8res failles de s\u00e9curit\u00e9. Les utilisateurs pourront continuer \u00e0 b\u00e9n\u00e9ficier des mises \u00e0 jour Google Play, qui garantissent un minimum de stabilit\u00e9 pour les applications et services essentiels. Pour une meilleure protection, on vous conseille tout de m\u00eame d\u2019envisager le passage \u00e0 un mod\u00e8le plus r\u00e9cent.<\/p>\n<p>         Galaxy A17 au meilleur prix         Prix de base\u00a0: 229\u00a0\u20ac      <\/p>\n<p>          Voir plus d&rsquo;offres     <\/p>\n<blockquote>\n<p class=\"text-base text-neutral-700 dark:text-neutral-300\">\ud83d\udd34 Pour ne manquer aucune actualit\u00e9 de 01net, suivez-nous sur <a href=\"https:\/\/news.google.com\/publications\/CAAqBwgKMJPsvAswoIfUAw?hl=fr&amp;gl=FR&amp;ceid=FR%3Afr\" target=\"_blank\" rel=\"noopener\">Google Actualit\u00e9s<\/a> et <a href=\"https:\/\/whatsapp.com\/channel\/0029VaH5gKg6xCSG9nQQhQ1Z\" target=\"_blank\" rel=\"noopener\">WhatsApp<\/a>.<\/p>\n<\/blockquote>\n<p class=\"post-source\">\n            Source :<br \/>\n            <a href=\"https:\/\/security.samsungmobile.com\/workScope.smsb\" target=\"_blank\" rel=\"noopener\"><br \/>\n              Samsung Mobile Security<br \/>\n            <\/a>\n          <\/p>\n","protected":false},"excerpt":{"rendered":"Samsung modifie une nouvelle fois son calendrier de mises \u00e0 jour. Quatre smartphones Galaxy perdent d\u00e9sormais tout suivi&hellip;\n","protected":false},"author":2,"featured_media":462158,"comment_status":"","ping_status":"","sticky":false,"template":"","format":"standard","meta":{"footnotes":""},"categories":[7],"tags":[653,1011,27,58656,8947,58657,613,26084,43,40,41,39,42,44],"class_list":{"0":"post-462157","1":"post","2":"type-post","3":"status-publish","4":"format-standard","5":"has-post-thumbnail","7":"category-sciences-et-technologies","8":"tag-android-16","9":"tag-fr","10":"tag-france","11":"tag-galaxy-s21","12":"tag-mise-a-jour","13":"tag-mise-a-jour-logicielle","14":"tag-samsung-galaxy","15":"tag-samsung-one-ui-8","16":"tag-science","17":"tag-science-and-technology","18":"tag-sciences","19":"tag-sciences-et-technologies","20":"tag-technologies","21":"tag-technology"},"share_on_mastodon":{"url":"https:\/\/pubeurope.com\/@fr\/115372130673842461","error":""},"_links":{"self":[{"href":"https:\/\/www.europesays.com\/fr\/wp-json\/wp\/v2\/posts\/462157","targetHints":{"allow":["GET"]}}],"collection":[{"href":"https:\/\/www.europesays.com\/fr\/wp-json\/wp\/v2\/posts"}],"about":[{"href":"https:\/\/www.europesays.com\/fr\/wp-json\/wp\/v2\/types\/post"}],"author":[{"embeddable":true,"href":"https:\/\/www.europesays.com\/fr\/wp-json\/wp\/v2\/users\/2"}],"replies":[{"embeddable":true,"href":"https:\/\/www.europesays.com\/fr\/wp-json\/wp\/v2\/comments?post=462157"}],"version-history":[{"count":0,"href":"https:\/\/www.europesays.com\/fr\/wp-json\/wp\/v2\/posts\/462157\/revisions"}],"wp:featuredmedia":[{"embeddable":true,"href":"https:\/\/www.europesays.com\/fr\/wp-json\/wp\/v2\/media\/462158"}],"wp:attachment":[{"href":"https:\/\/www.europesays.com\/fr\/wp-json\/wp\/v2\/media?parent=462157"}],"wp:term":[{"taxonomy":"category","embeddable":true,"href":"https:\/\/www.europesays.com\/fr\/wp-json\/wp\/v2\/categories?post=462157"},{"taxonomy":"post_tag","embeddable":true,"href":"https:\/\/www.europesays.com\/fr\/wp-json\/wp\/v2\/tags?post=462157"}],"curies":[{"name":"wp","href":"https:\/\/api.w.org\/{rel}","templated":true}]}}