{"id":462169,"date":"2025-10-14T10:54:16","date_gmt":"2025-10-14T10:54:16","guid":{"rendered":"https:\/\/www.europesays.com\/fr\/462169\/"},"modified":"2025-10-14T10:54:16","modified_gmt":"2025-10-14T10:54:16","slug":"a-saint-etienne-le-maire-gael-perdriau-dans-un-bouillant-chaudron-liberation","status":"publish","type":"post","link":"https:\/\/www.europesays.com\/fr\/462169\/","title":{"rendered":"A Saint-Etienne, le maire Ga\u00ebl Perdriau dans un bouillant chaudron \u2013 Lib\u00e9ration"},"content":{"rendered":"<p class=\"sc-cPiKLX AiZTS text-element\">L\u2019h\u00f4tel de ville de Saint-Etienne \u00e9tait, lundi 13 octobre, un v\u00e9ritable chaudron. Vous l\u2019avez ? Poursuivons. Le conseil municipal se tenait pour la premi\u00e8re fois depuis <a href=\"https:\/\/www.liberation.fr\/societe\/police-justice\/je-vous-confie-ma-parole-ma-dignite-et-mon-avenir-gael-perdriau-continue-de-clamer-son-innocence-a-lissue-du-proces-du-chantage-a-la-sextape-20250930_3IJARUTVVRF5REDSYHZ5YT5E5A\/\" target=\"_blank\" rel=\"noreferrer nofollow noopener\" title=\"https:\/\/www.liberation.fr\/societe\/police-justice\/je-vous-confie-ma-parole-ma-dignite-et-mon-avenir-gael-perdriau-continue-de-clamer-son-innocence-a-lissue-du-proces-du-chantage-a-la-sextape-20250930_3IJARUTVVRF5REDSYHZ5YT5E5A\/\">le proc\u00e8s du maire ex-LR Ga\u00ebl Perdriau<\/a>, poursuivi pour chantage \u00e0 la sextape envers son adjoint <a href=\"https:\/\/www.liberation.fr\/portraits\/gilles-artigues-face-a-la-menace-fantoche-20230724_I6O5WK4CD5AHFE5JUKRZYG2UEU\/\" target=\"_blank\" rel=\"noreferrer nofollow noopener\" title=\"https:\/\/www.liberation.fr\/portraits\/gilles-artigues-face-a-la-menace-fantoche-20230724_I6O5WK4CD5AHFE5JUKRZYG2UEU\/\">Gilles Artigues<\/a>. Cette affaire court depuis trois ans mais l\u2019\u00e9dile, ind\u00e9boulonnable, reste en place. Au grand dam des oppositions qui se sont \u00e9mues que Perdriau pr\u00e9side l\u2019assembl\u00e9e municipale. \u00abC\u2019est plus fort  <\/p>\n","protected":false},"excerpt":{"rendered":"L\u2019h\u00f4tel de ville de Saint-Etienne \u00e9tait, lundi 13 octobre, un v\u00e9ritable chaudron. Vous l\u2019avez ? Poursuivons. Le conseil&hellip;\n","protected":false},"author":2,"featured_media":462170,"comment_status":"","ping_status":"","sticky":false,"template":"","format":"standard","meta":{"footnotes":""},"categories":[9653],"tags":[1111,11,2430,1777,674,1011,27,3228,12,25,4001],"class_list":{"0":"post-462169","1":"post","2":"type-post","3":"status-publish","4":"format-standard","5":"has-post-thumbnail","7":"category-saint-etienne","8":"tag-actu","9":"tag-actualites","10":"tag-auvergne-rhone-alpes","11":"tag-eu","12":"tag-europe","13":"tag-fr","14":"tag-france","15":"tag-lr","16":"tag-news","17":"tag-republique-francaise","18":"tag-saint-etienne"},"share_on_mastodon":{"url":"https:\/\/pubeurope.com\/@fr\/115372154094382372","error":""},"_links":{"self":[{"href":"https:\/\/www.europesays.com\/fr\/wp-json\/wp\/v2\/posts\/462169","targetHints":{"allow":["GET"]}}],"collection":[{"href":"https:\/\/www.europesays.com\/fr\/wp-json\/wp\/v2\/posts"}],"about":[{"href":"https:\/\/www.europesays.com\/fr\/wp-json\/wp\/v2\/types\/post"}],"author":[{"embeddable":true,"href":"https:\/\/www.europesays.com\/fr\/wp-json\/wp\/v2\/users\/2"}],"replies":[{"embeddable":true,"href":"https:\/\/www.europesays.com\/fr\/wp-json\/wp\/v2\/comments?post=462169"}],"version-history":[{"count":0,"href":"https:\/\/www.europesays.com\/fr\/wp-json\/wp\/v2\/posts\/462169\/revisions"}],"wp:featuredmedia":[{"embeddable":true,"href":"https:\/\/www.europesays.com\/fr\/wp-json\/wp\/v2\/media\/462170"}],"wp:attachment":[{"href":"https:\/\/www.europesays.com\/fr\/wp-json\/wp\/v2\/media?parent=462169"}],"wp:term":[{"taxonomy":"category","embeddable":true,"href":"https:\/\/www.europesays.com\/fr\/wp-json\/wp\/v2\/categories?post=462169"},{"taxonomy":"post_tag","embeddable":true,"href":"https:\/\/www.europesays.com\/fr\/wp-json\/wp\/v2\/tags?post=462169"}],"curies":[{"name":"wp","href":"https:\/\/api.w.org\/{rel}","templated":true}]}}