{"id":462176,"date":"2025-10-14T11:00:24","date_gmt":"2025-10-14T11:00:24","guid":{"rendered":"https:\/\/www.europesays.com\/fr\/462176\/"},"modified":"2025-10-14T11:00:24","modified_gmt":"2025-10-14T11:00:24","slug":"la-grande-chasse-au-tresor-dhalloween-de-retour-au-chateau-de-flaugergues","status":"publish","type":"post","link":"https:\/\/www.europesays.com\/fr\/462176\/","title":{"rendered":"La grande chasse au tr\u00e9sor d\u2019Halloween de retour au Ch\u00e2teau de Flaugergues"},"content":{"rendered":"<p>\t\t\t\t\t\t\t\tLe Sortil\u00e8ge de la sorci\u00e8re percelune<\/p>\n<p>Comme le veut la tradition, le <b>Ch\u00e2teau de Flaugergues<\/b> annonce le grand retour de sa mythique <b>Chasse au Tr\u00e9sor d\u2019Halloween<\/b> ! Intitul\u00e9e cette ann\u00e9e <b>\u00ab\u00a0Le sortil\u00e8ge de la sorci\u00e8re Percelune\u00a0\u00bb<\/b>, cette nouvelle \u00e9dition promet de plonger les participants dans une aventure enchanteresse et pleine de d\u00e9fis au c\u0153ur du parc historique du ch\u00e2teau.<\/p>\n<p>L\u2019\u00e9nigme de la sorci\u00e8re percelune<\/p>\n<p>Cette ann\u00e9e, l\u2019intrigue se corse. La sorci\u00e8re <b>Percelune<\/b>, redoutable gardienne des citrouilles magiques, a jet\u00e9 un terrible sort sur le Ch\u00e2teau de Flaugergues. Seule une devinette myst\u00e9rieuse, laiss\u00e9e par la sorci\u00e8re elle-m\u00eame, peut lever la mal\u00e9diction. Le probl\u00e8me ? Percelune a effac\u00e9 des mots cl\u00e9s pour s\u2019assurer que personne ne puisse la r\u00e9soudre !<\/p>\n<p>Le destin du ch\u00e2teau repose d\u00e9sormais sur les \u00e9paules des jeunes participants. Les enfants de <b>6 \u00e0 12 ans<\/b>, accompagn\u00e9s de leurs adultes, devront parcourir librement les jardins et le parc pour retrouver les indices cach\u00e9s et reconstituer la devinette. Ce <b>jeu en autonomie<\/b> invite \u00e0 une exploration \u00e0 son propre rythme, offrant environ 75 minutes de frissons et d\u2019amusement. Ne manquez pas cette occasion unique de sauver le Ch\u00e2teau de Flaugergues des griffes de la sorci\u00e8re !<\/p>\n<p>La chasse au tr\u00e9sor se tiendra sur deux dates pendant les vacances de la Toussaint :<\/p>\n<p><b>Chasse au Tr\u00e9sor d\u2019Halloween 2025 \u2013 Le sortil\u00e8ge de la sorci\u00e8re Percelune.<\/b><\/p>\n<ul>\n<li><b>Dates :<\/b> Les lundis <b>20 &amp; 27 octobre 2025<\/b><\/li>\n<li><b>Public :<\/b> Enfants de 6 \u00e0 12 ans (accompagn\u00e9s d\u2019un adulte)<\/li>\n<li><b>Horaires de d\u00e9part :<\/b> <b>14h30 \u2013 15h \u2013 15h30<\/b><\/li>\n<li><b>Dur\u00e9e :<\/b> 1h30<\/li>\n<\/ul>\n<p><b>Tarifs : <\/b><b>15\u20ac<\/b> par enfant, <b>5\u20ac<\/b> par accompagnant, on r\u00e9serve <strong><a href=\"https:\/\/www.flaugergues.com\/\u00e9v\u00e8nement\/chasseautresorhalloween\/\" target=\"_blank\" rel=\"noopener nofollow\">ici<\/a><\/strong><\/p>\n<blockquote class=\"instagram-media\" style=\"background: #FFF; border: 0; border-radius: 3px; box-shadow: 0 0 1px 0 rgba(0,0,0,0.5),0 1px 10px 0 rgba(0,0,0,0.15); margin: 1px; max-width: 540px; min-width: 326px; padding: 0; width: calc(100% - 2px);\" data-instgrm-captioned=\"\" data-instgrm-permalink=\"https:\/\/www.instagram.com\/p\/DPnwpFZlWcK\/?utm_source=ig_embed&amp;utm_campaign=loading\" data-instgrm-version=\"14\">\n<\/blockquote>\n<p>\t\t\t\t\t\t\t\t\t\t\t\t\t\t\t<script async src=\"\/\/www.instagram.com\/embed.js\"><\/script><\/p>\n","protected":false},"excerpt":{"rendered":"Le Sortil\u00e8ge de la sorci\u00e8re percelune Comme le veut la tradition, le Ch\u00e2teau de Flaugergues annonce le grand&hellip;\n","protected":false},"author":2,"featured_media":462177,"comment_status":"","ping_status":"","sticky":false,"template":"","format":"standard","meta":{"footnotes":""},"categories":[9599],"tags":[1111,11,1777,674,1011,27,2208,12,2680,25],"class_list":{"0":"post-462176","1":"post","2":"type-post","3":"status-publish","4":"format-standard","5":"has-post-thumbnail","7":"category-montpellier","8":"tag-actu","9":"tag-actualites","10":"tag-eu","11":"tag-europe","12":"tag-fr","13":"tag-france","14":"tag-montpellier","15":"tag-news","16":"tag-occitanie","17":"tag-republique-francaise"},"share_on_mastodon":{"url":"https:\/\/pubeurope.com\/@fr\/115372178108950607","error":""},"_links":{"self":[{"href":"https:\/\/www.europesays.com\/fr\/wp-json\/wp\/v2\/posts\/462176","targetHints":{"allow":["GET"]}}],"collection":[{"href":"https:\/\/www.europesays.com\/fr\/wp-json\/wp\/v2\/posts"}],"about":[{"href":"https:\/\/www.europesays.com\/fr\/wp-json\/wp\/v2\/types\/post"}],"author":[{"embeddable":true,"href":"https:\/\/www.europesays.com\/fr\/wp-json\/wp\/v2\/users\/2"}],"replies":[{"embeddable":true,"href":"https:\/\/www.europesays.com\/fr\/wp-json\/wp\/v2\/comments?post=462176"}],"version-history":[{"count":0,"href":"https:\/\/www.europesays.com\/fr\/wp-json\/wp\/v2\/posts\/462176\/revisions"}],"wp:featuredmedia":[{"embeddable":true,"href":"https:\/\/www.europesays.com\/fr\/wp-json\/wp\/v2\/media\/462177"}],"wp:attachment":[{"href":"https:\/\/www.europesays.com\/fr\/wp-json\/wp\/v2\/media?parent=462176"}],"wp:term":[{"taxonomy":"category","embeddable":true,"href":"https:\/\/www.europesays.com\/fr\/wp-json\/wp\/v2\/categories?post=462176"},{"taxonomy":"post_tag","embeddable":true,"href":"https:\/\/www.europesays.com\/fr\/wp-json\/wp\/v2\/tags?post=462176"}],"curies":[{"name":"wp","href":"https:\/\/api.w.org\/{rel}","templated":true}]}}