{"id":462180,"date":"2025-10-14T11:02:12","date_gmt":"2025-10-14T11:02:12","guid":{"rendered":"https:\/\/www.europesays.com\/fr\/462180\/"},"modified":"2025-10-14T11:02:12","modified_gmt":"2025-10-14T11:02:12","slug":"il-ma-pete-la-tronche-sans-raison","status":"publish","type":"post","link":"https:\/\/www.europesays.com\/fr\/462180\/","title":{"rendered":"\u00ab il m\u2019a p\u00e9t\u00e9 la tronche sans raison\u2009\u00bb"},"content":{"rendered":"<p>            Par<br \/>\n        <strong><br \/>\n            <a href=\"https:\/\/actu.fr\/auteur\/fmass\" title=\"Consulter tous les articles de Fabien Massin\" target=\"_blank\" rel=\"noopener\">Fabien Massin<\/a><br \/>\n        <\/strong><\/p>\n<p>        Publi\u00e9 le<\/p>\n<p>            14 oct. 2025 \u00e0 12h02        <\/p>\n<p>Mardi 7\u00a0octobre 2025, peu avant 22h \u00e0 <a href=\"https:\/\/actu.fr\/normandie\/deville-les-rouen_76216\" target=\"_blank\" rel=\"noopener\">D\u00e9ville-l\u00e8s-Rouen (Seine-Maritime)<\/a>, une femme \u00e2g\u00e9e d\u2019une quarantaine d\u2019ann\u00e9es se pr\u00e9sente au domicile de sa voisine, choqu\u00e9e et le visage en sang. Une dispute a \u00e9clat\u00e9 au domicile de son compagnon, <strong>qui l\u2019a frapp\u00e9e au visage \u00e0 coups de t\u00eate et de poings avant de sortir<\/strong>. La voisine a entendu des cris, la police est alert\u00e9e.<\/p>\n<p>Plusieurs blessures au visage<\/p>\n<p class=\" wall-content\">La patrouille de police retrouve le compagnon quelques minutes plus tard alors qu\u2019il se trouve dans un bus. Il est alors interpell\u00e9 et plac\u00e9 en garde \u00e0 vue. Pour ces faits, Tony* \u00e2g\u00e9 d\u2019une trentaine d\u2019ann\u00e9es, \u00e9tait jug\u00e9 par le tribunal de Rouen lundi 13\u00a0octobre 2025.<\/p>\n<p class=\" wall-content\">L\u2019examen de la victime, Sophie \u2014 qui se pr\u00e9sente comme \u00e9tant bipolaire \u2014 examin\u00e9e par le m\u00e9decin l\u00e9giste, t\u00e9moigne de la violence de la dispute\u2009: elle s\u2019en sort avec <strong>un nez cass\u00e9, des ecchymoses et un \u0153d\u00e8me au niveau des yeux<\/strong>. R\u00e9sultat\u2009: cinq jours d\u2019ITT (incapacit\u00e9 temporaire totale). Cela faisait trois semaines \u00e0 peine qu\u2019elle vivait chez lui, et la cohabitation a rapidement mal tourn\u00e9. \u00ab\u2009Je voulais m\u2019en aller, lui n\u2019a pas support\u00e9 donc il m\u2019a tap\u00e9e \u00bb, raconte-t-elle. \u00ab Il m\u2019a p\u00e9t\u00e9 la tronche sans raison. C\u2019est un gamin, il a fait une crise d\u2019hyst\u00e9rie.\u2009\u00bb<\/p>\n<p class=\" wall-content\">Ce \u00e0 quoi le pr\u00e9venu r\u00e9pond\u2009: \u00ab\u2009Je suis d\u00e9sol\u00e9 pour le coup. Je voulais qu\u2019elle s\u2019en aille depuis plusieurs jours, j\u2019en avais marre et elle, elle me saute dessus.\u2009\u00bb <strong>Tous deux conviennent que la dispute <\/strong>a \u00e9clat\u00e9 sur fond d\u2019alcool. Dans la salle du tribunal, \u00e0 plusieurs reprises, Sophie fait part de son agacement devant les propos de son agresseur, pendant que celui-ci est entendu, si bien que par deux fois, <strong>elle doit quitter la salle sous escorte<\/strong>.<\/p>\n<p class=\" wall-content\">Le casier judiciaire de Tony est d\u00e9j\u00e0 bien fourni, il comporte 12 mentions, dont trois condamnations pour des faits de violences conjugales.<strong> \u00ab\u2009Pensez-vous avoir un probl\u00e8me avec les femmes\u2009?\u2009\u00bb<\/strong>, l\u2019interroge la pr\u00e9sidente du tribunal. \u00ab\u2009Je suis tomb\u00e9 sur les mauvaises personnes\u2009\u00bb, tente-t-il alors de r\u00e9pondre.<\/p>\n<p>\u00ab\u2009Un coup tr\u00e8s lourd\u2009\u00bb<\/p>\n<p class=\" wall-content\">Dans son r\u00e9quisitoire, la procureure rappelle que l\u2019agresseur a port\u00e9 \u00ab\u2009un coup tr\u00e8s lourd\u2009\u00bb \u00e0 sa victime, et que lors des pr\u00e9c\u00e9dentes condamnations sous bracelet \u00e9lectronique, <strong>il respectait peu scrupuleusement ses horaires de sortie.<\/strong><\/p>\n<p class=\" wall-content\">Du c\u00f4t\u00e9 de la d\u00e9fense, l\u2019avocate met en avant un parcours fragilis\u00e9 chez son client\u2009: \u00ab\u2009Il a grandi avec p\u00e8re alcoolique et violent, mais aujourd\u2019hui,<strong> il\u00a0n\u2019a pas conscience qu\u2019il reproduit cela.\u2009\u00bb<\/strong><\/p>\n<p>Votre r\u00e9gion, votre actu !<\/p>\n<p>Recevez chaque jour les infos qui comptent pour vous.<\/p>\n<p>\t<a href=\"https:\/\/actu.fr\/newsletter\" class=\"ac-btn ac-btn--corner ac-btn--medium ac-btn--blue800\" target=\"_blank\" rel=\"noopener\">S&rsquo;incrire<\/a><\/p>\n<p class=\" wall-content\">Au final, le tribunal l\u2019a condamn\u00e9 \u00e0 six mois de prison ferme, \u00e0 la r\u00e9vocation d\u2019un pr\u00e9c\u00e9dent sursis de six mois, soit un an de prison am\u00e9nag\u00e9 sous le r\u00e9gime du bracelet \u00e9lectronique. \u00ab\u2009Mais c\u2019est la derni\u00e8re fois qu\u2019il y a cet am\u00e9nagement\u2009\u00bb, a tanc\u00e9 le pr\u00e9sident, assurant qu\u2019en cas de non-respect, <strong>ce sera in\u00e9vitablement la case prison.<\/strong><\/p>\n<p class=\" wall-content\">*Les pr\u00e9noms ont \u00e9t\u00e9 chang\u00e9s<\/p>\n<p>Suivez l\u2019actualit\u00e9 de Rouen sur notre <a href=\"https:\/\/www.whatsapp.com\/channel\/0029VaKfnf99hXF2ddApFB1D\" target=\"_blank\" rel=\"noopener\">cha\u00eene WhatsApp<\/a> et sur notre <a href=\"https:\/\/www.tiktok.com\/@76actu.fr?lang=fr\" target=\"_blank\" rel=\"noopener\">compte TikTok<\/a><\/p>\n<p class=\" wall-content\">Personnalisez votre actualit\u00e9 en ajoutant vos villes et m\u00e9dias en favori avec <a href=\"https:\/\/moncompte.actu.fr\" title=\"D\u00e9couvez Mon Actu\" rel=\"nofollow noopener\" data-trk=\"{&quot;cta&quot;:{&quot;action&quot;:&quot;https:\\\/\\\/moncompte.actu.fr&quot;,&quot;category&quot;:&quot;mon compte&quot;,&quot;from&quot;:&quot;article footer&quot;,&quot;name&quot;:&quot;Mon actu&quot;,&quot;type&quot;:&quot;cta&quot;}}\" target=\"_blank\">Mon Actu<\/a>.<\/p>\n<p>                    <script async src=\"\/\/www.tiktok.com\/embed.js\"><\/script><\/p>\n","protected":false},"excerpt":{"rendered":"Par Fabien Massin Publi\u00e9 le 14 oct. 2025 \u00e0 12h02 Mardi 7\u00a0octobre 2025, peu avant 22h \u00e0 D\u00e9ville-l\u00e8s-Rouen&hellip;\n","protected":false},"author":2,"featured_media":462181,"comment_status":"","ping_status":"","sticky":false,"template":"","format":"standard","meta":{"footnotes":""},"categories":[9587],"tags":[1111,11,1777,674,118,1011,27,303,12,5161,25,9590,13682,798],"class_list":{"0":"post-462180","1":"post","2":"type-post","3":"status-publish","4":"format-standard","5":"has-post-thumbnail","7":"category-rouen","8":"tag-actu","9":"tag-actualites","10":"tag-eu","11":"tag-europe","12":"tag-faits-divers","13":"tag-fr","14":"tag-france","15":"tag-justice","16":"tag-news","17":"tag-normandie","18":"tag-republique-francaise","19":"tag-rouen","20":"tag-tribunal-de-rouen","21":"tag-violences-conjugales"},"share_on_mastodon":{"url":"https:\/\/pubeurope.com\/@fr\/115372185688030647","error":""},"_links":{"self":[{"href":"https:\/\/www.europesays.com\/fr\/wp-json\/wp\/v2\/posts\/462180","targetHints":{"allow":["GET"]}}],"collection":[{"href":"https:\/\/www.europesays.com\/fr\/wp-json\/wp\/v2\/posts"}],"about":[{"href":"https:\/\/www.europesays.com\/fr\/wp-json\/wp\/v2\/types\/post"}],"author":[{"embeddable":true,"href":"https:\/\/www.europesays.com\/fr\/wp-json\/wp\/v2\/users\/2"}],"replies":[{"embeddable":true,"href":"https:\/\/www.europesays.com\/fr\/wp-json\/wp\/v2\/comments?post=462180"}],"version-history":[{"count":0,"href":"https:\/\/www.europesays.com\/fr\/wp-json\/wp\/v2\/posts\/462180\/revisions"}],"wp:featuredmedia":[{"embeddable":true,"href":"https:\/\/www.europesays.com\/fr\/wp-json\/wp\/v2\/media\/462181"}],"wp:attachment":[{"href":"https:\/\/www.europesays.com\/fr\/wp-json\/wp\/v2\/media?parent=462180"}],"wp:term":[{"taxonomy":"category","embeddable":true,"href":"https:\/\/www.europesays.com\/fr\/wp-json\/wp\/v2\/categories?post=462180"},{"taxonomy":"post_tag","embeddable":true,"href":"https:\/\/www.europesays.com\/fr\/wp-json\/wp\/v2\/tags?post=462180"}],"curies":[{"name":"wp","href":"https:\/\/api.w.org\/{rel}","templated":true}]}}