{"id":462182,"date":"2025-10-14T11:03:11","date_gmt":"2025-10-14T11:03:11","guid":{"rendered":"https:\/\/www.europesays.com\/fr\/462182\/"},"modified":"2025-10-14T11:03:11","modified_gmt":"2025-10-14T11:03:11","slug":"le-vc-rouen-76-recrute-un-directeur-sportif-actualite","status":"publish","type":"post","link":"https:\/\/www.europesays.com\/fr\/462182\/","title":{"rendered":"Le VC Rouen 76 recrute un directeur sportif &#8211; Actualit\u00e9"},"content":{"rendered":"<p style=\"text-align: justify;\">Le VC Rouen 76 renforce son staff pour la saison 2026. Le club normand a recrut\u00e9 comme directeur sportif S\u00e9bastien Havot, qui\u00a0\u00e9tait en poste ces\u00a0deux derni\u00e8res saisons \u00e0 Hexagone-Corbas Lyon M\u00e9tropole.<\/p>\n<p>S\u00e9bastien Havot, 29 ans,\u00a0conna\u00eet bien la structure <strong><a href=\"https:\/\/www.directvelo.com\/coureur\/9182\/sebastien-havot\" target=\"_blank\" rel=\"noopener\">puisqu&rsquo;il a \u00e9t\u00e9 coureur\u00a0au VC Rouen 76 en 2021 et 2022<\/a><\/strong>.\u00a0<\/p>\n<p>\u00c0 ce jour, la Conti F\u00e9d\u00e9rale normande compte\u00a0<strong><a href=\"https:\/\/www.directvelo.com\/equipe\/77\/vc-rouen-76\" target=\"_blank\" rel=\"noopener\">huit recrues pour la saison 2026<\/a><\/strong>.<\/p>\n","protected":false},"excerpt":{"rendered":"Le VC Rouen 76 renforce son staff pour la saison 2026. Le club normand a recrut\u00e9 comme directeur&hellip;\n","protected":false},"author":2,"featured_media":462183,"comment_status":"","ping_status":"","sticky":false,"template":"","format":"standard","meta":{"footnotes":""},"categories":[9587],"tags":[1111,11,834,828,836,829,837,827,83,826,824,823,207,814,817,815,816,822,821,1777,674,832,211,839,1011,27,820,818,819,12,5161,835,831,830,833,838,25,9590,212,208,825],"class_list":{"0":"post-462182","1":"post","2":"type-post","3":"status-publish","4":"format-standard","5":"has-post-thumbnail","7":"category-rouen","8":"tag-actu","9":"tag-actualites","10":"tag-attaque","11":"tag-belgique","12":"tag-braquet","13":"tag-bretagne","14":"tag-chute","15":"tag-competition","16":"tag-coupe-de-france","17":"tag-coureur","18":"tag-course-cyclisme","19":"tag-course-cycliste","20":"tag-cyclisme","21":"tag-direct","22":"tag-direct-velo","23":"tag-directvelo","24":"tag-directvelo-com","25":"tag-epreuve","26":"tag-epreuve-cycliste","27":"tag-eu","28":"tag-europe","29":"tag-federation-francaise-de-cyclisme","30":"tag-ffc","31":"tag-flandres","32":"tag-fr","33":"tag-france","34":"tag-live","35":"tag-live-course","36":"tag-live-epreuve","37":"tag-news","38":"tag-normandie","39":"tag-peloton","40":"tag-radio-peloton","41":"tag-radio-tour","42":"tag-ravitaillement","43":"tag-relance","44":"tag-republique-francaise","45":"tag-rouen","46":"tag-uci","47":"tag-velo","48":"tag-velos"},"share_on_mastodon":{"url":"","error":"Validation failed: Text character limit of 500 exceeded"},"_links":{"self":[{"href":"https:\/\/www.europesays.com\/fr\/wp-json\/wp\/v2\/posts\/462182","targetHints":{"allow":["GET"]}}],"collection":[{"href":"https:\/\/www.europesays.com\/fr\/wp-json\/wp\/v2\/posts"}],"about":[{"href":"https:\/\/www.europesays.com\/fr\/wp-json\/wp\/v2\/types\/post"}],"author":[{"embeddable":true,"href":"https:\/\/www.europesays.com\/fr\/wp-json\/wp\/v2\/users\/2"}],"replies":[{"embeddable":true,"href":"https:\/\/www.europesays.com\/fr\/wp-json\/wp\/v2\/comments?post=462182"}],"version-history":[{"count":0,"href":"https:\/\/www.europesays.com\/fr\/wp-json\/wp\/v2\/posts\/462182\/revisions"}],"wp:featuredmedia":[{"embeddable":true,"href":"https:\/\/www.europesays.com\/fr\/wp-json\/wp\/v2\/media\/462183"}],"wp:attachment":[{"href":"https:\/\/www.europesays.com\/fr\/wp-json\/wp\/v2\/media?parent=462182"}],"wp:term":[{"taxonomy":"category","embeddable":true,"href":"https:\/\/www.europesays.com\/fr\/wp-json\/wp\/v2\/categories?post=462182"},{"taxonomy":"post_tag","embeddable":true,"href":"https:\/\/www.europesays.com\/fr\/wp-json\/wp\/v2\/tags?post=462182"}],"curies":[{"name":"wp","href":"https:\/\/api.w.org\/{rel}","templated":true}]}}