{"id":462186,"date":"2025-10-14T11:05:13","date_gmt":"2025-10-14T11:05:13","guid":{"rendered":"https:\/\/www.europesays.com\/fr\/462186\/"},"modified":"2025-10-14T11:05:13","modified_gmt":"2025-10-14T11:05:13","slug":"accident-voiture-trottinette-un-jeune-homme-grievement-blesse-apres-une-terrible-chute","status":"publish","type":"post","link":"https:\/\/www.europesays.com\/fr\/462186\/","title":{"rendered":"accident voiture-trottinette, un jeune homme gri\u00e8vement bless\u00e9 apr\u00e8s une terrible chute"},"content":{"rendered":"<p>\t\t\t\t\t\t\t\t\t\t\t<img loading=\"lazy\" decoding=\"async\" width=\"1280\" title=\"Grenoble : accident voiture-trottinette, un jeune homme gri\u00e8vement bless\u00e9 apr\u00e8s une terrible chute\" class=\"img-fluid  mb-3\" src=\"https:\/\/grandgrenoble.alpes1.com\/media\/news\/grenoble-accident-voiture-trottinette-un-jeune-homme-grievement-blesse-apres-une-terrible-chute_68ee2b2c0a8cf.webp\" alt=\"Grenoble : accident voiture-trottinette, un jeune homme gri\u00e8vement bless\u00e9 apr\u00e8s une terrible chute\" itemprop=\"image\" height=\"720\"\/>\t\t\t\t\t\t\t\t\t\t\t\t<\/p>\n<p>Grenoble : accident voiture-trottinette, un jeune homme gri\u00e8vement bless\u00e9 apr\u00e8s une terrible chute &#8211; DR<\/p>\n<p itemprop=\"description\"><strong>Ce mardi matin, un accident s&rsquo;est produit dans des circonstances encore floues \u00e0 Grenoble.<\/strong><\/p>\n<p>Il \u00e9tait environ 10h lorsqu&rsquo;un automobiliste a percut\u00e9 frontalement un jeune homme \u00e0 trottinette sur l&rsquo;autopont de la rue Pierre-Semard au-dessus du cours Berriat.<\/p>\n<p>Le choc a \u00e9t\u00e9 tel que la victime a \u00e9t\u00e9 projet\u00e9e par dessus la barri\u00e8re, et a chut\u00e9 dans le vide, se retrouvant 3 m\u00e8tres en contrebas, le long de la voie de tramway.<\/p>\n<p>Les lieux \u00e9tant difficile d&rsquo;acc\u00e8s, les pompiers ont mis du temps \u00e0 acc\u00e9der au jeune homme gri\u00e8vement bless\u00e9. Ce dernier a finalement \u00e9t\u00e9 r\u00e9cup\u00e9r\u00e9 avant d&rsquo;\u00eatre hospitalis\u00e9 en urgence au CHU Grenoble Alpes.<\/p>\n<p>Une enqu\u00eate a \u00e9t\u00e9 ouverte.<\/p>\n","protected":false},"excerpt":{"rendered":"Grenoble : accident voiture-trottinette, un jeune homme gri\u00e8vement bless\u00e9 apr\u00e8s une terrible chute &#8211; DR Ce mardi matin,&hellip;\n","protected":false},"author":2,"featured_media":462187,"comment_status":"","ping_status":"","sticky":false,"template":"","format":"standard","meta":{"footnotes":""},"categories":[9566],"tags":[1111,11,7733,8279,2430,7736,650,7734,2889,2263,1777,674,1011,27,2731,8280,6417,1114,108,4662,12,3725,1825,25,7737],"class_list":{"0":"post-462186","1":"post","2":"type-post","3":"status-publish","4":"format-standard","5":"has-post-thumbnail","7":"category-grenoble","8":"tag-actu","9":"tag-actualites","10":"tag-alpes","11":"tag-alpes1","12":"tag-auvergne-rhone-alpes","13":"tag-cds","14":"tag-cinema","15":"tag-ecoute","16":"tag-emission","17":"tag-equipe","18":"tag-eu","19":"tag-europe","20":"tag-fr","21":"tag-france","22":"tag-grenoble","23":"tag-haute","24":"tag-information","25":"tag-infos","26":"tag-isere","27":"tag-journal","28":"tag-news","29":"tag-podcast","30":"tag-radio","31":"tag-republique-francaise","32":"tag-winamp"},"share_on_mastodon":{"url":"https:\/\/pubeurope.com\/@fr\/115372197881336207","error":""},"_links":{"self":[{"href":"https:\/\/www.europesays.com\/fr\/wp-json\/wp\/v2\/posts\/462186","targetHints":{"allow":["GET"]}}],"collection":[{"href":"https:\/\/www.europesays.com\/fr\/wp-json\/wp\/v2\/posts"}],"about":[{"href":"https:\/\/www.europesays.com\/fr\/wp-json\/wp\/v2\/types\/post"}],"author":[{"embeddable":true,"href":"https:\/\/www.europesays.com\/fr\/wp-json\/wp\/v2\/users\/2"}],"replies":[{"embeddable":true,"href":"https:\/\/www.europesays.com\/fr\/wp-json\/wp\/v2\/comments?post=462186"}],"version-history":[{"count":0,"href":"https:\/\/www.europesays.com\/fr\/wp-json\/wp\/v2\/posts\/462186\/revisions"}],"wp:featuredmedia":[{"embeddable":true,"href":"https:\/\/www.europesays.com\/fr\/wp-json\/wp\/v2\/media\/462187"}],"wp:attachment":[{"href":"https:\/\/www.europesays.com\/fr\/wp-json\/wp\/v2\/media?parent=462186"}],"wp:term":[{"taxonomy":"category","embeddable":true,"href":"https:\/\/www.europesays.com\/fr\/wp-json\/wp\/v2\/categories?post=462186"},{"taxonomy":"post_tag","embeddable":true,"href":"https:\/\/www.europesays.com\/fr\/wp-json\/wp\/v2\/tags?post=462186"}],"curies":[{"name":"wp","href":"https:\/\/api.w.org\/{rel}","templated":true}]}}