{"id":462190,"date":"2025-10-14T11:07:14","date_gmt":"2025-10-14T11:07:14","guid":{"rendered":"https:\/\/www.europesays.com\/fr\/462190\/"},"modified":"2025-10-14T11:07:14","modified_gmt":"2025-10-14T11:07:14","slug":"une-fusillade-eclate-pres-du-centre-alma-dans-la-nuit-a-rennes-une-personne-blessee","status":"publish","type":"post","link":"https:\/\/www.europesays.com\/fr\/462190\/","title":{"rendered":"Une fusillade \u00e9clate pr\u00e8s du centre Alma dans la nuit \u00e0 Rennes : une personne bless\u00e9e"},"content":{"rendered":"<p>Une nouvelle<a href=\"https:\/\/www.letelegramme.fr\/bretagne\/fusillades-dans-le-quartier-de-villejean-a-rennes-quatre-membres-du-clan-yoda-interpelles-a-marseille-6908577.php\" target=\"_blank\" rel=\"nofollow noopener\"> fusillade a \u00e9clat\u00e9 \u00e0 Rennes<\/a> ce lundi 13 octobre. Selon nos informations, vers 19 heures avenue du Canada pr\u00e8s du centre Alma, une voiture a ouvert le feu avec une arme lourde sur deux personnes en scooter. L\u2019une d\u2019elles a \u00e9t\u00e9 touch\u00e9e au pied et s\u2019est pr\u00e9sent\u00e9e \u00e0 l\u2019h\u00f4pital pour soigner sa blessure. Une enqu\u00eate est en cours et la victime ne souhaite pour le moment pas coop\u00e9rer avec les enqu\u00eateurs.<\/p>\n","protected":false},"excerpt":{"rendered":"Une nouvelle fusillade a \u00e9clat\u00e9 \u00e0 Rennes ce lundi 13 octobre. Selon nos informations, vers 19 heures avenue&hellip;\n","protected":false},"author":2,"featured_media":462191,"comment_status":"","ping_status":"","sticky":false,"template":"","format":"standard","meta":{"footnotes":""},"categories":[2821],"tags":[1111,11,829,765,1777,674,1011,27,848,12,584,25],"class_list":{"0":"post-462190","1":"post","2":"type-post","3":"status-publish","4":"format-standard","5":"has-post-thumbnail","7":"category-rennes","8":"tag-actu","9":"tag-actualites","10":"tag-bretagne","11":"tag-en-continu","12":"tag-eu","13":"tag-europe","14":"tag-fr","15":"tag-france","16":"tag-ille-et-vilaine","17":"tag-news","18":"tag-rennes","19":"tag-republique-francaise"},"share_on_mastodon":{"url":"https:\/\/pubeurope.com\/@fr\/115372205454001198","error":""},"_links":{"self":[{"href":"https:\/\/www.europesays.com\/fr\/wp-json\/wp\/v2\/posts\/462190","targetHints":{"allow":["GET"]}}],"collection":[{"href":"https:\/\/www.europesays.com\/fr\/wp-json\/wp\/v2\/posts"}],"about":[{"href":"https:\/\/www.europesays.com\/fr\/wp-json\/wp\/v2\/types\/post"}],"author":[{"embeddable":true,"href":"https:\/\/www.europesays.com\/fr\/wp-json\/wp\/v2\/users\/2"}],"replies":[{"embeddable":true,"href":"https:\/\/www.europesays.com\/fr\/wp-json\/wp\/v2\/comments?post=462190"}],"version-history":[{"count":0,"href":"https:\/\/www.europesays.com\/fr\/wp-json\/wp\/v2\/posts\/462190\/revisions"}],"wp:featuredmedia":[{"embeddable":true,"href":"https:\/\/www.europesays.com\/fr\/wp-json\/wp\/v2\/media\/462191"}],"wp:attachment":[{"href":"https:\/\/www.europesays.com\/fr\/wp-json\/wp\/v2\/media?parent=462190"}],"wp:term":[{"taxonomy":"category","embeddable":true,"href":"https:\/\/www.europesays.com\/fr\/wp-json\/wp\/v2\/categories?post=462190"},{"taxonomy":"post_tag","embeddable":true,"href":"https:\/\/www.europesays.com\/fr\/wp-json\/wp\/v2\/tags?post=462190"}],"curies":[{"name":"wp","href":"https:\/\/api.w.org\/{rel}","templated":true}]}}