{"id":462194,"date":"2025-10-14T11:09:25","date_gmt":"2025-10-14T11:09:25","guid":{"rendered":"https:\/\/www.europesays.com\/fr\/462194\/"},"modified":"2025-10-14T11:09:25","modified_gmt":"2025-10-14T11:09:25","slug":"poesie-a-la-choucrouterie-de-strasbourg-pasolini-weckmann-cest-ma-langue","status":"publish","type":"post","link":"https:\/\/www.europesays.com\/fr\/462194\/","title":{"rendered":"Po\u00e9sie. \u00c0 la Choucrouterie de Strasbourg, Pasolini-Weckmann, \u00ab\u00a0c\u2019est ma langue\u00a0\u00bb"},"content":{"rendered":"<p>De l\u2019Alsacien Andr\u00e9 Weckmann \u00e0 l\u2019Italien Pier Paolo Pasolini demeure une semblable croyance en la puissance de la po\u00e9sie, des mots, de la langue. De leur r\u00e9sistance face aux trag\u00e9dies. Tous deux avaient vingt ans quand l\u2019Europe \u00e9tait sous le joug du fascisme et du nazisme. De leur pouvoir critique face \u00e0 l\u2019av\u00e8nement de la soci\u00e9t\u00e9 de consommation d\u00e8s les ann\u00e9es 60.<\/p>\n<p>Ils \u00e9taient contemporains et porteurs d\u2019une langue d\u2019h\u00e9ritage singuli\u00e8re. L\u2019alsacien pour l\u2019un et le frioulan, pour l\u2019autre. Des langues maternelles qui se sont oppos\u00e9es fermement \u00e0 l\u2019imp\u00e9rialisme du sens.<\/p>\n<p>Quelle belle id\u00e9e que de r\u00e9unir et relier leurs trajectoires. \u00c0 la Choucrouterie de Strasbourg, les com\u00e9diens B\u00e9n\u00e9dicte Keck, Aline Martin, Cristiano Nocera et Alexandre Sigrist sur des musiques jou\u00e9es au piano par Anne-Catherine Kaiser redonnent vie \u00e0 leur langue. Car si la po\u00e9sie est \u00ab\u00a0main tendue\u00a0\u00bb, selon Paul Celan, celles de Pasolini et de Weckmann r\u00e9sistent aux convenances, aux discours dominants. Et continuent encore aujourd\u2019hui, \u00e0 nous surprendre. Et peut-\u00eatre nous donner confiance en l\u2019avenir.<\/p>\n<p class=\"note\">Lecture-musicale ce mercredi 15\u00a0octobre \u00e0 20\u00a0h\u00a030 \u00e0 la Choucrouterie, \u00e0 Strasbourg. Gratuit sans r\u00e9servation. www.theatredelachouc.com<\/p>\n","protected":false},"excerpt":{"rendered":"De l\u2019Alsacien Andr\u00e9 Weckmann \u00e0 l\u2019Italien Pier Paolo Pasolini demeure une semblable croyance en la puissance de la&hellip;\n","protected":false},"author":2,"featured_media":462195,"comment_status":"","ping_status":"","sticky":false,"template":"","format":"standard","meta":{"footnotes":""},"categories":[2820],"tags":[1111,11,2389,1687,2880,1777,674,107,1011,27,775,2410,12,25,640,2879],"class_list":{"0":"post-462194","1":"post","2":"type-post","3":"status-publish","4":"format-standard","5":"has-post-thumbnail","7":"category-strasbourg","8":"tag-actu","9":"tag-actualites","10":"tag-alsace","11":"tag-culture-loisirs","12":"tag-edition-strasbourg","13":"tag-eu","14":"tag-europe","15":"tag-fil-info","16":"tag-fr","17":"tag-france","18":"tag-grand-est","19":"tag-livres-bd","20":"tag-news","21":"tag-republique-francaise","22":"tag-strasbourg","23":"tag-strasbourg-ville"},"share_on_mastodon":{"url":"https:\/\/pubeurope.com\/@fr\/115372213159291771","error":""},"_links":{"self":[{"href":"https:\/\/www.europesays.com\/fr\/wp-json\/wp\/v2\/posts\/462194","targetHints":{"allow":["GET"]}}],"collection":[{"href":"https:\/\/www.europesays.com\/fr\/wp-json\/wp\/v2\/posts"}],"about":[{"href":"https:\/\/www.europesays.com\/fr\/wp-json\/wp\/v2\/types\/post"}],"author":[{"embeddable":true,"href":"https:\/\/www.europesays.com\/fr\/wp-json\/wp\/v2\/users\/2"}],"replies":[{"embeddable":true,"href":"https:\/\/www.europesays.com\/fr\/wp-json\/wp\/v2\/comments?post=462194"}],"version-history":[{"count":0,"href":"https:\/\/www.europesays.com\/fr\/wp-json\/wp\/v2\/posts\/462194\/revisions"}],"wp:featuredmedia":[{"embeddable":true,"href":"https:\/\/www.europesays.com\/fr\/wp-json\/wp\/v2\/media\/462195"}],"wp:attachment":[{"href":"https:\/\/www.europesays.com\/fr\/wp-json\/wp\/v2\/media?parent=462194"}],"wp:term":[{"taxonomy":"category","embeddable":true,"href":"https:\/\/www.europesays.com\/fr\/wp-json\/wp\/v2\/categories?post=462194"},{"taxonomy":"post_tag","embeddable":true,"href":"https:\/\/www.europesays.com\/fr\/wp-json\/wp\/v2\/tags?post=462194"}],"curies":[{"name":"wp","href":"https:\/\/api.w.org\/{rel}","templated":true}]}}