{"id":462205,"date":"2025-10-14T11:15:28","date_gmt":"2025-10-14T11:15:28","guid":{"rendered":"https:\/\/www.europesays.com\/fr\/462205\/"},"modified":"2025-10-14T11:15:28","modified_gmt":"2025-10-14T11:15:28","slug":"bordeaux-vendee-foot-club-vers-la-plus-grosse-affluence-de-la-saison-au-stade-atlantique","status":"publish","type":"post","link":"https:\/\/www.europesays.com\/fr\/462205\/","title":{"rendered":"Bordeaux-Vend\u00e9e Foot Club : vers la plus grosse affluence de la saison au Stade Atlantique"},"content":{"rendered":"<p><img decoding=\"async\" src=\"https:\/\/www.europesays.com\/fr\/wp-content\/uploads\/2025\/07\/671_87e089ecdf173d669708790ff66226ba.jpg\" alt=\"Bordeaux-Vend\u00e9e Foot Club : vers la plus grosse affluence de la saison au Stade Atlantique\" class=\"img-responsive mt-3\"\/><\/p>\n<p class=\"text-center mb-3\" style=\"font-size: 14px\">\u00a9 Iconsport<\/p>\n<p>      <strong>Bordeaux &#8211; La Roche VF : une affluence record attendue au Stade Atlantique<\/strong><\/p>\n<p style=\"text-align: justify;\">Les Girondins de Bordeaux devraient battre leur record d\u2019affluence ce samedi soir \u00e0 l\u2019occasion du choc face au Vend\u00e9e Foot Club La Roche-sur-Yon, leader du groupe A de National 2.<\/p>\n<p style=\"text-align: justify;\">Selon Sud Ouest, 11 000 billets ont d\u00e9j\u00e0 \u00e9t\u00e9 \u00e9coul\u00e9s, en comptant les 6 500 abonn\u00e9s. Le club s\u2019attend \u00e0 accueillir pr\u00e8s de 12 000 spectateurs au Stade Atlantique, soit la plus forte affluence de la saison.<\/p>\n<p style=\"text-align: justify;\">Jusqu\u2019ici, le record datait du 20 septembre, lors de la r\u00e9ception d\u2019Angoul\u00eame, avec 10 892 spectateurs. La moyenne depuis le d\u00e9but de saison s\u2019\u00e9l\u00e8ve \u00e0 9 983 (abonn\u00e9s inclus, pr\u00e9sents ou non).<\/p>\n<p><strong>Un match crucial pour les ambitions bordelaises<\/strong><\/p>\n<p style=\"text-align: justify;\">Avec cinq points de retard sur le leader vend\u00e9en, les Girondins n\u2019ont pas le droit \u00e0 l\u2019erreur. Une victoire relancerait pleinement les ambitions du club, qui vise la mont\u00e9e en National 1 cette saison.<\/p>\n<p style=\"text-align: justify;\">Le public bordelais, toujours fid\u00e8le malgr\u00e9 la descente, pourrait jouer un r\u00f4le important dans cette affiche d\u00e9cisive de National 2.<\/p>\n<p style=\"text-align: justify;\">\u00c0 lire &gt;&gt; <strong><a href=\"https:\/\/www.webgirondins.com\/actualite-girondins-mercato-vital-nsimba-ex-girondins-rebondit-en-ligue-2-il-va-s-engager-avec-clermont-foot-130784\" target=\"_blank\" rel=\"noopener\">Vital Nsimba (Ex-Girondins) rebondit en Ligue 2, il va s\u2019engager avec Clermont Foot<\/a><\/strong><\/p>\n<p style=\"text-align: justify;\"><strong>\u00a0<\/strong><\/p>\n<p>Notre podcast court \u00e0 \u00e9couter sur l&rsquo;actu des Girondins : <\/p>\n","protected":false},"excerpt":{"rendered":"\u00a9 Iconsport Bordeaux &#8211; La Roche VF : une affluence record attendue au Stade Atlantique Les Girondins de&hellip;\n","protected":false},"author":2,"featured_media":284333,"comment_status":"","ping_status":"","sticky":false,"template":"","format":"standard","meta":{"footnotes":""},"categories":[2817],"tags":[1111,11,20919,19557,2865,1997,5244,13413,1777,674,2257,1011,27,1987,19675,6079,3238,12,2219,378,58659,47319,3241,25,6689,3242,2858,2546,13703],"class_list":{"0":"post-462205","1":"post","2":"type-post","3":"status-publish","4":"format-standard","5":"has-post-thumbnail","7":"category-bordeaux","8":"tag-actu","9":"tag-actualites","10":"tag-affluence","11":"tag-appretent","12":"tag-atlantique","13":"tag-bordeaux","14":"tag-club","15":"tag-devant","16":"tag-eu","17":"tag-europe","18":"tag-foot","19":"tag-fr","20":"tag-france","21":"tag-girondins","22":"tag-grosse","23":"tag-leader","24":"tag-national","25":"tag-news","26":"tag-nouvelle-aquitaine","27":"tag-plus","28":"tag-qsamedi","29":"tag-recevoir","30":"tag-record","31":"tag-republique-francaise","32":"tag-roche","33":"tag-saison","34":"tag-stade","35":"tag-vendee","36":"tag-vers"},"share_on_mastodon":{"url":"https:\/\/pubeurope.com\/@fr\/115372237465016777","error":""},"_links":{"self":[{"href":"https:\/\/www.europesays.com\/fr\/wp-json\/wp\/v2\/posts\/462205","targetHints":{"allow":["GET"]}}],"collection":[{"href":"https:\/\/www.europesays.com\/fr\/wp-json\/wp\/v2\/posts"}],"about":[{"href":"https:\/\/www.europesays.com\/fr\/wp-json\/wp\/v2\/types\/post"}],"author":[{"embeddable":true,"href":"https:\/\/www.europesays.com\/fr\/wp-json\/wp\/v2\/users\/2"}],"replies":[{"embeddable":true,"href":"https:\/\/www.europesays.com\/fr\/wp-json\/wp\/v2\/comments?post=462205"}],"version-history":[{"count":0,"href":"https:\/\/www.europesays.com\/fr\/wp-json\/wp\/v2\/posts\/462205\/revisions"}],"wp:featuredmedia":[{"embeddable":true,"href":"https:\/\/www.europesays.com\/fr\/wp-json\/wp\/v2\/media\/284333"}],"wp:attachment":[{"href":"https:\/\/www.europesays.com\/fr\/wp-json\/wp\/v2\/media?parent=462205"}],"wp:term":[{"taxonomy":"category","embeddable":true,"href":"https:\/\/www.europesays.com\/fr\/wp-json\/wp\/v2\/categories?post=462205"},{"taxonomy":"post_tag","embeddable":true,"href":"https:\/\/www.europesays.com\/fr\/wp-json\/wp\/v2\/tags?post=462205"}],"curies":[{"name":"wp","href":"https:\/\/api.w.org\/{rel}","templated":true}]}}