{"id":462208,"date":"2025-10-14T11:17:11","date_gmt":"2025-10-14T11:17:11","guid":{"rendered":"https:\/\/www.europesays.com\/fr\/462208\/"},"modified":"2025-10-14T11:17:11","modified_gmt":"2025-10-14T11:17:11","slug":"info-actu-toulouse-des-coups-de-feu-tires-un-chargeur-de-mitraillette-et-une-arme-automatique-retrouves","status":"publish","type":"post","link":"https:\/\/www.europesays.com\/fr\/462208\/","title":{"rendered":"INFO ACTU TOULOUSE. Des coups de feu tir\u00e9s, un chargeur de mitraillette et une arme automatique retrouv\u00e9s"},"content":{"rendered":"<p>            Par<br \/>\n        <strong><br \/>\n            <a href=\"https:\/\/actu.fr\/auteur\/lucie-2\" title=\"Consulter tous les articles de Lucie Fraisse\" target=\"_blank\" rel=\"noopener\">Lucie Fraisse<\/a><br \/>\n        <\/strong><\/p>\n<p>        Publi\u00e9 le<\/p>\n<p>            14 oct. 2025 \u00e0 12h17        <\/p>\n<p>C\u2019est apr\u00e8s un <strong>appel du 17<\/strong> que les policiers se sont rendus <strong>avenue de Fronton<\/strong>, mardi 14 octobre 2025, vers 1 heure du matin : des <strong>coups de feu<\/strong> venaient de r\u00e9sonner dans la nuit, \u00e0 <strong><a href=\"https:\/\/actu.fr\/toulouse\/dernieres-actus\" target=\"_blank\" rel=\"noopener\">Toulouse<\/a><\/strong>.<\/p>\n<p>    <a href=\"https:\/\/www.google.com\/maps\/embed?pb=!1m18!1m12!1m3!1d5774.12834842715!2d1.4305534746640571!3d43.64683315284487!2m3!1f0!2f0!3f0!3m2!1i1024!2i768!4f13.1!3m3!1m2!1s0x12aea4bd7251846f%3A0xec941f3d67354028!2sAv.%20de%20Fronton%2C%20Toulouse!5e0!3m2!1sfr!2sfr!4v1760432816971!5m2!1sfr!2sfr\" title=\"Ouvrie le lien\" target=\"_blank\" rel=\"noopener\">Cliquez ici pour visualiser le contenu<\/a><\/p>\n<p>Un homme \u00e0 deux-roues en fuite<\/p>\n<p class=\" wall-content\">Une fois sur place, les policiers ne remarquent rien de suspect. Ils \u00e9largissent alors leur secteur de recherches et tombent sur <strong>homme sur un deux roues<\/strong> qui, \u00e0 leur vue, <strong>prend la fuite.<\/strong><\/p>\n<p class=\" wall-content\">Les policiers le prennent en chasse et retrouvent le v\u00e9hicule au sol un peu plus loin, toujours allum\u00e9. \u00c0 c\u00f4t\u00e9 du scooter, ils tombent sur un <strong>chargeur de mitraillette<\/strong>, un sac avec diverses affaires et une paire de gants dans le coffre du v\u00e9hicule.<\/p>\n<p class=\" wall-content\">Plus loin, les forces de l\u2019ordre trouvent un autre sac derri\u00e8re un portail : \u00e0 l\u2019int\u00e9rieur, des v\u00eatements et <strong>une arme \u00e0 feu automatique<\/strong>.\u00a0<\/p>\n<p>Un homme interpell\u00e9<\/p>\n<p class=\" wall-content\">Alors qu\u2019ils font leurs constatations, les policiers remarquent un homme qui r\u00f4de aux alentours. Ils constatent que<strong> ses v\u00eatements sont sales et d\u00e9chir\u00e9s<\/strong> et qu\u2019il a <strong>une l\u00e9sion<\/strong> au niveau de la cuisse.<\/p>\n<p class=\" wall-content\">Des indices qui ont fait penser aux forces de l\u2019ordre que l\u2019homme \u00e9tait impliqu\u00e9 dans cette affaire de coups de feu ? Il a \u00e9t\u00e9 en tout cas <strong>interpell\u00e9<\/strong> et plac\u00e9 en garde \u00e0 vue.<\/p>\n<p class=\" wall-content\">Personnalisez votre actualit\u00e9 en ajoutant vos villes et m\u00e9dias en favori avec <a href=\"https:\/\/moncompte.actu.fr\" title=\"D\u00e9couvez Mon Actu\" rel=\"nofollow noopener\" data-trk=\"{&quot;cta&quot;:{&quot;action&quot;:&quot;https:\\\/\\\/moncompte.actu.fr&quot;,&quot;category&quot;:&quot;mon compte&quot;,&quot;from&quot;:&quot;article footer&quot;,&quot;name&quot;:&quot;Mon actu&quot;,&quot;type&quot;:&quot;cta&quot;}}\" target=\"_blank\">Mon Actu<\/a>.<\/p>\n","protected":false},"excerpt":{"rendered":"Par Lucie Fraisse Publi\u00e9 le 14 oct. 2025 \u00e0 12h17 C\u2019est apr\u00e8s un appel du 17 que les&hellip;\n","protected":false},"author":2,"featured_media":452990,"comment_status":"","ping_status":"","sticky":false,"template":"","format":"standard","meta":{"footnotes":""},"categories":[2816],"tags":[1111,11,1777,674,118,1011,27,12,2680,1072,25,2312],"class_list":{"0":"post-462208","1":"post","2":"type-post","3":"status-publish","4":"format-standard","5":"has-post-thumbnail","7":"category-toulouse","8":"tag-actu","9":"tag-actualites","10":"tag-eu","11":"tag-europe","12":"tag-faits-divers","13":"tag-fr","14":"tag-france","15":"tag-news","16":"tag-occitanie","17":"tag-police","18":"tag-republique-francaise","19":"tag-toulouse"},"share_on_mastodon":{"url":"https:\/\/pubeurope.com\/@fr\/115372244625310800","error":""},"_links":{"self":[{"href":"https:\/\/www.europesays.com\/fr\/wp-json\/wp\/v2\/posts\/462208","targetHints":{"allow":["GET"]}}],"collection":[{"href":"https:\/\/www.europesays.com\/fr\/wp-json\/wp\/v2\/posts"}],"about":[{"href":"https:\/\/www.europesays.com\/fr\/wp-json\/wp\/v2\/types\/post"}],"author":[{"embeddable":true,"href":"https:\/\/www.europesays.com\/fr\/wp-json\/wp\/v2\/users\/2"}],"replies":[{"embeddable":true,"href":"https:\/\/www.europesays.com\/fr\/wp-json\/wp\/v2\/comments?post=462208"}],"version-history":[{"count":0,"href":"https:\/\/www.europesays.com\/fr\/wp-json\/wp\/v2\/posts\/462208\/revisions"}],"wp:featuredmedia":[{"embeddable":true,"href":"https:\/\/www.europesays.com\/fr\/wp-json\/wp\/v2\/media\/452990"}],"wp:attachment":[{"href":"https:\/\/www.europesays.com\/fr\/wp-json\/wp\/v2\/media?parent=462208"}],"wp:term":[{"taxonomy":"category","embeddable":true,"href":"https:\/\/www.europesays.com\/fr\/wp-json\/wp\/v2\/categories?post=462208"},{"taxonomy":"post_tag","embeddable":true,"href":"https:\/\/www.europesays.com\/fr\/wp-json\/wp\/v2\/tags?post=462208"}],"curies":[{"name":"wp","href":"https:\/\/api.w.org\/{rel}","templated":true}]}}