{"id":462215,"date":"2025-10-14T11:21:13","date_gmt":"2025-10-14T11:21:13","guid":{"rendered":"https:\/\/www.europesays.com\/fr\/462215\/"},"modified":"2025-10-14T11:21:13","modified_gmt":"2025-10-14T11:21:13","slug":"port-de-marseille-fos-nathalie-bakhache-nommee-secretaire-generale","status":"publish","type":"post","link":"https:\/\/www.europesays.com\/fr\/462215\/","title":{"rendered":"Port de Marseille &#8211; Fos : Nathalie Bakhache nomm\u00e9e secr\u00e9taire g\u00e9n\u00e9rale"},"content":{"rendered":"<p>\t\t\t\t\t Le Port de Marseille &#8211; Fos annonce l\u2019arriv\u00e9e de <a class=\"liens\" href=\"https:\/\/www.linkedin.com\/in\/nathalie-bakhache-0769b02\/?originalSubdomain=fr\" target=\"_blank\" rel=\"noopener\">Nathalie Bakhache<\/a> au poste de secr\u00e9taire g\u00e9n\u00e9rale depuis le 1er octobre 2025.<\/p>\n<p>Dipl\u00f4m\u00e9e de Sciences Po et de l\u2019ENA, Nathalie Bakhache poss\u00e8de plus de 15 ann\u00e9es d\u2019exp\u00e9rience dans la haute fonction publique et l\u2019industrie. Elle a exerc\u00e9 des fonctions de direction sur le terrain en pr\u00e9fectures, dans l&rsquo;Hexagone et en outre-mer, \u00e0 la pr\u00e9fecture de police de Paris, en minist\u00e8res et en cabinet minist\u00e9riel, o\u00f9 elle a pilot\u00e9 des missions de modernisation, de gestion de crise et de transformation strat\u00e9gique. &#13;\t\t\t\t\t <\/p>\n<p>Avant de rejoindre le Port, elle occupait le poste de secr\u00e9taire g\u00e9n\u00e9rale de la Soci\u00e9t\u00e9 Le Nickel \u2013 SLN (Mines et m\u00e9tallurgie, groupe Eramet) \u00e0 Noum\u00e9a. Elle est \u00e9galement r\u00e9serviste op\u00e9rationnelle pour la Marine nationale, avec le grade d\u2019enseigne de vaisseau de 1\u00e8re classe.\n\t\t\t\t <\/p>\n","protected":false},"excerpt":{"rendered":"Le Port de Marseille &#8211; Fos annonce l\u2019arriv\u00e9e de Nathalie Bakhache au poste de secr\u00e9taire g\u00e9n\u00e9rale depuis le&hellip;\n","protected":false},"author":2,"featured_media":462216,"comment_status":"","ping_status":"","sticky":false,"template":"","format":"standard","meta":{"footnotes":""},"categories":[2814],"tags":[1111,11,6421,2408,2105,1777,674,1011,27,6417,4662,884,3754,12,6422,882,25,6419,6420,602,6418],"class_list":{"0":"post-462215","1":"post","2":"type-post","3":"status-publish","4":"format-standard","5":"has-post-thumbnail","7":"category-marseille","8":"tag-actu","9":"tag-actualites","10":"tag-agences-de-voyage","11":"tag-appels-d","12":"tag-distribution","13":"tag-eu","14":"tag-europe","15":"tag-fr","16":"tag-france","17":"tag-information","18":"tag-journal","19":"tag-marseille","20":"tag-media","21":"tag-news","22":"tag-place-de-marche","23":"tag-provence-alpes-cote-dazur","24":"tag-republique-francaise","25":"tag-tour-operateurs","26":"tag-tour-operators","27":"tag-tourisme","28":"tag-voyagistes"},"share_on_mastodon":{"url":"https:\/\/pubeurope.com\/@fr\/115372260319226100","error":""},"_links":{"self":[{"href":"https:\/\/www.europesays.com\/fr\/wp-json\/wp\/v2\/posts\/462215","targetHints":{"allow":["GET"]}}],"collection":[{"href":"https:\/\/www.europesays.com\/fr\/wp-json\/wp\/v2\/posts"}],"about":[{"href":"https:\/\/www.europesays.com\/fr\/wp-json\/wp\/v2\/types\/post"}],"author":[{"embeddable":true,"href":"https:\/\/www.europesays.com\/fr\/wp-json\/wp\/v2\/users\/2"}],"replies":[{"embeddable":true,"href":"https:\/\/www.europesays.com\/fr\/wp-json\/wp\/v2\/comments?post=462215"}],"version-history":[{"count":0,"href":"https:\/\/www.europesays.com\/fr\/wp-json\/wp\/v2\/posts\/462215\/revisions"}],"wp:featuredmedia":[{"embeddable":true,"href":"https:\/\/www.europesays.com\/fr\/wp-json\/wp\/v2\/media\/462216"}],"wp:attachment":[{"href":"https:\/\/www.europesays.com\/fr\/wp-json\/wp\/v2\/media?parent=462215"}],"wp:term":[{"taxonomy":"category","embeddable":true,"href":"https:\/\/www.europesays.com\/fr\/wp-json\/wp\/v2\/categories?post=462215"},{"taxonomy":"post_tag","embeddable":true,"href":"https:\/\/www.europesays.com\/fr\/wp-json\/wp\/v2\/tags?post=462215"}],"curies":[{"name":"wp","href":"https:\/\/api.w.org\/{rel}","templated":true}]}}