{"id":462217,"date":"2025-10-14T11:22:13","date_gmt":"2025-10-14T11:22:13","guid":{"rendered":"https:\/\/www.europesays.com\/fr\/462217\/"},"modified":"2025-10-14T11:22:13","modified_gmt":"2025-10-14T11:22:13","slug":"video-pres-de-lyon-un-gros-incendie-en-cours-800-personnes-evacuees","status":"publish","type":"post","link":"https:\/\/www.europesays.com\/fr\/462217\/","title":{"rendered":"VID\u00c9O &#8211; Pr\u00e8s de Lyon : un gros incendie en cours, 800 personnes \u00e9vacu\u00e9es"},"content":{"rendered":"<p>Un important incendie s&rsquo;est d\u00e9clar\u00e9 ce mardi 14 octobre \u00e0 Villefranche-sur-Sa\u00f4ne. Survenu dans un b\u00e2timent industriel, le feu a provoqu\u00e9 un \u00e9norme panache de fum\u00e9e. Les pompiers sont sur place.<\/p>\n<p>Mise \u00e0 jour \u00e0 13h10<\/p>\n<p>D&rsquo;apr\u00e8s les informations r\u00e9colt\u00e9es sur place, il est interdit de circuler dans les environ du b\u00e2timent industriel touch\u00e9 par l&rsquo;incendie. Les fum\u00e9es sont toxiques, les policiers portent des masques dans le p\u00e9rim\u00e8tre de s\u00e9curit\u00e9.<\/p>\n<p>L&rsquo;usine victime de l&rsquo;incendie serait une usine qui traite des produits plastiques. Selon la police, l&rsquo;incendie se serait propag\u00e9 \u00e0 des boutiques de la zone commerciale.<\/p>\n<p>Mise \u00e0 jour \u00e0 12h20<\/p>\n<p>Selon les derniers \u00e9l\u00e9ments communiqu\u00e9s par la pr\u00e9fecture du Rh\u00f4ne, <b>87 pompiers et 37 engins<\/b> sont d\u00e9sormais engag\u00e9s sur l&rsquo;incendie survenu ce mardi matin dans un b\u00e2timent industriel de <b>Villefranche-sur-Sa\u00f4ne<\/b>, rue Jean-Chazy.<\/p>\n<p><b>800 personnes<\/b> ont par ailleurs \u00e9t\u00e9 <b>\u00e9vacu\u00e9es<\/b> de l&rsquo;entreprise impact\u00e9e et de celles situ\u00e9es \u00e0 proximit\u00e9, alors que <b>six \u00e9coles<\/b> et un \u00e9tablissement d&rsquo;accueil de la petite enfance sont <b>confin\u00e9s<\/b>.\u00a0<\/p>\n<p>Article initial \u00e0 11h40\u00a0<\/p>\n<p>Un gros <b>incendie<\/b> est en cours ce mardi \u00e0 <b>Villefranche-sur-Sa\u00f4ne<\/b>. Le feu s&rsquo;est d\u00e9clar\u00e9 en fin de matin\u00e9e dans un b\u00e2timent industriel, rue Jean-Chazy.\u00a0<\/p>\n<p>Selon la <b>pr\u00e9fecture du Rh\u00f4ne<\/b>, c&rsquo;est un site d\u00e9di\u00e9 \u00e0 la <b>fabrication d&rsquo;\u00e9quipements automobiles<\/b> qui a \u00e9t\u00e9 touch\u00e9 par les flammes. Un incendie qui a provoqu\u00e9 un immense panache de fum\u00e9e.\u00a0<\/p>\n<p>72 pompiers et 20 policiers<\/p>\n<p><b>72 pompiers<\/b> venus de plusieurs casernes du d\u00e9partement sont sur place, en plus de <b>20 policiers<\/b>.<\/p>\n<p>La ville de Villefranche-sur-Sa\u00f4ne invite \u00e0 <b>\u00e9viter le secteur<\/b> afin de faciliter l&rsquo;intervention des secours.\u00a0<\/p>\n<p><img loading=\"lazy\" decoding=\"async\" src=\"https:\/\/www.europesays.com\/fr\/wp-content\/uploads\/2025\/10\/1760440933_166_img\" width=\"350\" height=\"200\" border=\"0\" title=\"Un camion de pompiers\"\/><\/p>\n<p>\u25baFaits divers<\/p>\n<p style=\"font-size: 22px;\"><b>Auvergne-Rh\u00f4ne-Alpes : en civil, deux pompiers sauvent un homme d&rsquo;un arr\u00eat cardiaque<\/b><\/p>\n<p>Un homme d&rsquo;une soixantaine d&rsquo;ann\u00e9es a \u00e9t\u00e9 retrouv\u00e9&#8230;<\/p>\n<p><\/p>\n","protected":false},"excerpt":{"rendered":"Un important incendie s&rsquo;est d\u00e9clar\u00e9 ce mardi 14 octobre \u00e0 Villefranche-sur-Sa\u00f4ne. Survenu dans un b\u00e2timent industriel, le feu&hellip;\n","protected":false},"author":2,"featured_media":462218,"comment_status":"","ping_status":"","sticky":false,"template":"","format":"standard","meta":{"footnotes":""},"categories":[1889],"tags":[1111,11,2430,1777,674,1312,1011,27,1310,2428,12,6890,4775,11128,25,9844,58660],"class_list":{"0":"post-462217","1":"post","2":"type-post","3":"status-publish","4":"format-standard","5":"has-post-thumbnail","7":"category-lyon","8":"tag-actu","9":"tag-actualites","10":"tag-auvergne-rhone-alpes","11":"tag-eu","12":"tag-europe","13":"tag-feu","14":"tag-fr","15":"tag-france","16":"tag-incendie","17":"tag-lyon","18":"tag-news","19":"tag-policiers","20":"tag-pompier","21":"tag-prfecture","22":"tag-republique-francaise","23":"tag-rhne","24":"tag-vilelfranche-sur-sane"},"share_on_mastodon":{"url":"https:\/\/pubeurope.com\/@fr\/115372265162705000","error":""},"_links":{"self":[{"href":"https:\/\/www.europesays.com\/fr\/wp-json\/wp\/v2\/posts\/462217","targetHints":{"allow":["GET"]}}],"collection":[{"href":"https:\/\/www.europesays.com\/fr\/wp-json\/wp\/v2\/posts"}],"about":[{"href":"https:\/\/www.europesays.com\/fr\/wp-json\/wp\/v2\/types\/post"}],"author":[{"embeddable":true,"href":"https:\/\/www.europesays.com\/fr\/wp-json\/wp\/v2\/users\/2"}],"replies":[{"embeddable":true,"href":"https:\/\/www.europesays.com\/fr\/wp-json\/wp\/v2\/comments?post=462217"}],"version-history":[{"count":0,"href":"https:\/\/www.europesays.com\/fr\/wp-json\/wp\/v2\/posts\/462217\/revisions"}],"wp:featuredmedia":[{"embeddable":true,"href":"https:\/\/www.europesays.com\/fr\/wp-json\/wp\/v2\/media\/462218"}],"wp:attachment":[{"href":"https:\/\/www.europesays.com\/fr\/wp-json\/wp\/v2\/media?parent=462217"}],"wp:term":[{"taxonomy":"category","embeddable":true,"href":"https:\/\/www.europesays.com\/fr\/wp-json\/wp\/v2\/categories?post=462217"},{"taxonomy":"post_tag","embeddable":true,"href":"https:\/\/www.europesays.com\/fr\/wp-json\/wp\/v2\/tags?post=462217"}],"curies":[{"name":"wp","href":"https:\/\/api.w.org\/{rel}","templated":true}]}}